{"id":17578,"date":"2020-05-13T13:03:52","date_gmt":"2020-05-13T13:03:52","guid":{"rendered":"https:\/\/archivioturi.lavocedelpaese.info\/index.php\/2020\/05\/13\/inizia-la-fase-due-anche-per-la-microcriminalita\/"},"modified":"2020-05-13T13:03:52","modified_gmt":"2020-05-13T13:03:52","slug":"inizia-la-fase-due-anche-per-la-microcriminalita","status":"publish","type":"post","link":"https:\/\/archivioturi.lavocedelpaese.info\/index.php\/2020\/05\/13\/inizia-la-fase-due-anche-per-la-microcriminalita\/","title":{"rendered":"Inizia la \u201cfase due\u201d anche per la microcriminalit\u00e0"},"content":{"rendered":"<p><img loading=\"lazy\" decoding=\"async\" src=\"https:\/\/live.staticflickr.com\/65535\/49871533178_a8184dc2c0_n.jpg\" alt=\"carabinieri turi (2)\" width=\"320\" height=\"213\" \/><\/p>\n<p style=\"text-align: center;\"><strong>I Carabinieri intensificano i controlli del centro abitato e delle campagne<\/strong><\/p>\n<p style=\"text-align: justify;\">Da quando \u00e8 partita la \u201cfase due\u201d, i Carabinieri della Stazione di Turi hanno rafforzato le operazioni di monitoraggio del territorio, operando sempre con una doppia pattuglia. Oltre alle consuete verifiche sulle autocertificazioni necessarie per gli spostamenti, sono iniziati i controlli presso gli esercizi commerciali, al fine di accertare che siano stati adottati i dispositivi di sicurezza previsti per legge. In parallelo, si sta prestando particolare attenzione alle campagne turesi, che in questi giorni sono ritornate ad animarsi in vista dell\u2019inizio della stagione cerasicola.<\/p>\n<p style=\"text-align: justify;\">A queste attivit\u00e0 straordinarie, legate all\u2019emergenza sanitaria, si affianca la repressione della microcriminalit\u00e0, che pare aver timidamente rialzato la testa. Difatti, nella giornata di luned\u00ec 4 maggio, dopo mesi di tregua, si \u00e8 registrato un furto in appartamento. Ad essere presa di mira un&#8217;abitazione in via Noci, nelle vicinanze della Farmacia Lavarra. Le indagini sono in corso e non \u00e8 da escludere che si possa risalire all\u2019autore del reato attraverso i filmati dei sistemi di videosorveglianza privati presenti in zona.<\/p>\n<p style=\"text-align: justify;\">Sempre luned\u00ec, durante un servizio di pattugliamento, i Carabinieri hanno notato un&#8217;Audi Q3 che si aggirava nei paraggi del Banco di Napoli. L&#8217;atteggiamento sospetto degli occupanti del veicolo ha allertato i militari, che hanno deciso di sottoporre a controllo il veicolo. Tuttavia, comprese le intenzioni dei Carabinieri, i malintenzionati si sono dati alla fuga, riuscendo ad avere la meglio nell\u2019inseguimento che ne \u00e8 scaturito. Fallito il colpo a Turi, i malviventi ci hanno riprovato ad Acquaviva, prendendo d\u2019assalto un bancomat. Anche in questo caso, nonostante il tempestivo intervento dei militari di Acquaviva, i ladri sono riusciti a far perdere le proprie tracce.<\/p>\n<p style=\"text-align: right;\"><strong>FD<\/strong><\/p>\n","protected":false},"excerpt":{"rendered":"<p><img loading=\"lazy\" decoding=\"async\" src=\"https:\/\/live.staticflickr.com\/65535\/49871533178_a8184dc2c0_n.jpg\" alt=\"carabinieri turi (2)\" width=\"320\" height=\"213\" \/><\/p>\n","protected":false},"author":1,"featured_media":0,"comment_status":"open","ping_status":"closed","sticky":false,"template":"","format":"standard","meta":{"colormag_page_container_layout":"default_layout","colormag_page_sidebar_layout":"default_layout","footnotes":""},"categories":[8],"tags":[],"class_list":["post-17578","post","type-post","status-publish","format-standard","hentry","category-cronaca"],"_links":{"self":[{"href":"https:\/\/archivioturi.lavocedelpaese.info\/index.php\/wp-json\/wp\/v2\/posts\/17578","targetHints":{"allow":["GET"]}}],"collection":[{"href":"https:\/\/archivioturi.lavocedelpaese.info\/index.php\/wp-json\/wp\/v2\/posts"}],"about":[{"href":"https:\/\/archivioturi.lavocedelpaese.info\/index.php\/wp-json\/wp\/v2\/types\/post"}],"author":[{"embeddable":true,"href":"https:\/\/archivioturi.lavocedelpaese.info\/index.php\/wp-json\/wp\/v2\/users\/1"}],"replies":[{"embeddable":true,"href":"https:\/\/archivioturi.lavocedelpaese.info\/index.php\/wp-json\/wp\/v2\/comments?post=17578"}],"version-history":[{"count":0,"href":"https:\/\/archivioturi.lavocedelpaese.info\/index.php\/wp-json\/wp\/v2\/posts\/17578\/revisions"}],"wp:attachment":[{"href":"https:\/\/archivioturi.lavocedelpaese.info\/index.php\/wp-json\/wp\/v2\/media?parent=17578"}],"wp:term":[{"taxonomy":"category","embeddable":true,"href":"https:\/\/archivioturi.lavocedelpaese.info\/index.php\/wp-json\/wp\/v2\/categories?post=17578"},{"taxonomy":"post_tag","embeddable":true,"href":"https:\/\/archivioturi.lavocedelpaese.info\/index.php\/wp-json\/wp\/v2\/tags?post=17578"}],"curies":[{"name":"wp","href":"https:\/\/api.w.org\/{rel}","templated":true}]}}