{"id":17576,"date":"2020-05-13T06:34:36","date_gmt":"2020-05-13T06:34:36","guid":{"rendered":"https:\/\/archivioturi.lavocedelpaese.info\/index.php\/2020\/05\/13\/scatti-dal-futuro-e-per-il-futuro\/"},"modified":"2020-05-13T06:34:36","modified_gmt":"2020-05-13T06:34:36","slug":"scatti-dal-futuro-e-per-il-futuro","status":"publish","type":"post","link":"https:\/\/archivioturi.lavocedelpaese.info\/index.php\/2020\/05\/13\/scatti-dal-futuro-e-per-il-futuro\/","title":{"rendered":"Scatti dal futuro e per il futuro"},"content":{"rendered":"<p><img loading=\"lazy\" decoding=\"async\" src=\"https:\/\/live.staticflickr.com\/65535\/49872054721_84be7149d3_n.jpg\" alt=\"fase 2 - Fabio Zita (5)\" width=\"320\" height=\"226\" \/><\/p>\n<p style=\"text-align: center;\"><strong>L\u2019appello alla responsabilit\u00e0 e lo spiraglio di positivit\u00e0 <br \/>racchiusi in \u201cFase 2 anti-Covid\u201d di Fabio Zita<\/strong><\/p>\n<p><img loading=\"lazy\" decoding=\"async\" src=\"https:\/\/live.staticflickr.com\/65535\/49872054871_b91fbabb4f_n.jpg\" alt=\"Fabio Zita\" style=\"margin: 6px; float: right;\" width=\"214\" height=\"320\" \/><\/p>\n<p style=\"text-align: justify;\">Il 7 gennaio del 1839, Fran\u00e7ois Jean Dominique Arago, studioso e deputato francese, annuncia all\u2019Accademia di Francia l\u2019invenzione della \u201cdagherrotipia\u201d, dal nome di colui che per primo era riuscito a realizzarla, ovvero il pittore e decoratore teatrale Louis Mand\u00e9 Daguerre. Nasce cos\u00ec la fotografia che, in questa sua prima forma, era conosciuta come lo \u201cspecchio dotato di memoria\u201d.<\/p>\n<p style=\"text-align: justify;\">Con quest\u2019immagine vogliamo ricondurci all\u2019album fotografico \u201c4 maggio 2020: Fase 2 anti-Covid\u201d, realizzato lo scorso 25 aprile da Fabio Zita: grazie ad un \u201cespediente scenico\u201d, i suoi scatti hanno ribaltato la prospettiva, catturando \u2013 piuttosto che il presente \u2013 quello che sarebbe stato il futuro, ovvero il \u201cpost-4 maggio\u201d. Potremmo, dunque, dire che il nostro concittadino, con l\u2019obiettivo di sensibilizzare le coscienze, abbia esteso, attraverso il suo album, il concetto di \u201cspecchio dotato di memoria\u201d: osservando una delle sue foto \u201critraenti il futuro\u201d, siamo difatti noi a porci nel passato, a percepirci come la memoria delle fotografie stesse.<\/p>\n<p style=\"text-align: justify;\">Ad ogni modo, oggi, nel post-4 maggio, possiamo finalmente specchiarci, rifletterci in questi scatti, sperando che la memoria di ci\u00f2 che abbiamo attraversato possa condurci con buonsenso al futuro: a quel futuro, ancora una volta rubato al tempo dal nostro concittadino, rappresentato negli ultimi due scatti dell\u2019album in cui, finalmente, ci si tiene per mano e ci si abbraccia.<\/p>\n<p style=\"text-align: justify;\"><strong>LA PASSIONE PER LA FOTOGRAFIA<\/strong><\/p>\n<p style=\"text-align: justify;\"><strong>Prima di entrare nel merito del suo album fotografico, vorremmo chiederle come e quando \u00e8 nata la sua passione per la fotografia?<\/strong><\/p>\n<p><img loading=\"lazy\" decoding=\"async\" src=\"https:\/\/live.staticflickr.com\/65535\/49871523313_e5146d3296_n.jpg\" alt=\"fase 2 - Fabio Zita (1)\" style=\"margin: 6px; float: left;\" width=\"320\" height=\"226\" \/><\/p>\n<p style=\"text-align: justify;\">\u00abAmo la Storia, in particolare quella del XX secolo, e fin da piccolo sono stato attirato dalle foto che ne scandivano i momenti e le vicende, immagini che sono diventate iconiche e che hanno un grande significato e impatto visivo. Ho sempre pensato, per questo, che anche la fotografia rappresenti le radici del nostro passato e l\u2019eredit\u00e0 del nostro futuro. In seguito, quando ho cominciato a collaborare con il mensile locale \u201cilpaese\u201d, ormai pi\u00f9 di quindici anni fa, avevo bisogno di corredare il mio articolo con delle foto e ho iniziato con una digitale compatta. Fotografare ha iniziato a piacermi sempre pi\u00f9, sentivo l\u2019esigenza di avere maggiore qualit\u00e0 di riproduzione e ho acquistato una reflex (ora sono due), ho seguito un corso e fatto approfondimenti su libri di settore e adesso non posso farne pi\u00f9 a meno, le fotocamere sono sempre con me quando servono. Mi piace in particolare la fotografia di reportage, vedute e paesaggi, ritratti e street photography di eventi e manifestazioni del mio paese, \u00e8 storia da tramandare anche questa e in particolare penso ai tanti turesi residenti lontano, in Italia e all\u2019estero, che possono avere la possibilit\u00e0, tramite social network, di vivere con noi tutto ci\u00f2. Mi preme anche ricordare che a Turi c\u2019\u00e8 una lunga tradizione di fotografi e ci sono tanti appassionati di fotografia, chi lo fa professionalmente per lavoro e chi per hobby come me, con i quali mi confronto spesso, ci scambiamo pareri, consigli e sono persone che dimostrano davvero grande passione per quest\u2019arte. Spesso ai miei studenti a scuola consiglio di usare in maniera pi\u00f9 consapevole i loro smartphone ormai dotati di qualit\u00e0 tecnologicamente avanzate per le foto e di sviluppare le loro potenzialit\u00e0 creative ed espressive\u00bb.<\/p>\n<p style=\"text-align: justify;\"><strong>4 MAGGIO 2020: \u201cFASE 2 ANTI-COVID\u201d<\/strong><\/p>\n<p><img loading=\"lazy\" decoding=\"async\" src=\"https:\/\/live.staticflickr.com\/65535\/49871523263_db125e33cc_n.jpg\" alt=\"fase 2 - Fabio Zita (3)\" style=\"margin: 6px; float: right;\" width=\"320\" height=\"226\" \/><\/p>\n<p style=\"text-align: justify;\"><strong>Quando ha scattato queste fotografie?<\/strong><\/p>\n<p style=\"text-align: justify;\">\u00abNe ho approfittato nel primissimo pomeriggio del 25 aprile, munito di autorizzazione per fotografare la ristretta ma doverosa ricorrenza della Festa della Liberazione con la deposizione di una corona presso il Monumento ai Caduti, in un\u2019atmosfera di vuoto e silenzio surreale del paese\u00bb.<\/p>\n<p style=\"text-align: justify;\"><strong>Sua figlia Chiara ha acconsentito al prestito dei due pupazzetti?<\/strong><\/p>\n<p style=\"text-align: justify;\">\u00abCertamente. Chiara \u00e8 adorabile e partecipativa: le ho detto che avrei utilizzato i suoi due personaggi della Lego, un bimbo e una bimba, per fare delle fotografie e successivamente \u00e8 stata felice di vederli in anteprima sul display della fotocamera, protagonisti di questa storia. Sebbene abbia solo 3 anni e mezzo, per stimolo e imitazione maneggia gi\u00e0 una sua fotocamera con entusiasmo e divertimento. Lascio fare alla sua creativit\u00e0 e spero che diventi ancora pi\u00f9 brava di me\u00bb.<\/p>\n<p style=\"text-align: justify;\"><strong>Da dove nasce l\u2019idea e qual \u00e8 il messaggio che ha voluto comunicare con le sue foto?<\/strong><\/p>\n<p><img loading=\"lazy\" decoding=\"async\" src=\"https:\/\/live.staticflickr.com\/65535\/49872364572_0a23163081_n.jpg\" alt=\"fase 2 - Fabio Zita (4)\" style=\"margin: 6px; float: left;\" width=\"320\" height=\"226\" \/><\/p>\n<p style=\"text-align: justify;\">\u00abL\u2019idea e la realizzazione del progetto di sensibilizzazione \u201cFase 2 anti-Covid\u201d, che ho pubblicato sul mio profilo Facebook, sono nate di getto, quasi istintivamente, come \u00e8 avvenuto ad esempio anche per il video in stile \u201cvintage\u201d con mie foto di Turi in bianco e nero e con la musica dell\u2019Intervallo che andava in onda sui canali RAI tra gli anni \u201960 e \u201980. Ho pensato che non era facile lasciare una traccia documentaria che potesse caratterizzare questo travagliato periodo che stiamo vivendo, con le sue ripercussioni personali, sociali, economiche e psicologiche. Le fotografie che ho avuto la possibilit\u00e0 di scattare durante la Santa Messa di Pasqua e le altre celebrazioni che si sono svolte in Chiesa Madre e alla Grotta di Sant\u2019Oronzo, nel loro triste silenzio dovuto alla mancanza dei fedeli, ne sono un esempio ma come raccontare oltre maniera e in modo semplice alcuni aspetti di una fase cos\u00ec complessa? Ancora una volta mi ha ispirato Chiara, ho pensato ai bambini, al fatto che sono chiusi in casa da due mesi come tutti ma pi\u00f9 di tutti ne risentono poich\u00e9 per inclinazione naturale adorano stare in compagnia, vivere all\u2019aria aperta, giocare, abbracciarsi, avere un approccio pi\u00f9 fisico degli adulti e non possono farlo. Tuttavia anche a me mancano le strette di mano, le pacche sulla spalla, gli abbracci di amici e conoscenti, come penso agli altri\u00bb.<\/p>\n<p style=\"text-align: justify;\"><strong>\u201cRESPONSABILIT\u00c0 MA ANCHE POSITIVIT\u00c0\u201d<\/strong><\/p>\n<p><img loading=\"lazy\" decoding=\"async\" src=\"https:\/\/live.staticflickr.com\/65535\/49872054781_2df1ff13f3_n.jpg\" alt=\"fase 2 - Fabio Zita (2)\" style=\"margin: 6px; float: right;\" width=\"320\" height=\"228\" \/><\/p>\n<p style=\"text-align: justify;\">\u00abLa data del 4 maggio \u00e8 stata come uno spartiacque, le parziali riaperture non ci devono per\u00f2 far dimenticare di mantenere valide tutte le precauzioni per la sicurezza personale e collettiva come il \u201cdistanziamento sociale\u201d, terminologia che crea un certo sgomento, e l\u2019uso dei dispositivi di protezione. Nello stesso tempo, tuttavia, ho pensato anche a tutte le attivit\u00e0 e gli esercizi commerciali che devono ripartire per uscire dalla crisi che li ha travolti. L\u2019intero paese ha bisogno di ripartire e l\u2019ho rappresentato con i luoghi simbolo di Turi a fare da sfondo ai due protagonisti, in modo che tutti possano riconoscersi in essi. Infine i due personaggi che finalmente possono stringersi la mano e abbracciarsi, ed \u00e8 ci\u00f2 che tutti noi desideriamo. \u00c8 un messaggio che spero trasmetta responsabilit\u00e0 e buon senso ma anche positivit\u00e0 e fiducia. Ringrazio te e la redazione per avermi dato questa possibilit\u00e0 di raccontarmi e di raccontare uno dei miei punti di vista di questo complesso periodo che ci ha investiti in ogni aspetto delle nostre vite\u00bb.<\/p>\n<p style=\"text-align: right;\"><strong>LEONARDO FLORIO<\/strong><\/p>\n","protected":false},"excerpt":{"rendered":"<p><img loading=\"lazy\" decoding=\"async\" src=\"https:\/\/live.staticflickr.com\/65535\/49872054721_84be7149d3_n.jpg\" alt=\"fase 2 - Fabio Zita (5)\" width=\"320\" height=\"226\" \/><\/p>\n","protected":false},"author":1,"featured_media":0,"comment_status":"open","ping_status":"closed","sticky":false,"template":"","format":"standard","meta":{"colormag_page_container_layout":"default_layout","colormag_page_sidebar_layout":"default_layout","footnotes":""},"categories":[6],"tags":[],"class_list":["post-17576","post","type-post","status-publish","format-standard","hentry","category-cultura"],"_links":{"self":[{"href":"https:\/\/archivioturi.lavocedelpaese.info\/index.php\/wp-json\/wp\/v2\/posts\/17576","targetHints":{"allow":["GET"]}}],"collection":[{"href":"https:\/\/archivioturi.lavocedelpaese.info\/index.php\/wp-json\/wp\/v2\/posts"}],"about":[{"href":"https:\/\/archivioturi.lavocedelpaese.info\/index.php\/wp-json\/wp\/v2\/types\/post"}],"author":[{"embeddable":true,"href":"https:\/\/archivioturi.lavocedelpaese.info\/index.php\/wp-json\/wp\/v2\/users\/1"}],"replies":[{"embeddable":true,"href":"https:\/\/archivioturi.lavocedelpaese.info\/index.php\/wp-json\/wp\/v2\/comments?post=17576"}],"version-history":[{"count":0,"href":"https:\/\/archivioturi.lavocedelpaese.info\/index.php\/wp-json\/wp\/v2\/posts\/17576\/revisions"}],"wp:attachment":[{"href":"https:\/\/archivioturi.lavocedelpaese.info\/index.php\/wp-json\/wp\/v2\/media?parent=17576"}],"wp:term":[{"taxonomy":"category","embeddable":true,"href":"https:\/\/archivioturi.lavocedelpaese.info\/index.php\/wp-json\/wp\/v2\/categories?post=17576"},{"taxonomy":"post_tag","embeddable":true,"href":"https:\/\/archivioturi.lavocedelpaese.info\/index.php\/wp-json\/wp\/v2\/tags?post=17576"}],"curies":[{"name":"wp","href":"https:\/\/api.w.org\/{rel}","templated":true}]}}