{"id":17548,"date":"2020-05-01T00:33:46","date_gmt":"2020-05-01T00:33:46","guid":{"rendered":"https:\/\/archivioturi.lavocedelpaese.info\/index.php\/2020\/05\/01\/bilancio-consolidato-delle-imprese-cosa-prevede-il-decreto-cura-italia\/"},"modified":"2020-05-01T00:33:46","modified_gmt":"2020-05-01T00:33:46","slug":"bilancio-consolidato-delle-imprese-cosa-prevede-il-decreto-cura-italia","status":"publish","type":"post","link":"https:\/\/archivioturi.lavocedelpaese.info\/index.php\/2020\/05\/01\/bilancio-consolidato-delle-imprese-cosa-prevede-il-decreto-cura-italia\/","title":{"rendered":"Bilancio consolidato delle imprese: cosa prevede il Decreto Cura Italia"},"content":{"rendered":"<p><img loading=\"lazy\" decoding=\"async\" src=\"https:\/\/live.staticflickr.com\/65535\/49839769682_678bd330d7_n.jpg\" alt=\"Image_bilancio consolidato imprese novita?\" width=\"320\" height=\"212\" \/><\/p>\n<p style=\"text-align: justify;\">Con il Decreto Cura Italia sono state introdotte delle misure importanti in tema di approvazione del bilancio 2019. Modifiche necessarie per andare incontro a societ\u00e0 ed enti in questo momento particolare per il nostro Paese: queste riguardano la proroga dei termini di approvazione e il potenziamento della partecipazione alle assemblee tramite mezzi di telecomunicazione al fine di garantire il distanziamento sociale.<\/p>\n<p><strong>I nuovi termini per la convocazione delle assemblee e il deposito dei bilanci<\/strong><\/p>\n<p style=\"text-align: justify;\">Per quanto riguarda l\u2019estensione dei termini di approvazione del bilancio, questi consentono alle societ\u00e0 di convocare l\u2019assemblea ordinaria entro un termine pi\u00f9 ampio rispetto a quello ordinario: dai 120 giorni standard previsti dall\u2019art. 2364, comma 2, c.c. e dall\u2019art. 2478-bis, al nuovo limite concesso in deroga di 180 giorni dalla chiusura dell\u2019esercizio sociale. Ci\u00f2 significa che le adunanze per l\u2019approvazione dei bilanci 2019 potranno essere convocate entro il 28 giugno 2020 (facendo per\u00f2 attenzione, dal momento che quest\u2019anno cadr\u00e0 di domenica). Queste misure non intervengono per\u00f2 sui termini previsti per il deposito presso il Registro delle imprese dei bilanci e degli atti collegati, disciplinati dall\u2019art. 2435 c.c. Il termine ordinario resta quindi di 30 giorni dall\u2019approvazione del bilancio stesso. Tra le <a href=\"https:\/\/www.theitaliantimes.it\/politica\/decreto-cura-italia-gazzetta-ufficiale-testo-pdf-cosa-prevede_280420\/\" target=\"_blank\" rel=\"noopener\">varie misure previste dal Decreto Cura Italia<\/a>, inoltre, c\u2019\u00e8 anche la possibilit\u00e0 di intervento in assemblea mediante mezzi di comunicazione o l\u2019espressione di voto per corrispondenza, anche per le societ\u00e0 che da statuto non prevedevano queste soluzioni. L\u2019importante \u00e8 che le riunioni telematiche diano la possibilit\u00e0 di identificare i soci, ne garantiscano la partecipazione e l\u2019esercizio del diritto di voto, il tutto senza l\u2019obbligo di presenza nello stesso luogo di presidente, notaio e segretario.<\/p>\n<p><strong>La crescita dei bilanci consolidati dei gruppi Estra e Ferrero<\/strong><\/p>\n<p>Gli enti locali sono obbligati a redigere il bilancio consolidato e \u2013 ai sensi del nuovo art. 27 del D.Lgs. 127\/1991 &#8211; lo stesso vale per i gruppi che per due anni consecutivi abbiano soddisfatto almeno due di questi requisiti dimensionali:<\/p>\n<ul>\n<li>Un attivo dello stato patrimoniale di almeno 20 milioni di euro;<\/li>\n<li>Un fatturato di almeno 40 milioni;<\/li>\n<li>Un numero di dipendenti annuo medio di almeno 250.<\/li>\n<\/ul>\n<p style=\"text-align: justify;\">Si tratta di un documento ufficiale che disegna la situazione finanziaria di un gruppo costituito da pi\u00f9 imprese, ma per capire meglio cosa sia il bilancio consolidato conviene approfondire l\u2019argomento su <a href=\"https:\/\/www.icribis.com\/it\/bilancio-consolidato\" target=\"_blank\" rel=\"noopener\">specifici siti dedicati alle imprese<\/a>. A titolo esemplificativo pu\u00f2 essere interessante analizzare la situazione di due grandi gruppi che hanno gi\u00e0 provveduto a redigere il bilancio consolidato relativo al 2019 e che registrano numeri pi\u00f9 che positivi. Nel primo caso si parla del Gruppo Estra, multiutility attiva in servizi energetici e nelle telecomunicazioni in tutto il Centro Italia, che ha conseguito ricavi totali per 997 milioni di euro (+18% rispetto agli 843 del 2018), incremento originato principalmente dalla vendita di gas naturale e di energia elettrica con maggiori volumi venduti. Il margine operativo lordo (EBITDA) si \u00e8 attestato a 97,2 milioni, in aumento di 26 milioni (+ 37%) in confronto al 2018 (71,2 milioni). Il secondo riguarda Ferrero International S.A., la storica azienda italiana specializzata in prodotti dolciari, che registra un fatturato consolidato di 11,4 miliardi di euro e <a href=\"https:\/\/www.affaritaliani.it\/economia\/ferrero-approvato-bilancio-2019-6-2-fatturato-consolidato-a-11-4-mld-di-653452.html\" target=\"_blank\" rel=\"noopener\">una crescita del 6,2%<\/a> rispetto all&#8217;anno precedente, quando aveva messo a referto 10,7 miliardi di euro.<\/p>\n","protected":false},"excerpt":{"rendered":"<p><img loading=\"lazy\" decoding=\"async\" src=\"https:\/\/live.staticflickr.com\/65535\/49839769682_678bd330d7_n.jpg\" alt=\"Image_bilancio consolidato imprese novita?\" width=\"320\" height=\"212\" \/><\/p>\n","protected":false},"author":1,"featured_media":0,"comment_status":"open","ping_status":"closed","sticky":false,"template":"","format":"standard","meta":{"colormag_page_container_layout":"default_layout","colormag_page_sidebar_layout":"default_layout","footnotes":""},"categories":[7],"tags":[],"class_list":["post-17548","post","type-post","status-publish","format-standard","hentry","category-attualita"],"_links":{"self":[{"href":"https:\/\/archivioturi.lavocedelpaese.info\/index.php\/wp-json\/wp\/v2\/posts\/17548","targetHints":{"allow":["GET"]}}],"collection":[{"href":"https:\/\/archivioturi.lavocedelpaese.info\/index.php\/wp-json\/wp\/v2\/posts"}],"about":[{"href":"https:\/\/archivioturi.lavocedelpaese.info\/index.php\/wp-json\/wp\/v2\/types\/post"}],"author":[{"embeddable":true,"href":"https:\/\/archivioturi.lavocedelpaese.info\/index.php\/wp-json\/wp\/v2\/users\/1"}],"replies":[{"embeddable":true,"href":"https:\/\/archivioturi.lavocedelpaese.info\/index.php\/wp-json\/wp\/v2\/comments?post=17548"}],"version-history":[{"count":0,"href":"https:\/\/archivioturi.lavocedelpaese.info\/index.php\/wp-json\/wp\/v2\/posts\/17548\/revisions"}],"wp:attachment":[{"href":"https:\/\/archivioturi.lavocedelpaese.info\/index.php\/wp-json\/wp\/v2\/media?parent=17548"}],"wp:term":[{"taxonomy":"category","embeddable":true,"href":"https:\/\/archivioturi.lavocedelpaese.info\/index.php\/wp-json\/wp\/v2\/categories?post=17548"},{"taxonomy":"post_tag","embeddable":true,"href":"https:\/\/archivioturi.lavocedelpaese.info\/index.php\/wp-json\/wp\/v2\/tags?post=17548"}],"curies":[{"name":"wp","href":"https:\/\/api.w.org\/{rel}","templated":true}]}}