{"id":17536,"date":"2020-04-28T13:28:19","date_gmt":"2020-04-28T13:28:19","guid":{"rendered":"https:\/\/archivioturi.lavocedelpaese.info\/index.php\/2020\/04\/28\/zmo-tra-solidarieta-e-pensieri-semplici\/"},"modified":"2020-04-28T13:28:19","modified_gmt":"2020-04-28T13:28:19","slug":"zmo-tra-solidarieta-e-pensieri-semplici","status":"publish","type":"post","link":"https:\/\/archivioturi.lavocedelpaese.info\/index.php\/2020\/04\/28\/zmo-tra-solidarieta-e-pensieri-semplici\/","title":{"rendered":"Z\u2019Mo, tra solidariet\u00e0 e \u201cPensieri Semplici\u201d"},"content":{"rendered":"<p><img loading=\"lazy\" decoding=\"async\" src=\"https:\/\/live.staticflickr.com\/65535\/49814679798_fb4e48dc41_n.jpg\" alt=\"simona sicoli (1)\" width=\"240\" height=\"320\" \/><\/p>\n<p style=\"text-align: center;\"><strong>Le mani, le illustrazioni, i messaggi riflessivi ed irriverenti racchiusi negli ultimi disegni di Simona Sicoli<\/strong><\/p>\n<p style=\"text-align: justify;\">Ad un mese preciso di distanza, torniamo a parlare di Simona Sicoli, in arte \u201cZ\u2019Mo\u201d. Quattro settimane fa, infatti, la nostra concittadina aveva \u201ccolonizzato\u201d le bacheche di tantissimi turesi con due suoi disegni: \u201cLa forza silenziosa dei bambini\u201d e \u201cTutto torner\u00e0\u201d; due illustrazioni con protagoniste delle mani: nel primo caso la mano di un bambino \u00e8 stretta all\u2019indice di un adulto che la sorregge; nel secondo, le mani sono quelle di due amanti o semplicemente di due amici, di due fratelli, di due persone che si sfiorano, attualmente un lusso per gli esseri umani di quasi tutto il pianeta.<\/p>\n<p style=\"text-align: justify;\">In ogni caso, dicevamo, le due illustrazioni sono state accolte di buon grado da moltissimi concittadini, tanto da spingere questi ultimi a cambiare \u201cin massa\u201d la propria immagine del profilo, inserendo una delle due. Alcuni giorni dopo questo boom sui social, il Centro Copie e Stampe di Marina Daddato e Marcello De Bellis sarebbe intervenuto in collaborazione di \u201cZ\u2019Mo\u201d per produrre delle t-shirts e delle shoppers della solidariet\u00e0 a sostegno della Caritas zonale di Turi, nonch\u00e9, dunque, per l\u2019acquisto di beni di prima necessit\u00e0 da destinare alle famiglie pi\u00f9 bisognose. \u00c8 arrivato il momento dei bilanci.<\/p>\n<p><img loading=\"lazy\" decoding=\"async\" src=\"https:\/\/live.staticflickr.com\/65535\/49815527932_73e7e79d45_n.jpg\" alt=\"simona sicoli (4)\" style=\"margin: 6px; float: right;\" width=\"320\" height=\"310\" \/><\/p>\n<p style=\"text-align: justify;\"><strong>Come procede l\u2019iniziativa solidale avviata con Centro Copie e Stampe?<\/strong><\/p>\n<p style=\"text-align: justify;\">\u00abBenissimo! Abbiamo ottenuto un risultato che, davvero, mai avremmo immaginato. Le richieste sono state numerose e continuano ancora oggi. La nostra iniziativa proseguir\u00e0 per tutta la quarantena. Vi terremo aggiornati\u00bb.<\/p>\n<p style=\"text-align: justify;\">Negli ultimi tempi, inoltre, \u201cZ\u2019Mo\u201d ha preso parte all\u2019asta di beneficienza \u201cUniti per la Puglia\u201d con la sua illustrazione \u201cPensieri Semplici\u201d, ritraente una mano che coglie dei fiori di campo: nel guardare quest\u2019opera, la mente vi rimander\u00e0 alle tipiche passeggiate bucoliche primaverili, dalla cui semplicit\u00e0 non si \u00e8 colto a volte il fiore di una bellezza profonda, quella delle piccole grandi cose.<\/p>\n<p style=\"text-align: justify;\">Tornando all\u2019asta, \u201cZ\u2019Mo\u201d spiega che: \u00abL\u2019asta di beneficienza \u201cUniti per la Puglia\u201d \u00e8 stata finalizzata alla raccolta di aiuti per sostenere la Regione Puglia contro il Covid-19. \u00c8 stata organizzata dalla comunit\u00e0 dei tatuatori della provincia di Bari, da cui poi, tramite passaparola, si \u00e8 estesa anche ad altri artisti pugliesi (pittori, scultori, artigiani\u2026). Io ho partecipato con il mio poster che ho intitolato \u201cPensieri Semplici\u201d, che in realt\u00e0 \u00e8 nato per ringraziare tutti coloro hanno condiviso, apprezzato e sostenuto i miei due disegni delle mani. L\u2019iniziativa \u00e8 durata soli due giorni, dal 2 al 4 aprile, ed ha raccolto in tutto pi\u00f9 di 12mila euro\u00bb.<\/p>\n<p><img loading=\"lazy\" decoding=\"async\" src=\"https:\/\/live.staticflickr.com\/65535\/49815218256_93c1de11c3_n.jpg\" alt=\"simona sicoli (3)\" style=\"margin: 6px; float: left;\" width=\"240\" height=\"320\" \/><\/p>\n<p style=\"text-align: justify;\"><strong>Quali sono state le modalit\u00e0 di svolgimento dell\u2019asta?<\/strong><\/p>\n<p style=\"text-align: justify;\">\u00abOgni artista metteva all\u2019asta la propria opera, pubblicandola su Instagram. Allo scadere del tempo concesso per avanzare offerte, l\u2019offerta pi\u00f9 alta si aggiudicava l\u2019opera. La mia \u00e8 stata acquistata a 100 euro e verr\u00e0 consegnata a fine quarantena\u00bb.<\/p>\n<p style=\"text-align: justify;\">Parallelamente all\u2019aspetto solidale, Simona Sicoli continua ad incalzare sui social, accompagnando, con il suo stile fumettistico e le sue visioni essenziali, tantissimi utenti, turesi e non. E se la Pasquetta \u00e8 quest\u2019anno divenuta improvvisamente e insostenibilmente malinconica, con una birra sorseggiata stando stesi al di qua di un obl\u00f2 ideale che ci ha tenuti separati dal mare e dal bel sole registratosi (come di rado accade) proprio nell\u2019ultimo Luned\u00ec dell\u2019Angelo, non \u00e8 possibile lasciarsi scoraggiare e smettere di sperare in una vittoria. Difatti, \u00abcon il simbolo delle \u201cdita a V\u201d, \u201cemblema di pace moderno che si intreccia saldamente alle vecchie tradizioni, ho voluto esprimere tutta la forza e la voglia, che ci esplode dentro, di vincere questa battaglia\u00bb \u2013 spiega Z\u2019Mo.<\/p>\n<p><img loading=\"lazy\" decoding=\"async\" src=\"https:\/\/live.staticflickr.com\/65535\/49814679708_48101ab907_n.jpg\" alt=\"simona sicoli (5)\" style=\"margin: 6px; float: right;\" width=\"320\" height=\"240\" \/><\/p>\n<p style=\"text-align: justify;\">Poi c\u2019\u00e8 un\u2019altra coppia di disegni, in cui si fa riferimento alle difficolt\u00e0 incontrate in questo periodo dalle donne nella cura della propria estetica: \u00abI disegni delle ultime settimane li ho realizzati spinta da pensieri, desideri e mancanze del periodo. In alcuni casi \u00e8 stata anche un\u2019occasione per ironizzare su problemi comuni, attualmente condivisi da tutti. Con la quarantena, infatti, un po\u2019 tutti abbiamo pensato a quante cose dapprima banali e di poco conto, abbiano assunto in questi giorni importanza vitale. Da qui le immagini dedicate all\u2019estetista ed al parrucchiere\u00bb.<\/p>\n<p style=\"text-align: justify;\"><strong>E cos\u00ec, anche in chiave ironica, le mani rimangono le protagoniste e la costante delle sue opere: perch\u00e9 mai? \u00c8 una conseguenza del successo riscosso con i disegni poi stampati sulle t-shirts e le shoppers solidali?<\/strong><\/p>\n<p style=\"text-align: justify;\">\u00abNo, non \u00e8 una conseguenza del successo avuto con gli altri disegni. Le mani hanno per me un significato importante. Nei miei disegni accompagnano oggetti, li sostengono: le utilizzo per esprimere emozioni ed evocare movimenti\u00bb.<\/p>\n<p style=\"text-align: justify;\"><strong>Per concludere, nella lunga intervista di un mese fa, abbiamo dimenticato di chiarire una questione basilare: da dove nasce il nome d\u2019arte Z\u2019Mo?<\/strong><\/p>\n<p style=\"text-align: justify;\">\u00ab\u00c8 semplicemente l\u2019abbreviazione del mio nome in dialetto turese\u00bb.<\/p>\n<p style=\"text-align: justify;\">Ad ogni modo, tornando alle mani, ispirati dalla riflessione della nostra intervistata, vorremmo ricordare un antico adagio per cui \u00e8 necessario \u201clavorare con le mani piuttosto che con gli occhi\u201d, specie quando in prospettiva si presentano degli ostacoli a primo sguardo assolutamente insormontabili: pian piano, con pazienza e sacrificio concreto, l\u2019impossibile pu\u00f2 diventare possibile ed il possibile pu\u00f2 diventare reale. A proposito di insormontabilit\u00e0, in questo momento bisogna avere ci\u00f2 che pi\u00f9 di ogni cosa caratterizza gli alpinisti, costretti come noi oggi a disporre di poco ossigeno: la determinazione.<\/p>\n<p style=\"text-align: right;\"><strong>LEONARDO FLORIO<\/strong><\/p>\n","protected":false},"excerpt":{"rendered":"<p><img loading=\"lazy\" decoding=\"async\" src=\"https:\/\/live.staticflickr.com\/65535\/49814679798_fb4e48dc41_n.jpg\" alt=\"simona sicoli (1)\" width=\"240\" height=\"320\" \/><\/p>\n","protected":false},"author":1,"featured_media":0,"comment_status":"open","ping_status":"closed","sticky":false,"template":"","format":"standard","meta":{"colormag_page_container_layout":"default_layout","colormag_page_sidebar_layout":"default_layout","footnotes":""},"categories":[6],"tags":[],"class_list":["post-17536","post","type-post","status-publish","format-standard","hentry","category-cultura"],"_links":{"self":[{"href":"https:\/\/archivioturi.lavocedelpaese.info\/index.php\/wp-json\/wp\/v2\/posts\/17536","targetHints":{"allow":["GET"]}}],"collection":[{"href":"https:\/\/archivioturi.lavocedelpaese.info\/index.php\/wp-json\/wp\/v2\/posts"}],"about":[{"href":"https:\/\/archivioturi.lavocedelpaese.info\/index.php\/wp-json\/wp\/v2\/types\/post"}],"author":[{"embeddable":true,"href":"https:\/\/archivioturi.lavocedelpaese.info\/index.php\/wp-json\/wp\/v2\/users\/1"}],"replies":[{"embeddable":true,"href":"https:\/\/archivioturi.lavocedelpaese.info\/index.php\/wp-json\/wp\/v2\/comments?post=17536"}],"version-history":[{"count":0,"href":"https:\/\/archivioturi.lavocedelpaese.info\/index.php\/wp-json\/wp\/v2\/posts\/17536\/revisions"}],"wp:attachment":[{"href":"https:\/\/archivioturi.lavocedelpaese.info\/index.php\/wp-json\/wp\/v2\/media?parent=17536"}],"wp:term":[{"taxonomy":"category","embeddable":true,"href":"https:\/\/archivioturi.lavocedelpaese.info\/index.php\/wp-json\/wp\/v2\/categories?post=17536"},{"taxonomy":"post_tag","embeddable":true,"href":"https:\/\/archivioturi.lavocedelpaese.info\/index.php\/wp-json\/wp\/v2\/tags?post=17536"}],"curies":[{"name":"wp","href":"https:\/\/api.w.org\/{rel}","templated":true}]}}