{"id":17520,"date":"2020-04-21T06:39:38","date_gmt":"2020-04-21T06:39:38","guid":{"rendered":"https:\/\/archivioturi.lavocedelpaese.info\/index.php\/2020\/04\/21\/responsabili-di-colonie-feline-ai-tempi-del-covid-19\/"},"modified":"2020-04-21T06:39:38","modified_gmt":"2020-04-21T06:39:38","slug":"responsabili-di-colonie-feline-ai-tempi-del-covid-19","status":"publish","type":"post","link":"https:\/\/archivioturi.lavocedelpaese.info\/index.php\/2020\/04\/21\/responsabili-di-colonie-feline-ai-tempi-del-covid-19\/","title":{"rendered":"Responsabili di colonie feline ai tempi del Covid-19"},"content":{"rendered":"<p><img loading=\"lazy\" decoding=\"async\" src=\"https:\/\/live.staticflickr.com\/65535\/49782215078_086d92ba3a_n.jpg\" alt=\"Colonia felina a Turi\" width=\"320\" height=\"240\" \/><\/p>\n<p style=\"text-align: center;\"><strong>Uno sguardo al mondo degli amici pelosi, domestici e vaganti, turesi<\/strong><\/p>\n<p style=\"text-align: justify;\">Due settimane fa, su queste colonne, Albino Malena annunciava che, fino al termine dell\u2019emergenza Coronavirus, una parte del fatturato settimanale di Cucciolandia sarebbe stata devoluta all\u2019Ospedale \u201cSanta Maria degli Angeli\u201d di Putignano per l\u2019acquisto di alcuni respiratori. Oggi, invece, lo intervistiamo per questioni pi\u00f9 squisitamente legate al mondo dei nostri amici a quattro zampe, sempre rimanendo nel campo delle conseguenze relative al COVID-19.<\/p>\n<p><img loading=\"lazy\" decoding=\"async\" src=\"https:\/\/live.staticflickr.com\/65535\/49783076807_43b1a18d53_o.jpg\" alt=\"Albino Malena\" style=\"margin: 6px; float: right;\" width=\"286\" height=\"269\" \/><\/p>\n<p style=\"text-align: justify;\"><strong>Nello scorso mese \u00e8 andata diffondendosi la pratica di lavare le zampe degli animali domestici con la candeggina: qual \u00e8 la sua opinione al riguardo?<\/strong><\/p>\n<p style=\"text-align: justify;\">\u00abLa notizia ed il consiglio di lavare le zampe con la candeggina \u00e8, oltre che assolutamente sbagliato, fortemente dannoso. \u00c8 utile e consigliabile lavare le zampe dei nostri amici dopo la passeggiata, ma \u00e8 sufficiente il sapone, cos\u00ec come quando noi ci laviamo le mani. Se asciugarle diventa un problema, esistono in commercio salviette specifiche per cani e\/o guanti a base alcolica o a base di disinfettanti, come la clorexidina, acquistabili nei negozi di animali specializzati\u00bb.<\/p>\n<p style=\"text-align: justify;\"><strong>Date le circostanze, risulta difficile garantire un certo benessere o comunque una condizione di normalit\u00e0 al proprio cane: cosa ne pensa?<\/strong><\/p>\n<p style=\"text-align: justify;\">\u00abLa prima cosa da dire \u00e8 che bisogna rispettare i decreti e che, per preservare la salute pubblica, bisogna uscire di casa il minor tempo possibile. Inoltre, se gli uomini si ammalano, la situazione per i nostri pelosi pu\u00f2 solo peggiorare. Quello che posso consigliare \u00e8 di fare attivit\u00e0 in casa, privilegiando i giochi di attivit\u00e0 mentali, giochi disponibili nei negozi specializzati oppure facilmente realizzabili con materiali di risulta che abbiamo in casa (scatole di scarpe, contenitori di plastica etc.). Ci\u00f2 che si deve evitare sono i giochi che abitualmente facciamo all&#8217;aperto con lanci o rimbalzi. Se la palla \u00e8 un gioco indispensabile bisogna farla rotolare e non rimbalzare per evitare che i nostri cuccioli confondano l&#8217;idea di gioco. \u00c8 un periodo di sacrifici ed i nostri amici sono storicamente abituati a supportarci in questo e, per questo, anche loro ne usciranno pi\u00f9 forti di prima. Un ultimo consiglio \u00e8 quello di non esagerare con le coccole perch\u00e9 prima o poi torneremo alla normalit\u00e0 e questo potrebbe creare un futuro problema quando saremo costretti a lasciarli soli. Sappiamo quanto ci riempie di gioia accarezzare i nostri amici pelosi, ma dobbiamo pensare che la normalit\u00e0 torner\u00e0 presto. Ovviamente, quanto appena detto \u00e8 solo il pensiero di un amante degli animali, senza alcun titolo specifico, semplicemente frutto di esperienze commerciali e personali in questo mondo peloso\u00bb.<\/p>\n<p style=\"text-align: justify;\"><strong>Nei paesi limitrofi il Coronavirus ha causato un marcato incremento degli episodi di abbandono: a Turi si sta registrando lo stesso?<\/strong><\/p>\n<p style=\"text-align: justify;\">\u00abPurtroppo questo virus sta facendo registrare un incremento degli abbandoni in tutto il territorio nazionale e questo dato \u00e8 in crescita anche nel nostro paese. In realt\u00e0 il problema abbandono \u00e8 sempre vivo, specialmente al Sud. Ci\u00f2 che pi\u00f9 spaventa adesso, dunque, \u00e8 ci\u00f2 che troveremo quando torneremo ad uscire, perch\u00e9 adesso, non uscendo, non riusciamo a percepire il dato reale degli abbandoni: nella speranza di non trovarli in brutte condizioni, si prospetta un numero elevato di cani vaganti. Un\u2019altra considerazione da fare e che vogliamo sia affrontata dalle istituzioni nazionali \u2013 prosegue \u2013 \u00e8 la questione delle adozioni. L\u2019associazione A.D.A. \u201cAmici degli animali\u201d che si occupa dei nostri randagi ci dice che abbiamo, ad oggi, 7 cani gi\u00e0 adottati ma che, per il decreto, sono nell\u2019impossibilit\u00e0 di partire con la paura che i cuccioli perdano quella affabilit\u00e0 che li rende adottabili e questo \u00e8 un problema soprattutto per i cani che sono ancora in attesa di una famiglia\u00bb.<\/p>\n<p style=\"text-align: justify;\"><strong>Per quanto riguarda invece l\u2019istituzionalizzazione delle colonie feline turesi, si registrano nuovi sviluppi?<\/strong><\/p>\n<p style=\"text-align: justify;\">\u00abLa questione colonie feline ovviamente, vista l\u2019emergenza in corso, \u00e8 ferma per quello che riguarda la discussione ed emanazione di un regolamento. In ogni caso, sappiamo che, finita l\u2019emergenza, si riprender\u00e0 da dove avevamo lasciato. Nel frattempo vige il regolamento nazionale a cui tutti i Comuni devono far riferimento e che, gi\u00e0 da solo, basta ad avviare almeno le pratiche di sterilizzazione, sempre che per via ufficiale venga segnalata la colonia alla polizia municipale. Ovviamente, ora, \u00e8 comunque tutto fermo perch\u00e9 non \u00e8 possibile effettuare spostamenti, se non per urgenze.<\/p>\n<p style=\"text-align: justify;\">In ogni caso, chi lo ritiene pu\u00f2 segnalare la presenza della propria colonia al sindaco e alla Polizia Locale, anche se, chiaramente il momento impone altre priorit\u00e0; tuttavia la segnalazione resta comunque utile nel caso in cui la cura della colonia necessiti di uno spostamento dalla propria abitazione. Difatti l\u2019alimentazione delle colonie di gatti liberi (censite o no) \u00e8 concessa, come da circolare del Ministero della Salute del 12\/03\/2020: pertanto consigliamo a tutti i cittadini turesi che devono muoversi dalla propria abitazione per continuare ad alimentare la colonia felina di riferimento, di munirsi di autocertificazione (barrando motivi di necessit\u00e0 indicando tra parentesi cura colonia felina o\/e gatti in libert\u00e0). Ai responsabili di colonia raccomandiamo dunque di non spostarsi negli orari di punta e di utilizzare sempre e comunque mascherine e guanti, rispettando le disposizioni ministeriali nel divieto di assembramento e distanza fisica. Purtroppo \u00e8 un momento difficile anche da questo punto di vista, le emergenze non mancano e le difficolt\u00e0 sono quadruplicate. Le sterilizzazioni, non essendo interventi di urgenza, si sono bloccate anche per quei volontari che avevano provveduto da soli a sterilizzare. Avremo tante bocche in pi\u00f9 da sfamare. Raccomandiamo di porre attenzione ad eventuali operazioni di sanificazione comunicate sul sito del Comune e, eventualmente, rimuovere le ciotole di acqua la sera prima. Auguriamoci per tutti e tutto di tornare alla normalit\u00e0 quanto prima\u00bb.<\/p>\n<p style=\"text-align: right;\"><strong>LEONARDO FLORIO<\/strong><\/p>\n","protected":false},"excerpt":{"rendered":"<p><img loading=\"lazy\" decoding=\"async\" src=\"https:\/\/live.staticflickr.com\/65535\/49782215078_086d92ba3a_n.jpg\" alt=\"Colonia felina a Turi\" width=\"320\" height=\"240\" \/><\/p>\n","protected":false},"author":1,"featured_media":0,"comment_status":"open","ping_status":"closed","sticky":false,"template":"","format":"standard","meta":{"colormag_page_container_layout":"default_layout","colormag_page_sidebar_layout":"default_layout","footnotes":""},"categories":[7],"tags":[],"class_list":["post-17520","post","type-post","status-publish","format-standard","hentry","category-attualita"],"_links":{"self":[{"href":"https:\/\/archivioturi.lavocedelpaese.info\/index.php\/wp-json\/wp\/v2\/posts\/17520","targetHints":{"allow":["GET"]}}],"collection":[{"href":"https:\/\/archivioturi.lavocedelpaese.info\/index.php\/wp-json\/wp\/v2\/posts"}],"about":[{"href":"https:\/\/archivioturi.lavocedelpaese.info\/index.php\/wp-json\/wp\/v2\/types\/post"}],"author":[{"embeddable":true,"href":"https:\/\/archivioturi.lavocedelpaese.info\/index.php\/wp-json\/wp\/v2\/users\/1"}],"replies":[{"embeddable":true,"href":"https:\/\/archivioturi.lavocedelpaese.info\/index.php\/wp-json\/wp\/v2\/comments?post=17520"}],"version-history":[{"count":0,"href":"https:\/\/archivioturi.lavocedelpaese.info\/index.php\/wp-json\/wp\/v2\/posts\/17520\/revisions"}],"wp:attachment":[{"href":"https:\/\/archivioturi.lavocedelpaese.info\/index.php\/wp-json\/wp\/v2\/media?parent=17520"}],"wp:term":[{"taxonomy":"category","embeddable":true,"href":"https:\/\/archivioturi.lavocedelpaese.info\/index.php\/wp-json\/wp\/v2\/categories?post=17520"},{"taxonomy":"post_tag","embeddable":true,"href":"https:\/\/archivioturi.lavocedelpaese.info\/index.php\/wp-json\/wp\/v2\/tags?post=17520"}],"curies":[{"name":"wp","href":"https:\/\/api.w.org\/{rel}","templated":true}]}}