{"id":17510,"date":"2020-04-15T15:07:54","date_gmt":"2020-04-15T15:07:54","guid":{"rendered":"https:\/\/archivioturi.lavocedelpaese.info\/index.php\/2020\/04\/15\/fiorisce-la-quercia-in-ricordo-di-dino-di-pinto\/"},"modified":"2020-04-15T15:07:54","modified_gmt":"2020-04-15T15:07:54","slug":"fiorisce-la-quercia-in-ricordo-di-dino-di-pinto","status":"publish","type":"post","link":"https:\/\/archivioturi.lavocedelpaese.info\/index.php\/2020\/04\/15\/fiorisce-la-quercia-in-ricordo-di-dino-di-pinto\/","title":{"rendered":"Fiorisce la quercia in ricordo di Dino Di Pinto"},"content":{"rendered":"<p><img loading=\"lazy\" decoding=\"async\" src=\"https:\/\/live.staticflickr.com\/65535\/49759100842_ca9cc0749f_n.jpg\" alt=\"La messa a dimora della quercia - ph Fabinana Stanisci\" width=\"320\" height=\"240\" \/><\/p>\n<p style=\"text-align: center;\"><strong>Il pensiero del Comitato A.D. 1967 \u201cDino Di Pinto\u201d a due anni dalla scomparsa dell\u2019avvocato turese<\/strong><\/p>\n<p style=\"text-align: justify;\">Nel settembre del 2018, alla cittadinanza turese furono donati cinque defibrillatori Philips Head Start Frx, ovvero quei totem, spesso illuminati di rosso scarlatto, collocati immediatamente accanto all\u2019ingresso delle nostre farmacie.<\/p>\n<p style=\"text-align: justify;\">Sempre nel 2018, a fine settembre e nei primi giorni di ottobre, furono organizzati nella nostra citt\u00e0 ben due corsi BLSD \u2013 Basic Life Support Defibrillation ai quali vi aderirono oltre 130 turesi. Durante le ore di formazione, questi concittadini ebbero modo di apprendere una serie di tecniche rianimatorie e di manovre utili in caso di ostruzione delle vie aree, nonch\u00e9 le conoscenze e le abilit\u00e0 relative all\u2019utilizzo del defibrillatore.<\/p>\n<p style=\"text-align: justify;\">Nel giro di poche settimane, dunque, Turi divenne \u201ccitt\u00e0 cardioprotetta\u201d, grazie anche alla presenza dei defibrillatori e di un certo numero di turesi in grado di utilizzarli, oltretutto riconosciuti con un attestato \u201cBLSD Esecutore\u201d.<\/p>\n<p style=\"text-align: justify;\">Arriviamo dunque alla prima domenica di maggio dello scorso anno, quando nella villa comunale, di cui tanto sentiamo adesso la mancanza, in sostituzione di un tronco mozzo, viene messo a dimora un nuovo albero, pi\u00f9 nello specifico una quercia vallonea. Ai suoi piedi, sotto una chioma ancora timida e che chiede del tempo per diventare globosa e rigogliosa, una targa ad indicarne la specie, recante la firma in calce del Comitato A.D. 1967 Dino Di Pinto e del Comune di Turi.<\/p>\n<p style=\"text-align: justify;\">Ebbene, tutto ci\u00f2 che vi abbiamo finora raccontato \u00e8 stato coordinato e portato a buon fine soprattutto grazie alle energie profuse dal Comitato A.D. 1967 intitolato all\u2019avv. Dino Di Pinto. Fu quest\u2019ultimo, nel 2017, per onorare il suo 50esimo compleanno, a suggerire l\u2019idea di fondare un comitato a favore della salute e dell\u2019ambiente, con l\u2019obiettivo di perseguire il progetto, poc\u2019anzi riassunto, \u201cTuri, ti tengo a cuore!\u201d.<\/p>\n<p style=\"text-align: justify;\">In realt\u00e0 la quercia non era stata inizialmente prevista, come certamente nessuno del Comitato o della famiglia di Dino avrebbe potuto mai immaginare di dover salutare l\u2019avvocato troppo presto, addirittura prima che il progetto fosse portato a compimento. Se \u00e8 vero che Dio coglie i fiori pi\u00f9 belli del suo giardino, \u00e8 altrettanto vero che il loro ricordo rimane, radicandosi con tenacia nel giardino stesso, proprio come una quercia.<\/p>\n<p style=\"text-align: justify;\">Tornando all\u2019esemplare della nostra villa comunale, sui suoi rami in questi giorni iniziano a sbocciare i primi fiori; un dettaglio che non \u00e8 sfuggito ai membri del comitato e all\u2019attuale presidente Vito Colapietro, amico fraterno del compianto avvocato, scomparso il 4 Aprile di due anni fa: \u00abCiao, Dino. Sono due anni che non sei pi\u00f9 con noi, ma ti ricordiamo sempre con affetto. Qualche tempo fa, in villa, abbiamo piantato in tuo ricordo una quercia Vallonea, da te tanto apprezzata. In questi giorni sta fiorendo, come segno di vita e di continuit\u00e0, ovvero quello di cui noi tutti abbiamo bisogno in questo momento. Tu, da lass\u00f9, veglia su di noi e proteggici. Comitato A.D. 1967 \u201cDino Di Pinto\u201d\u00bb.<\/p>\n<p style=\"text-align: justify;\">Dino, con la sua ironia ed il suo sorriso, sapeva essere estremamente coinvolgente e riportare la primavera nel dialogo; forse quella quercia, coi suoi fiori, prova a ricordarcelo.<\/p>\n<p style=\"text-align: right;\"><strong>LEONARDO FLORIO<\/strong><\/p>\n","protected":false},"excerpt":{"rendered":"<p><img loading=\"lazy\" decoding=\"async\" src=\"https:\/\/live.staticflickr.com\/65535\/49759100842_ca9cc0749f_n.jpg\" alt=\"La messa a dimora della quercia - ph Fabinana Stanisci\" width=\"320\" height=\"240\" \/><\/p>\n","protected":false},"author":1,"featured_media":0,"comment_status":"open","ping_status":"closed","sticky":false,"template":"","format":"standard","meta":{"colormag_page_container_layout":"default_layout","colormag_page_sidebar_layout":"default_layout","footnotes":""},"categories":[7],"tags":[],"class_list":["post-17510","post","type-post","status-publish","format-standard","hentry","category-attualita"],"_links":{"self":[{"href":"https:\/\/archivioturi.lavocedelpaese.info\/index.php\/wp-json\/wp\/v2\/posts\/17510","targetHints":{"allow":["GET"]}}],"collection":[{"href":"https:\/\/archivioturi.lavocedelpaese.info\/index.php\/wp-json\/wp\/v2\/posts"}],"about":[{"href":"https:\/\/archivioturi.lavocedelpaese.info\/index.php\/wp-json\/wp\/v2\/types\/post"}],"author":[{"embeddable":true,"href":"https:\/\/archivioturi.lavocedelpaese.info\/index.php\/wp-json\/wp\/v2\/users\/1"}],"replies":[{"embeddable":true,"href":"https:\/\/archivioturi.lavocedelpaese.info\/index.php\/wp-json\/wp\/v2\/comments?post=17510"}],"version-history":[{"count":0,"href":"https:\/\/archivioturi.lavocedelpaese.info\/index.php\/wp-json\/wp\/v2\/posts\/17510\/revisions"}],"wp:attachment":[{"href":"https:\/\/archivioturi.lavocedelpaese.info\/index.php\/wp-json\/wp\/v2\/media?parent=17510"}],"wp:term":[{"taxonomy":"category","embeddable":true,"href":"https:\/\/archivioturi.lavocedelpaese.info\/index.php\/wp-json\/wp\/v2\/categories?post=17510"},{"taxonomy":"post_tag","embeddable":true,"href":"https:\/\/archivioturi.lavocedelpaese.info\/index.php\/wp-json\/wp\/v2\/tags?post=17510"}],"curies":[{"name":"wp","href":"https:\/\/api.w.org\/{rel}","templated":true}]}}