{"id":17499,"date":"2020-04-12T06:31:44","date_gmt":"2020-04-12T06:31:44","guid":{"rendered":"https:\/\/archivioturi.lavocedelpaese.info\/index.php\/2020\/04\/12\/continuiamo-ad-essere-una-comunita-solidale\/"},"modified":"2020-04-12T06:31:44","modified_gmt":"2020-04-12T06:31:44","slug":"continuiamo-ad-essere-una-comunita-solidale","status":"publish","type":"post","link":"https:\/\/archivioturi.lavocedelpaese.info\/index.php\/2020\/04\/12\/continuiamo-ad-essere-una-comunita-solidale\/","title":{"rendered":"\u201cContinuiamo ad essere una comunit\u00e0 solidale\u201d"},"content":{"rendered":"<p><img loading=\"lazy\" decoding=\"async\" src=\"https:\/\/live.staticflickr.com\/65535\/49758620731_e7304ce7ea_n.jpg\" alt=\"Il sindaco Tina Resta\" width=\"320\" height=\"213\" \/><\/p>\n<p style=\"text-align: center;\"><strong>Buoni spesa, Bilancio e tasse, il punto della situazione con il sindaco Tina Resta<\/strong><\/p>\n<p style=\"text-align: justify;\">Anche questa settimana apriamo il giornale riportandovi le parole del sindaco Tina Resta, che ci guidano all\u2019interno delle misure adottate per contrastare l\u2019incedere del Coronavirus, con i suoi contraccolpi che iniziano ad incidere pesantemente il tessuto economico-sociale.<\/p>\n<p><img loading=\"lazy\" decoding=\"async\" src=\"https:\/\/live.staticflickr.com\/65535\/49758090183_00bf4eff4a_n.jpg\" alt=\"I Sapori Dell'orto di Daniele Totaro.\" style=\"margin: 6px; float: right;\" width=\"320\" height=\"320\" \/><\/p>\n<p style=\"text-align: justify;\">Buona parte dell\u2019attenzione l\u2019abbiamo riservata ai \u201cbuoni spesa\u201d, sperando di fare chiarezza su come verranno attribuiti e potranno essere spesi. Parliamo di circa 4mila buoni da 25 euro ciascuno che, a partire dalla prossima settimana, verranno distribuiti alle famiglie turesi in difficolt\u00e0. Un\u2019iniziativa di contrasto alla fragilit\u00e0 resa possibile dal trasferimento, da parte del Governo centrale, di poco pi\u00f9 di 102 mila euro. In realt\u00e0, come chiarir\u00e0 il primo cittadino, non si tratta di un provvedimento che ha sbloccato nuove risorse ma solo di un anticipo del Fondo di Solidariet\u00e0 Comunale, annualmente destinato agli Enti Locali. A questi fondi si sono aggiunti i 36mila euro stanziati dalla Regione Puglia, vincolati per i generi alimentari e il pagamento di bollette e canoni di locazione. Nei prossimi giorni, la Giunta provveder\u00e0 a definire i criteri di accesso.<\/p>\n<p><img loading=\"lazy\" decoding=\"async\" src=\"https:\/\/live.staticflickr.com\/65535\/49758622946_008280a6dc_n.jpg\" alt=\"benefattore anonimo\" style=\"margin: 6px; float: left;\" width=\"320\" height=\"240\" \/><\/p>\n<p style=\"text-align: justify;\">\u00abOltre ai fondi nazionali e regionali \u2013 aggiunge il sindaco, prima di rispondere alle nostre domande \u2013 il Comune \u00e8 stato supportato dalle donazioni di privati cittadini, ditte ed esercenti. Sono stati i tanti gesti di generosit\u00e0 che ci hanno permesso di tamponare l\u2019emergenza. Abbiamo ricevuto una grossa donazione di verdura da parte di un nostro concittadino che ha chiesto di restare anonimo. Altre importanti partite di frutta e ortaggi sono arrivate dal fruttivendolo \u201cI sapori dell\u2019Orto\u201d di Daniele Totaro e da due rivenditori di Conversano, Giuseppe Rotunno e Enzo Zita, che sono presenti al nostro mercato del venerd\u00ec. A loro va il mio sincero ringraziamento\u00bb.<\/p>\n<p style=\"text-align: justify;\"><strong>A chi spetteranno i buoni spesa?<\/strong><\/p>\n<p style=\"text-align: justify;\">\u00abAttraverso il Disciplinare abbiamo individuato due categorie. La prima \u00e8 quella dei cittadini che ricevono gi\u00e0 un beneficio da parte dello Stato, come ad esempio la cassa integrazione, il Reddito di Cittadinanza o quello di Dignit\u00e0, il cui reddito familiare, tuttavia, non supera i 500 euro. La seconda interessa i residenti che, durante il mese di marzo, hanno percepito una somma massima di cento euro per ciascun componente il nucleo, quale reddito da lavoro dipendente o autonomo. Per entrambe le categorie vale il limite della giacenza sul conto corrente: non deve essere superiore a 3mila euro per il primo componente del nucleo familiare, incremento di 1.500 euro per ogni ulteriore componente, fino ad un massimo di 9 mila euro\u00bb.<\/p>\n<p style=\"text-align: justify;\"><strong>Come verranno ripartiti?<\/strong><\/p>\n<p style=\"text-align: justify;\">\u00abI buoni spesa avranno un taglio di 25 euro ciascuno e potranno essere spesi negli esercizi commerciali che hanno dato la propria adesione. Ogni famiglia avente diritto ricever\u00e0 100 euro per ogni componente del nucleo familiare, sino ad un massimo di 600 euro. L\u2019elenco dei beneficiari sar\u00e0 pronto a breve e a partire dalla prossima settimana cominceremo la distribuzione dei buoni.<\/p>\n<p style=\"text-align: justify;\">In questa prima tranche, valuteremo il numero delle famiglie che hanno presentato domanda, cui si sommano quelle che erano gi\u00e0 seguite dai Servizi sociali. Se i numeri lo consentiranno, potrebbe esserci una seconda tranche, dove non escludiamo di allargare i requisiti per includere una platea pi\u00f9 ampia di fruitori, alla luce delle nuove fragilit\u00e0 che si stanno palesando, come ad esempio coloro che lavorano alla giornata e che sono fermi o i titolari dei negozi che hanno dovuto chiudere per via delle disposizioni dei vari decreti del Presidente del Consiglio dei Ministri\u00bb.<\/p>\n<p style=\"text-align: justify;\"><strong>C\u2019\u00e8 ancora tempo per presentare le domande?<\/strong><\/p>\n<p style=\"text-align: justify;\">\u00abIl termine di scadenza, fissato all\u20198 aprile, non \u00e8 perentorio ma ordinatorio, dunque si ha a disposizione ancora qualche altro giorno. Ne approfitto per ricordare che i cittadini che non possiedono una connessione a internet, possono consegnare la domanda a mano presso l\u2019Ufficio Servizi Sociali, dove riceveranno assistenza per risolvere qualsiasi dubbio.<\/p>\n<p style=\"text-align: justify;\">Mi preme anche sottolineare che saranno effettuati rigorosi controlli sulle dichiarazioni rese, cos\u00ec da bloccare sul nascere qualsiasi tentativo di approfittare delle circostanze. Invito tutti a riflettere che provare a \u201cfare i furbi\u201d vuol dire togliere la possibilit\u00e0 di ricevere un aiuto a chi ne ha diritto e reale bisogno. Con la stessa attenzione, stiamo monitorando l\u2019aumento dei prezzi negli esercizi commerciali: nessun atto di \u201csciacallaggio\u201d pu\u00f2 essere tollerato in un frangente di cos\u00ec grande difficolt\u00e0\u00bb.<\/p>\n<p style=\"text-align: justify;\"><strong>Come verranno impiegati i soldi raccolti sul conto corrente comunale?<\/strong><\/p>\n<p style=\"text-align: justify;\">\u00abPer il momento verranno investiti in buoni spesa per l\u2019acquisto di generi di prima necessit\u00e0. Non sappiamo quanto durer\u00e0 l\u2019emergenza e occorre preventivare che, con la paralisi delle attivit\u00e0 non ritenute essenziali, la platea delle fragilit\u00e0 sociali \u00e8 destinata ad ampliarsi. Il nostro obiettivo prioritario deve essere quello di non farci cogliere impreparati ed assicurare che ad ogni cittadino non manchi mai un pasto\u00bb.<\/p>\n<p style=\"text-align: justify;\"><strong>Questione \u201crinuncia all&#8217;indennit\u00e0\u201d. La giudica una richiesta valida?<\/strong><\/p>\n<p style=\"text-align: justify;\">\u00abDalla classe politica ogni cittadino dovrebbe pretendere il massimo impegno nel recuperare risorse strutturali, utili a risolvere le conseguenze della pandemia. Meno comprensibile \u00e8 la richiesta spasmodica di rendere conto in pubblica piazza degli atti di beneficenza che un amministratore sceglie di compiere.<\/p>\n<p style=\"text-align: justify;\">Un atto di generosit\u00e0 non ha bisogno di pubblicit\u00e0 n\u00e9 tantomeno di essere spettacolarizzato per strappare l\u2019applauso della collettivit\u00e0. La peculiarit\u00e0 di questa Giunta \u00e8 lavorare incessantemente, non perdendo di vista i sempre nuovi bisogni dei cittadini che si presentano in questa delicata circostanza\u00bb.<\/p>\n<p style=\"text-align: justify;\"><strong>In che modo vi state preparando per i prossimi Consigli comunali?<\/strong><\/p>\n<p style=\"text-align: justify;\">\u00abPer quanto riguarda l\u2019organizzazione degli Uffici, abbiamo approvato un regolamento per il lavoro agile, che consente ai dipendenti di proseguire a svolgere le proprie mansioni da casa; inoltre, abbiamo predisposto una rotazione del personale che \u00e8 necessario operi in presenza, al fine di assicurare la copertura dei servizi indifferibili. Tutti i dipendenti, come anche gli agenti della Polizia Locale e i volontari della Protezione Civile, sono stati attrezzati con mascherine chirurgiche, visiere e guanti monouso, cos\u00ec da lavorare in sicurezza.<\/p>\n<p style=\"text-align: justify;\">Venendo all\u2019attivit\u00e0 del Consiglio comunale, abbiamo licenziato una determinazione che fissa i criteri per lo svolgimento dei lavori in videoconferenza. Al momento stiamo risolvendo gli aspetti tecnici, individuando una piattaforma che permetta il collegamento in streaming di tutti i consiglieri, garantendo trasparenza e regolarit\u00e0 alle sedute. Se non riusciremo a risolvere questi dettagli operativi in tempo utile, convocheremo il Consiglio in presenza, mantenendo le prescritte distanze di sicurezza.<\/p>\n<p style=\"text-align: justify;\">Del resto, abbiamo urgenza di riunire l\u2019assise cittadina entro la fine del mese, affinch\u00e9 venga approvato il Bilancio di previsione: senza il documento finanziario siamo obbligati a procedere per dodicesimi, il che vuol dire non poter dar seguito alle assunzioni e agli investimenti previsti. Inoltre, l\u2019approvazione del Bilancio \u00e8 il punto di partenza per apportare le successive variazioni: molte progettualit\u00e0, per forza di cose, verranno meno e le somme stanziate andranno a incrementare il capitolo della spesa sociale\u00bb.<\/p>\n<p style=\"text-align: justify;\"><strong>La scadenza del pagamento della Tari \u00e8 prevista per il 30 aprile, avete pensato ad un rinvio?<\/strong><\/p>\n<p style=\"text-align: justify;\">\u00abSar\u00e0 certamente disposta una proroga. Insieme all\u2019assessore al Bilancio stiamo individuando la data pi\u00f9 opportuna, facendo attenzione ad evitare che si sommino pi\u00f9 scadenze fiscali. A tal proposito, \u00e8 importante evidenziare che l\u2019Ente non ha la possibilit\u00e0 di azzerare i tributi locali: quelle entrate servono per finanziare i servizi essenziali per la comunit\u00e0, come la raccolta dei rifiuti o i Servizi Sociali. Aggiungo che se la situazione di ristagno dovesse protrarsi, i Bilanci di tutti i Comuni rischiano il collasso: possiamo operare tutte le variazioni possibili ma prima o poi le risorse finiranno, visto che le entrate saranno drasticamente ridotte, se non azzerate, a causa del blocco della maggior parte delle attivit\u00e0 economiche. Ragion per cui, abbiamo investito il presidente dell\u2019ANCI, il sindaco Antonio Decaro, dell\u2019onere di farsi portavoce dinanzi al Governo dell\u2019urgenza di varare misure di sostegno in favore degli Enti Locali. Finora abbiamo solo ricevuto i famosi 102mila euro, che corrispondono ad un\u2019anticipazione del Fondo di Solidariet\u00e0 Comunale che ogni Ente riceve a maggio. Serve un passo in pi\u00f9 per compensare i mancati introiti e seguitare ad erogare i servizi indispensabili per i cittadini\u00bb.<\/p>\n<p style=\"text-align: justify;\"><strong>Per concludere, un augurio ai cittadini per questa insolita Pasqua?<\/strong><\/p>\n<p style=\"text-align: justify;\">\u00abL\u2019augurio \u00e8 di superare questa prova non \u201cil prima possibile\u201d ma \u201cnel miglior modo\u201d, certi di aver salvaguardato la nostra vita e senza la paura di una ricaduta. La fretta di ritornare alla normalit\u00e0 \u00e8 la peggior nemica in questo frangente: abbiamo tutti nostalgia di ci\u00f2 che facevamo prima che la nostra routine fosse sconvolta dal Coronavirus, vorremmo ritornare a far visita ai nostri cari, a passeggiare liberamente in piazza e ad abbracciarci\u2026 ma la vita non ha prezzo. \u00c8 fondamentale mantenere alta la guardia per tutto il periodo che si render\u00e0 necessario, senza pericolose accelerazioni, cos\u00ec da non vanificare il sacrificio che tutti stiamo compiendo. Restiamo a casa, questa \u00e8 l\u2019unica precauzione che dobbiamo adottare per difendere la nostra vita.<\/p>\n<p style=\"text-align: justify;\">Il mio augurio \u00e8 anche quello di continuare ad essere una comunit\u00e0 solidale: ci salveremo solo coltivando l\u2019aiuto reciproco. E Turi ha dato prova di saper fare appello al proprio buon cuore, di essere pronta a una mobilitazione straordinaria per non lasciare nessuno indietro.<\/p>\n<p style=\"text-align: justify;\">Rivolgo un pensiero a tutti turesi che sono fuori Puglia e che non potranno ritornare a Turi per ricongiungersi con le proprie famiglie. Penso ai tanti ragazzi che, con senso di responsabilit\u00e0, hanno scelto di restare nelle citt\u00e0 del Nord in cui studiano o lavorano, evitando il dilagare dei contagi\u00bb.<\/p>\n<p style=\"text-align: justify;\">Infine, un augurio speciale alle Forze dell\u2019Ordine, alla Protezione Civile, alla Caritas, ai capi scout Agesci 1, all\u2019assistente sociale del Comune di Turi e a tutti i cittadini che stanno donando\u00bb.<\/p>\n<p style=\"text-align: right;\"><strong>Fabio D\u2019Aprile<\/strong><\/p>\n","protected":false},"excerpt":{"rendered":"<p><img loading=\"lazy\" decoding=\"async\" src=\"https:\/\/live.staticflickr.com\/65535\/49758620731_e7304ce7ea_n.jpg\" alt=\"Il sindaco Tina Resta\" width=\"320\" height=\"213\" \/><\/p>\n","protected":false},"author":1,"featured_media":0,"comment_status":"open","ping_status":"closed","sticky":false,"template":"","format":"standard","meta":{"colormag_page_container_layout":"default_layout","colormag_page_sidebar_layout":"default_layout","footnotes":""},"categories":[4],"tags":[],"class_list":["post-17499","post","type-post","status-publish","format-standard","hentry","category-politica"],"_links":{"self":[{"href":"https:\/\/archivioturi.lavocedelpaese.info\/index.php\/wp-json\/wp\/v2\/posts\/17499","targetHints":{"allow":["GET"]}}],"collection":[{"href":"https:\/\/archivioturi.lavocedelpaese.info\/index.php\/wp-json\/wp\/v2\/posts"}],"about":[{"href":"https:\/\/archivioturi.lavocedelpaese.info\/index.php\/wp-json\/wp\/v2\/types\/post"}],"author":[{"embeddable":true,"href":"https:\/\/archivioturi.lavocedelpaese.info\/index.php\/wp-json\/wp\/v2\/users\/1"}],"replies":[{"embeddable":true,"href":"https:\/\/archivioturi.lavocedelpaese.info\/index.php\/wp-json\/wp\/v2\/comments?post=17499"}],"version-history":[{"count":0,"href":"https:\/\/archivioturi.lavocedelpaese.info\/index.php\/wp-json\/wp\/v2\/posts\/17499\/revisions"}],"wp:attachment":[{"href":"https:\/\/archivioturi.lavocedelpaese.info\/index.php\/wp-json\/wp\/v2\/media?parent=17499"}],"wp:term":[{"taxonomy":"category","embeddable":true,"href":"https:\/\/archivioturi.lavocedelpaese.info\/index.php\/wp-json\/wp\/v2\/categories?post=17499"},{"taxonomy":"post_tag","embeddable":true,"href":"https:\/\/archivioturi.lavocedelpaese.info\/index.php\/wp-json\/wp\/v2\/tags?post=17499"}],"curies":[{"name":"wp","href":"https:\/\/api.w.org\/{rel}","templated":true}]}}