{"id":17485,"date":"2020-04-05T06:25:07","date_gmt":"2020-04-05T06:25:07","guid":{"rendered":"https:\/\/archivioturi.lavocedelpaese.info\/index.php\/2020\/04\/05\/i-sacerdoti-della-diocesi-impegnati-in-una-via-crucis-online\/"},"modified":"2020-04-05T06:25:07","modified_gmt":"2020-04-05T06:25:07","slug":"i-sacerdoti-della-diocesi-impegnati-in-una-via-crucis-online","status":"publish","type":"post","link":"https:\/\/archivioturi.lavocedelpaese.info\/index.php\/2020\/04\/05\/i-sacerdoti-della-diocesi-impegnati-in-una-via-crucis-online\/","title":{"rendered":"I sacerdoti della diocesi impegnati in una Via Crucis online"},"content":{"rendered":"<p><img loading=\"lazy\" decoding=\"async\" src=\"https:\/\/live.staticflickr.com\/65535\/49733311792_c49fe99cda_n.jpg\" alt=\"via crucis\" width=\"320\" height=\"180\" \/><\/p>\n<p style=\"text-align: justify;\">Lo scorso 31 marzo l\u2019arciprete di Polignano don Gaetano Luca ha pubblicato sul proprio canale youtube una Via Crucis del tutto particolare. Con le chiese chiuse causa emergenza sanitaria, con le celebrazioni del triduo pasquale affidate alla rete, con una Pasqua imminente che sar\u00e0 celebrata pi\u00f9 in solitaria che mai, diversi sacerdoti della nostra Diocesi hanno voluto lanciare un messaggio di unit\u00e0 e di speranza: hanno dato un prezioso contributo alla preghiera comune, leggendo, cantando e commentando le quindici stazioni della tradizionale Via Crucis.<\/p>\n<p style=\"text-align: justify;\">\u00abAppare di notevole interesse come un po\u2019 tutti in questo periodo difficile, \u201ccon ogni mezzo\u201d siamo impegnati, nei modi in cui la creativit\u00e0 dello Spirito ci suggerisce, a portare nel mondo, a casa, la luce della speranza di Cristo \u2013 scrive don Gaetano. Abbiamo allora pensato di confezionare uno strumento che possa aiutare a pregare, rimanendo ciascuno a casa propria\u00bb.<\/p>\n<p style=\"text-align: justify;\">Questa via della croce, \u201cNulla \u00e8 perduto\u201d, accompagner\u00e0 i fedeli della nostra Diocesi nel cammino verso la Pasqua. Le invocazioni sono state cantate da una voce cara ai turesi, quella dell\u2019ex parroco della Ausiliatrice don Maurizio Caldararo. Invece il parroco di san Giovanni, don Nicola D\u2019Onghia, ha realizzato la riflessione della settima stazione, \u201cGes\u00f9 cade per la seconda volta\u201d.<\/p>\n<p><iframe loading=\"lazy\" width=\"560\" height=\"315\" src=\"https:\/\/www.youtube.com\/embed\/KxGy6Mkvz6o\" frameborder=\"0\" allow=\"accelerometer; autoplay; encrypted-media; gyroscope; picture-in-picture\" allowfullscreen=\"true\" style=\"display: block; margin-left: auto; margin-right: auto;\"><\/iframe><\/p>\n<p><img loading=\"lazy\" decoding=\"async\" src=\"https:\/\/live.staticflickr.com\/65535\/49733313952_4c0466d718_z.jpg\" alt=\"pasqua turi\" style=\"display: block; margin-left: auto; margin-right: auto;\" width=\"640\" height=\"452\" \/><\/p>\n","protected":false},"excerpt":{"rendered":"<p><img loading=\"lazy\" decoding=\"async\" src=\"https:\/\/live.staticflickr.com\/65535\/49733311792_c49fe99cda_n.jpg\" alt=\"via crucis\" width=\"320\" height=\"180\" \/><\/p>\n","protected":false},"author":1,"featured_media":0,"comment_status":"open","ping_status":"closed","sticky":false,"template":"","format":"standard","meta":{"colormag_page_container_layout":"default_layout","colormag_page_sidebar_layout":"default_layout","footnotes":""},"categories":[6],"tags":[],"class_list":["post-17485","post","type-post","status-publish","format-standard","hentry","category-cultura"],"_links":{"self":[{"href":"https:\/\/archivioturi.lavocedelpaese.info\/index.php\/wp-json\/wp\/v2\/posts\/17485","targetHints":{"allow":["GET"]}}],"collection":[{"href":"https:\/\/archivioturi.lavocedelpaese.info\/index.php\/wp-json\/wp\/v2\/posts"}],"about":[{"href":"https:\/\/archivioturi.lavocedelpaese.info\/index.php\/wp-json\/wp\/v2\/types\/post"}],"author":[{"embeddable":true,"href":"https:\/\/archivioturi.lavocedelpaese.info\/index.php\/wp-json\/wp\/v2\/users\/1"}],"replies":[{"embeddable":true,"href":"https:\/\/archivioturi.lavocedelpaese.info\/index.php\/wp-json\/wp\/v2\/comments?post=17485"}],"version-history":[{"count":0,"href":"https:\/\/archivioturi.lavocedelpaese.info\/index.php\/wp-json\/wp\/v2\/posts\/17485\/revisions"}],"wp:attachment":[{"href":"https:\/\/archivioturi.lavocedelpaese.info\/index.php\/wp-json\/wp\/v2\/media?parent=17485"}],"wp:term":[{"taxonomy":"category","embeddable":true,"href":"https:\/\/archivioturi.lavocedelpaese.info\/index.php\/wp-json\/wp\/v2\/categories?post=17485"},{"taxonomy":"post_tag","embeddable":true,"href":"https:\/\/archivioturi.lavocedelpaese.info\/index.php\/wp-json\/wp\/v2\/tags?post=17485"}],"curies":[{"name":"wp","href":"https:\/\/api.w.org\/{rel}","templated":true}]}}