{"id":17476,"date":"2020-03-31T08:45:27","date_gmt":"2020-03-31T08:45:27","guid":{"rendered":"https:\/\/archivioturi.lavocedelpaese.info\/index.php\/2020\/03\/31\/la-quarantena-artistica-di-doxa-e-rodama\/"},"modified":"2020-03-31T08:45:27","modified_gmt":"2020-03-31T08:45:27","slug":"la-quarantena-artistica-di-doxa-e-rodama","status":"publish","type":"post","link":"https:\/\/archivioturi.lavocedelpaese.info\/index.php\/2020\/03\/31\/la-quarantena-artistica-di-doxa-e-rodama\/","title":{"rendered":"La quarantena artistica di Doxa e Rodama"},"content":{"rendered":"<p><img loading=\"lazy\" decoding=\"async\" src=\"https:\/\/live.staticflickr.com\/65535\/49706392787_7375b253c4_n.jpg\" alt=\"doxa e rodama\" width=\"320\" height=\"194\" \/><\/p>\n<p style=\"text-align: center;\"><strong>Dalle metriche stringenti del rap di Carlo Giangrande alle fantasiose mascherine realizzate gratuitamente da Rossana Marotta<\/strong><\/p>\n<p style=\"text-align: justify;\">Nonostante gli hashtag e gli striscioni colorati dei bambini su cui \u00e8 scritto che \u201candr\u00e0 tutto bene\u201d, la sensazione di costrizione conseguente alla quarantena per placare il diffondersi del Coronavirus \u00e8 tutt\u2019altro che ignorabile. Se da un lato \u00e8 importante esorcizzare la paura spostando l\u2019attenzione su prospettive positive, dall\u2019altro \u00e8 senza dubbio benefico tirarla fuori, magari con autoironia.<\/p>\n<p style=\"text-align: justify;\">\u00c8 questo il caso di Carlo Giangrande, turese classe \u201995, autore dello striscione \u201cDo n\u2019 stem a sc\u00ec d\u2019 chep\u201d che la scorsa settimana ha letteralmente sbancato i social, finendo addirittura sulla pagina \u201cInchiostro di Puglia\u201d dove ha registrato un apprezzamento pari ad oltre 9mila likes. Nell\u2019ultimo numero lo abbiamo intervistato per saperne di pi\u00f9 e per porgli qualche domanda sul suo ritorno al rap con 16 barre (versi), applauditissime, dedicate al Coronavirus e all\u2019esperienza della quarantena. Ne \u00e8 scaturita un\u2019intervista dalle risposte taglienti e carica di tanta autoironia che, in momenti come questi, pu\u00f2 essere addirittura terapeutica.<\/p>\n<p style=\"text-align: justify;\">Nelle battute finali, Carlo \u201cDoxa\u201d prometteva nuovi colpi di genio e difatti, a distanza di una settimana, la parola \u00e8 stata mantenuta: il rapper turese ha pubblicato due nuovi brani, sempre scritti ed interpretati da lui stesso, e, tra una rima e l\u2019altra, ha anche avuto il tempo e il modo di tingersi i capelli di verde.<\/p>\n<p style=\"text-align: justify;\"><strong>Prima di entrare nel merito delle tue canzoni, come mai la scelta di tingerti i capelli di verde?<\/strong><\/p>\n<p style=\"text-align: justify;\">\u00abQualche giorno fa, sono incappato in una \u201cchallenge\u201d su Facebook. In pratica, ho messo un like ad uno stato di un amico, per poi scoprire che avrei dovuto anche io pubblicare un post con una delle frasi scelte appositamente per questa challenge. Ho scelto la frase \u201cMi tingo i capelli di verde\u201d ed io sono uno che mantiene sempre le promesse\u00bb.<\/p>\n<p style=\"text-align: justify;\"><strong>Negli ultimi giorni hai pubblicato su SoundCloud \u201cManara\u201d e \u201cIo, un pensiero positivo non lo faccio mai\u201d: la reclusione forzata ti ha riportato alla scrittura?<\/strong><\/p>\n<p style=\"text-align: justify;\">\u00abB\u00e8, s\u00ec. La reclusione mi ha riportato alla scrittura; per me \u00e8 un ottimo passatempo e certamente lo consiglierei a qualcuno che ha voglia di condividere questa passione. Tuttavia ci sono tante altre cose che si possono fare in casa: infastidire i propri genitori, cucinare; insomma di tempo ne abbiamo in abbondanza. Per la prima volta nelle nostre misere vite possiamo non correre\u00bb.<\/p>\n<p style=\"text-align: justify;\"><strong>Come mai hai deciso di pubblicare questi due brani?<\/strong><\/p>\n<p style=\"text-align: justify;\">\u00abDa tempo avrei voluto caricare quei due brani. Diciamo che in questi giorni ho avuto la spinta necessaria a farlo\u00bb.<\/p>\n<p style=\"text-align: justify;\">Ebbene, rimandiamo i lettori all\u2019ascolto di queste due canzoni, intrise di rime strette in una metrica stringente e disposte per bene a tempo sulla base (beat). Senza anticipare nulla, in entrambi i casi, i testi di Doxa dipingono un romanticismo sofferto ed una figura femminile tanto assassina quanto salvifica. Intanto, nelle scorse ore, il ritorno al rap di Doxa sembrerebbe essere definitivamente confermato e consacrato da un nuovo video, ancora una volta applauditissimo sui social, in cui il giovane rapper turese fa sfoggio del suo flow (flusso) di rime, impreziosite da una serie di riferimenti al mondo degli anime e della letteratura: insomma siamo di fronte ad un rapper dal look cyberpunk che non disdegna il mondo nerd. Una sintesi estrema e, per questo, curiosa.<\/p>\n<p style=\"text-align: justify;\"><strong>Dai social abbiamo notato che possiedi una mascherina realizzata da Rodama. Sono abbastanza hip hop per te?<\/strong><\/p>\n<p style=\"text-align: justify;\">\u00abPer fortuna alcuni compaesani hanno avuto l\u2019iniziativa di realizzare mascherine in casa; tra questi Rodama che ha realizzato per me una mascherina piuttosto eccentrica. Desideravo un look cyberpunk per affrontare al meglio questa pandemia. Se ci sar\u00e0 un apocalisse zombie voglio affrontarla con stile\u00bb.<\/p>\n<p><img loading=\"lazy\" decoding=\"async\" src=\"https:\/\/live.staticflickr.com\/65535\/49706396917_e8e24869d3_n.jpg\" alt=\"mascherine rodama (2)\" style=\"margin: 6px; float: left;\" width=\"313\" height=\"320\" \/><\/p>\n<p style=\"text-align: justify;\">Dal cinismo e l\u2019autoironia di Carlo \u201cDoxa\u201d passiamo adesso al lavoro da certosino di Rossana Marotta, in arte \u201cRodama\u201d. Qualche tempo fa, abbiamo dato ampio spazio su queste colonne alla produzione artistica di questa nostra concittadina che, nei suoi innumerevoli e svariati manufatti, ha impresso i propri viaggi in Oriente ed il proprio estro. Anche lei, come \u201cDoxa\u201d, avendo qualcosa di creativo da realizzare, non ha incontrato grosse difficolt\u00e0 nel momento in cui ha dovuto, come tutti, riempire in maniera costruttiva la propria routine stravolta dalla quarantena.<\/p>\n<p style=\"text-align: justify;\">Anzi, a dirla tutta, Rodama ha messo a disposizione di tutti la sua arte, iniziando a realizzare delle mascherine davvero particolari e talmente piacevoli a vedersi che un domani, ipotizzando il peggio, potrebbero essere accessorio di moda. Adesso pu\u00f2 sembrare surreale fare quest\u2019affermazione, ma se un giorno le circostanze dovessero impedirci di fare a meno delle mascherine, le prospettive, ancora una volta, potrebbero ribaltarsi, svelando scenari oggi improbabili. Certo \u00e8 che, rispetto alle mascherine standard, quelle di Rodama hanno il pregio di non essere esteticamente ansiogene, ma soprattutto, come vedremo, di essere totalmente gratuite: il suo infatti \u00e8 puro volontariato.<\/p>\n<p style=\"text-align: justify;\"><strong>Quante mascherine hai realizzato finora?<\/strong><\/p>\n<p style=\"text-align: justify;\">\u00abNe ho realizzate circa una sessantina in una settimana. In pratica una ventina ogni due giorni, tenendo conto che le realizzo da sola e che c\u2019\u00e8 una fase in cui preparo tutte le basi di tessuto ed una successiva in cui aggiungo gli elastici e le ripiego dando la forma tipica di una mascherina\u00bb.<\/p>\n<p style=\"text-align: justify;\"><strong>Fino a quando continuerai a realizzarle?<\/strong><\/p>\n<p style=\"text-align: justify;\">\u00abSicuramente finch\u00e9 rester\u00f2 a casa. Quando potr\u00f2 uscire, penso proprio che andr\u00f2 al mare\u201d.<\/p>\n<p><img loading=\"lazy\" decoding=\"async\" src=\"https:\/\/live.staticflickr.com\/65535\/49706075956_7307934055_n.jpg\" alt=\"MASCHERINE VARIE\" style=\"margin: 6px; float: right;\" width=\"240\" height=\"320\" \/><\/p>\n<p style=\"text-align: justify;\"><strong>Con quale tecnica e materiale sono state realizzate?<\/strong><\/p>\n<p style=\"text-align: justify;\">\u00abLe mascherine si compongono di due tessuti cuciti insieme. La parte esterna \u00e8 fatta di cotone misto ad altri materiali, mentre la parte interna \u00e8 realizzata con un tessuto che si chiama \u201cpelle d\u2019uovo\u201d, una mussolina molto fine di cotone che ricorda la \u201cpelle\u201d dell&#8217;uovo dopo la cottura; nonostante l\u2019apparente leggerezza, questo tessuto \u00e8 molto compatto e resistente e, perci\u00f2, \u00e8 usato per la biancheria femminile e di casa. Il procedimento \u00e8 molto semplice: taglio due rettangoli di tessuto delle dimensioni di 24&#215;25, li cucio al contrario sui lati lunghi, poi passo ai lati corti del rettangolo e li cucio fino a 7 cm dalla cucitura su entrambi i lati, lasciando un\u2019apertura centrale che mi permette in seguito di rovesciare il tessuto dalla parte dritta. A questo punto fisso \u201cad occhio\u201d gli elastici senza spilli o imbastiture, chiudo le due fessure che avevo lasciato in precedenza per rigirare il tessuto, stiro per stendere il rettangolo, lo piego in due e poi lo ripiego a fisarmonica cucendo le estremit\u00e0 in modo che la mascherina si adatti perfettamente al viso. Sono colorate, funzionali, le puoi lavare e \u201cf\u00e0scene u\u2019 fat\u00ecche l\u00f2re\u201d!\u00bb.<\/p>\n<p style=\"text-align: justify;\"><strong>Le stai regalando o vendendo?<\/strong><\/p>\n<p style=\"text-align: justify;\">\u00abLe sto regalando: non mi sembra il momento opportuno per venderle e, in pi\u00f9, lo faccio per tenermi impegnata, perch\u00e9 ho tanto materiale per realizzarle: lo posso fare e lo faccio!\u00bb.<\/p>\n<p style=\"text-align: justify;\"><strong>Come si prenotano e come vengono consegnate?<\/strong><\/p>\n<p style=\"text-align: justify;\">\u00abVengono consegnate tramite la Protezione Civile che, oltre alla raccolta e alla consegna, mi ha anche fornito del materiale supplementare per la realizzazione. Ovviamente chi mi conosce, pu\u00f2 richiederle contattandomi\u00bb.<\/p>\n<p><img loading=\"lazy\" decoding=\"async\" src=\"https:\/\/live.staticflickr.com\/65535\/49705541668_16db5819de_n.jpg\" alt=\"90294105_10222914391037054_5890827648266928128_o\" style=\"margin: 6px; float: left;\" width=\"320\" height=\"266\" \/><\/p>\n<p style=\"text-align: justify;\">Come detto poc\u2019anzi, qualche tempo fa abbiamo intervistato a 360\u00b0 Rodama per conoscere la sua tecnica e i suoi prodotti, scoprendone in particolare uno, ovvero il cubo-serpente, una curiosa alternativa del cubo di Rubik: in questo caso, infatti, il cubo, dopo essere stato srotolato, va integralmente ricomposto nella sua struttura, non solo nei colori delle facce. Un passatempo che, ad uno sguardo superficiale, potrebbe sembrare adatto ai pi\u00f9 piccoli poich\u00e9 apparentemente semplice; tuttavia le cose non stanno cos\u00ec, possiamo assicurarvelo.<\/p>\n<p style=\"text-align: justify;\"><strong>In base alla tua esperienza, il cubo-serpente \u00e8 un rompicapo che pu\u00f2 tenere impegnati per molto tempo?<\/strong><\/p>\n<p style=\"text-align: justify;\">\u00abB\u00e8, si! Io li ricompongo in tempi record, perch\u00e9 li conosco a memoria dato che sono io stessa ad assemblarli. Tuttavia, per esperienza diretta, ma soprattutto indiretta, so che impegna un bel po\u2019 di tempo\u00bb.<\/p>\n<p style=\"text-align: justify;\"><strong>Hai intenzione di realizzare qualcos\u2019altro per questa quarantena?<\/strong><\/p>\n<p style=\"text-align: justify;\">\u00abPer ora mi dedico alla realizzazione delle mascherine, vista la necessit\u00e0. Poi, finita l\u2019emergenza, spero di ritornare a realizzare portachiavi, orecchini e tutti i prodotti \u201cRodama\u201d. Spero di poter ricominciare presto a fare anche i mercatini; ora come ora non so a chi possano servire orecchini, bracciali ecc.: non sono un bene di prima necessit\u00e0\u00bb.<\/p>\n<p style=\"text-align: justify;\"><strong>Consigli qualche attivit\u00e0 \u201crod\u00e0mica\u201d per passare la quarantena?<\/strong><\/p>\n<p style=\"text-align: justify;\">\u00abSi, fac\u00ecteve i mascher\u00ecne. Altrimenti consiglio a tutti di dipingere, smontare e rimontare. Insomma, fare qualcosa di creativo con tutto quello che si ha in casa\u00bb.<\/p>\n<p style=\"text-align: justify;\"><strong>Un commento conclusivo?<\/strong><\/p>\n<p style=\"text-align: justify;\">\u00abCerto: anche con le mascherine, st\u00e0teve e\u2019 c\u00e0sere!\u00bb.<\/p>\n<p style=\"text-align: justify;\">Effettivamente il dente un tantino avvelenato di Rodama va compreso, poich\u00e9 negli ultimi giorni sui social si legge di tutto e di pi\u00f9, trascendendo l\u2019assurdo e sfociando nel ridicolo, perch\u00e9 altro aggettivo non esiste per definire coloro che hanno avuto il coraggio di criticare chi, come la stessa Rodama, a proprie spese, ha impegnato il proprio tempo a favore della collettivit\u00e0. Evidentemente, dopo Carlo \u201cDoxa\u201d, in tanti \u201cse ne st\u00f2nne a sc\u00ec d\u2019 ch\u00e8pe\u201d. Il consiglio, ancora una volta, \u00e8 di impegnarsi in attivit\u00e0 creative che distolgano dallo stress da reclusione ma soprattutto dalla tentazione di usare i social per diffondere ulteriore malessere.<\/p>\n<p style=\"text-align: right;\"><strong>LEONARDO FLORIO<\/strong><\/p>\n","protected":false},"excerpt":{"rendered":"<p><img loading=\"lazy\" decoding=\"async\" src=\"https:\/\/live.staticflickr.com\/65535\/49706392787_7375b253c4_n.jpg\" alt=\"doxa e rodama\" width=\"320\" height=\"194\" \/><\/p>\n","protected":false},"author":1,"featured_media":0,"comment_status":"open","ping_status":"closed","sticky":false,"template":"","format":"standard","meta":{"colormag_page_container_layout":"default_layout","colormag_page_sidebar_layout":"default_layout","footnotes":""},"categories":[6],"tags":[],"class_list":["post-17476","post","type-post","status-publish","format-standard","hentry","category-cultura"],"_links":{"self":[{"href":"https:\/\/archivioturi.lavocedelpaese.info\/index.php\/wp-json\/wp\/v2\/posts\/17476","targetHints":{"allow":["GET"]}}],"collection":[{"href":"https:\/\/archivioturi.lavocedelpaese.info\/index.php\/wp-json\/wp\/v2\/posts"}],"about":[{"href":"https:\/\/archivioturi.lavocedelpaese.info\/index.php\/wp-json\/wp\/v2\/types\/post"}],"author":[{"embeddable":true,"href":"https:\/\/archivioturi.lavocedelpaese.info\/index.php\/wp-json\/wp\/v2\/users\/1"}],"replies":[{"embeddable":true,"href":"https:\/\/archivioturi.lavocedelpaese.info\/index.php\/wp-json\/wp\/v2\/comments?post=17476"}],"version-history":[{"count":0,"href":"https:\/\/archivioturi.lavocedelpaese.info\/index.php\/wp-json\/wp\/v2\/posts\/17476\/revisions"}],"wp:attachment":[{"href":"https:\/\/archivioturi.lavocedelpaese.info\/index.php\/wp-json\/wp\/v2\/media?parent=17476"}],"wp:term":[{"taxonomy":"category","embeddable":true,"href":"https:\/\/archivioturi.lavocedelpaese.info\/index.php\/wp-json\/wp\/v2\/categories?post=17476"},{"taxonomy":"post_tag","embeddable":true,"href":"https:\/\/archivioturi.lavocedelpaese.info\/index.php\/wp-json\/wp\/v2\/tags?post=17476"}],"curies":[{"name":"wp","href":"https:\/\/api.w.org\/{rel}","templated":true}]}}