{"id":17466,"date":"2020-03-28T08:00:17","date_gmt":"2020-03-28T08:00:17","guid":{"rendered":"https:\/\/archivioturi.lavocedelpaese.info\/index.php\/2020\/03\/28\/durazzo-ama-litalia\/"},"modified":"2020-03-28T08:00:17","modified_gmt":"2020-03-28T08:00:17","slug":"durazzo-ama-litalia","status":"publish","type":"post","link":"https:\/\/archivioturi.lavocedelpaese.info\/index.php\/2020\/03\/28\/durazzo-ama-litalia\/","title":{"rendered":"\u201cDurazzo ama l\u2019Italia\u201d"},"content":{"rendered":"<p><img loading=\"lazy\" decoding=\"async\" src=\"https:\/\/live.staticflickr.com\/65535\/49706187987_11effde87e_n.jpg\" alt=\"albania\" width=\"320\" height=\"320\" \/><\/p>\n<p style=\"text-align: center;\"><strong>Esposta nel Comune di Durazzo una bandiera in segno di solidariet\u00e0 verso l\u2019Italia duramente colpita dal COVID-19<\/strong><\/p>\n<p style=\"text-align: justify;\">In segno di solidariet\u00e0 verso un&#8217;Italia, duramente colpita dal Coronavirus, nel comune di Durazzo \u00e8 stata esposta una bandiera con la scritta &#8220;Durazzo ama l&#8217;Italia&#8221;. Sul grande drappo \u00e8 raffigurato un cuore, diviso in due parti, con la bandiera italiana da un lato e la bandiera albanese dall&#8217;altro.<\/p>\n<p style=\"text-align: justify;\">Come tutti sanno, l\u2019Italia agli inizi degli anni \u201990 ha accolto vere e proprie ondate di albanesi, accorsi nella nostra nazione durante la cosiddetta \u201cshqiptar\u00ebt n\u00eb Itali\u201d, ovvero la \u201cdiaspora in Italia\u201d successiva alla caduta della Repubblica Popolare Socialista d\u2019Albania avvenuta nel \u201991.<\/p>\n<p style=\"text-align: justify;\">Un\u2019altra circostanza, pi\u00f9 recente, che ha visto gli italiani in prima linea ad aiutare il popolo albanese, risale allo scorso novembre, quando proprio Durazzo veniva colpita al cuore da un terribile terremoto. Ne sanno qualcosa Nicola Lacidogna e Nicola Digilio della Protezione Civile di Turi, partiti all\u2019epoca in Albania per dare il proprio diretto contributo durante le operazioni di allestimento di un campo necessario ad accogliere gli sfollati.<\/p>\n<p style=\"text-align: justify;\">Dimenticare chi, senza chiedere nulla, ha prestato il proprio aiuto nelle situazioni di estrema difficolt\u00e0 \u00e8 qualcosa che, forse, appartiene a ben pochi esseri dis-umani; di certo non agli albanesi che, in questi giorni, come detto inizialmente, hanno voluto far sentire la propria vicinanza al popolo italiano con una bandiera simbolica che vuol dire molto. Ancora una volta, e non ci stancheremo mai di dirlo, \u00e8 necessario ribadire come il corso degli eventi possa ribaltare le prospettive, rovesciare i ruoli e le dialettiche: chi ieri aiutava, oggi ha bisogno d\u2019aiuto e viceversa.<\/p>\n<p style=\"text-align: justify;\">Nell\u2019impietoso numero di decessi che viene di ora in ora aggiornato, la consapevolezza migliore che il Coronvirus pu\u00f2 lasciarci consiste nel ricordare, ora e per sempre, di essere tutti sotto lo stesso cielo e che le cose cambiano, ma che la solidariet\u00e0 tra popoli deve rimanere al di l\u00e0 delle contingenze e degli interessi economici i quali, come visto, garantiscono prima di tutto i profitti, poi, forse, la vita.<\/p>\n<p style=\"text-align: right;\"><strong>LEONARDO FLORIO<\/strong><\/p>\n","protected":false},"excerpt":{"rendered":"<p><img loading=\"lazy\" decoding=\"async\" src=\"https:\/\/live.staticflickr.com\/65535\/49706187987_11effde87e_n.jpg\" alt=\"albania\" width=\"320\" height=\"320\" \/><\/p>\n","protected":false},"author":1,"featured_media":0,"comment_status":"open","ping_status":"closed","sticky":false,"template":"","format":"standard","meta":{"colormag_page_container_layout":"default_layout","colormag_page_sidebar_layout":"default_layout","footnotes":""},"categories":[7],"tags":[],"class_list":["post-17466","post","type-post","status-publish","format-standard","hentry","category-attualita"],"_links":{"self":[{"href":"https:\/\/archivioturi.lavocedelpaese.info\/index.php\/wp-json\/wp\/v2\/posts\/17466","targetHints":{"allow":["GET"]}}],"collection":[{"href":"https:\/\/archivioturi.lavocedelpaese.info\/index.php\/wp-json\/wp\/v2\/posts"}],"about":[{"href":"https:\/\/archivioturi.lavocedelpaese.info\/index.php\/wp-json\/wp\/v2\/types\/post"}],"author":[{"embeddable":true,"href":"https:\/\/archivioturi.lavocedelpaese.info\/index.php\/wp-json\/wp\/v2\/users\/1"}],"replies":[{"embeddable":true,"href":"https:\/\/archivioturi.lavocedelpaese.info\/index.php\/wp-json\/wp\/v2\/comments?post=17466"}],"version-history":[{"count":0,"href":"https:\/\/archivioturi.lavocedelpaese.info\/index.php\/wp-json\/wp\/v2\/posts\/17466\/revisions"}],"wp:attachment":[{"href":"https:\/\/archivioturi.lavocedelpaese.info\/index.php\/wp-json\/wp\/v2\/media?parent=17466"}],"wp:term":[{"taxonomy":"category","embeddable":true,"href":"https:\/\/archivioturi.lavocedelpaese.info\/index.php\/wp-json\/wp\/v2\/categories?post=17466"},{"taxonomy":"post_tag","embeddable":true,"href":"https:\/\/archivioturi.lavocedelpaese.info\/index.php\/wp-json\/wp\/v2\/tags?post=17466"}],"curies":[{"name":"wp","href":"https:\/\/api.w.org\/{rel}","templated":true}]}}