{"id":17463,"date":"2020-03-26T09:12:56","date_gmt":"2020-03-26T09:12:56","guid":{"rendered":"https:\/\/archivioturi.lavocedelpaese.info\/index.php\/2020\/03\/26\/tu-fidas-di-me\/"},"modified":"2020-03-26T09:12:56","modified_gmt":"2020-03-26T09:12:56","slug":"tu-fidas-di-me","status":"publish","type":"post","link":"https:\/\/archivioturi.lavocedelpaese.info\/index.php\/2020\/03\/26\/tu-fidas-di-me\/","title":{"rendered":"Tu, Fidas di me!"},"content":{"rendered":"<p><img loading=\"lazy\" decoding=\"async\" src=\"https:\/\/live.staticflickr.com\/65535\/49681431026_3ca84e120f_n.jpg\" alt=\"Fidas_logo_HD\" width=\"320\" height=\"193\" \/><\/p>\n<p style=\"text-align: center;\"><strong>Aggiornamenti sulle disposizioni riguardo la raccolta sangue delle prossime settimane<\/strong><\/p>\n<p style=\"text-align: justify;\">In queste settimane di confusione, panico e allarmismo, sono tante le voci che girano su ci\u00f2 che si dovrebbe fare e non fare, su cosa sia giusto o meno, ma poche le decisioni chiare e le direttive non opinabili del Ministero. La situazione creata dal \u201cCoronavirus\u201d ci forza a cambiare quasi tutte le nostre certezze, le nostre abitudini e tutto ci\u00f2 che fino a ieri era usuale e normale. E la cosa pi\u00f9 sconcertante \u00e8 che non sappiamo quando questo avr\u00e0 una fine.<\/p>\n<p style=\"text-align: justify;\">Alla luce di queste premesse, \u00e8 giusto informarsi su tutto quello che c\u2019\u00e8 da sapere: ecco perch\u00e9 abbiamo chiesto a Michele Troiano, presidente della sezione \u201cFidas\u201d di Turi, come bisogner\u00e0 procedere alle donazioni del sangue.<\/p>\n<p style=\"text-align: justify;\">La \u201cFidas\u201d \u00e8 un\u2019associazione ONLUS che si occupa della raccolta del sangue e in particolare da pi\u00f9 di 30 anni opera anche nel territorio turese, impegnandosi nel procurare dalle 340 alle 350 sacche di sangue all\u2019anno, che vengono in seguito messe a disposizione ai vari enti ospedalieri. In pratica, si occupa di portare a donare chi pu\u00f2 donare, selezionando, appunto, i donatori da un database che al momento ne accoglie 550 attivi. Fra questi vengono tutelati coloro i quali non hanno donato negli ultimi 90 giorni; inoltre, compilando un questionario, si attesta l\u2019ulteriore idoneit\u00e0.<\/p>\n<p style=\"text-align: justify;\">La sezione turese \u201cFidas\u201d allestisce il proprio spazio entro i centri fisioterapici degli enti ospedalieri, procurando le varie attrezzature per la raccolta del sangue che in seguito verr\u00e0 mandato ai centri trasfusionali. Il loro lavoro \u00e8 sempre stato ottimale e di grande aiuto: al momento non si sa se la prossima raccolta organizzata per il 5 aprile verr\u00e0 effettuata, in seguito all\u2019andamento di questa situazione abbastanza incerta.<\/p>\n<p style=\"text-align: justify;\">Infatti, secondo le direttive, bisogna evitare aggregazioni, inoltre non si pu\u00f2 prevedere un miglioramento dell\u2019emergenza Coronavirus per le prossime settimane, quindi, attualmente, nessuna decisione pu\u00f2 essere presa con fermezza. Tuttavia, Michele Troiano, ha gi\u00e0 prospettato la possibilit\u00e0 di richiedere al Comune di Turi di effettuare la donazione, compilando l\u2019autocertificazione che attesta lo spostamento da casa per un motivo sicuramente non futile.<\/p>\n<p style=\"text-align: justify;\">Purtroppo, i fattori da prendere in considerazione sono tanti e ora pi\u00f9 che mai bisogna tutelare la salute delle persone se vogliamo riprenderci da questa situazione surreale quanto minacciosa. Si avranno sicuramente aggiornamenti nei prossimi giorni, come asserito da Michele Troiano. Per il momento non possiamo fare altro che aspettare e contribuire restando a casa.<\/p>\n<p style=\"text-align: right;\"><strong>SIMONA BIANCO<\/strong><\/p>\n","protected":false},"excerpt":{"rendered":"<p><img loading=\"lazy\" decoding=\"async\" src=\"https:\/\/live.staticflickr.com\/65535\/49681431026_3ca84e120f_n.jpg\" alt=\"Fidas_logo_HD\" width=\"320\" height=\"193\" \/><\/p>\n","protected":false},"author":1,"featured_media":0,"comment_status":"open","ping_status":"closed","sticky":false,"template":"","format":"standard","meta":{"colormag_page_container_layout":"default_layout","colormag_page_sidebar_layout":"default_layout","footnotes":""},"categories":[7],"tags":[],"class_list":["post-17463","post","type-post","status-publish","format-standard","hentry","category-attualita"],"_links":{"self":[{"href":"https:\/\/archivioturi.lavocedelpaese.info\/index.php\/wp-json\/wp\/v2\/posts\/17463","targetHints":{"allow":["GET"]}}],"collection":[{"href":"https:\/\/archivioturi.lavocedelpaese.info\/index.php\/wp-json\/wp\/v2\/posts"}],"about":[{"href":"https:\/\/archivioturi.lavocedelpaese.info\/index.php\/wp-json\/wp\/v2\/types\/post"}],"author":[{"embeddable":true,"href":"https:\/\/archivioturi.lavocedelpaese.info\/index.php\/wp-json\/wp\/v2\/users\/1"}],"replies":[{"embeddable":true,"href":"https:\/\/archivioturi.lavocedelpaese.info\/index.php\/wp-json\/wp\/v2\/comments?post=17463"}],"version-history":[{"count":0,"href":"https:\/\/archivioturi.lavocedelpaese.info\/index.php\/wp-json\/wp\/v2\/posts\/17463\/revisions"}],"wp:attachment":[{"href":"https:\/\/archivioturi.lavocedelpaese.info\/index.php\/wp-json\/wp\/v2\/media?parent=17463"}],"wp:term":[{"taxonomy":"category","embeddable":true,"href":"https:\/\/archivioturi.lavocedelpaese.info\/index.php\/wp-json\/wp\/v2\/categories?post=17463"},{"taxonomy":"post_tag","embeddable":true,"href":"https:\/\/archivioturi.lavocedelpaese.info\/index.php\/wp-json\/wp\/v2\/tags?post=17463"}],"curies":[{"name":"wp","href":"https:\/\/api.w.org\/{rel}","templated":true}]}}