{"id":17420,"date":"2020-03-09T07:09:43","date_gmt":"2020-03-09T07:09:43","guid":{"rendered":"https:\/\/archivioturi.lavocedelpaese.info\/index.php\/2020\/03\/09\/coronavirus-iniziano-i-controlli-delle-forze-dellordine\/"},"modified":"2020-03-09T07:09:43","modified_gmt":"2020-03-09T07:09:43","slug":"coronavirus-iniziano-i-controlli-delle-forze-dellordine","status":"publish","type":"post","link":"https:\/\/archivioturi.lavocedelpaese.info\/index.php\/2020\/03\/09\/coronavirus-iniziano-i-controlli-delle-forze-dellordine\/","title":{"rendered":"Coronavirus, iniziano i controlli delle Forze dell\u2019Ordine"},"content":{"rendered":"<p><img loading=\"lazy\" decoding=\"async\" src=\"https:\/\/live.staticflickr.com\/65535\/49637790818_eb40e53f85_n.jpg\" alt=\"coronavirus controlli turi\" width=\"320\" height=\"256\" \/><\/p>\n<p style=\"text-align: justify;\">Nella mattinata di ieri, domenica 8 marzo, il Centro Operativo Comunale (COC) \u00e8 ritornato a riunirsi per aggiornarsi in merito alle misure introdotte nel nuovo Decreto del Presidente del Consiglio dei Ministri.<\/p>\n<p style=\"text-align: justify;\"><img loading=\"lazy\" decoding=\"async\" src=\"https:\/\/live.staticflickr.com\/65535\/49638307346_895daba29f_n.jpg\" alt=\"coc 6 marzo\" style=\"margin: 6px; float: right;\" width=\"320\" height=\"156\" \/><\/p>\n<p style=\"text-align: justify;\">\u00abIl Sindaco \u2013 si legge in una nota diramata sul profilo istituzionale dell\u2019Ente \u2013 ha chiesto alla Polizia Municipale ed ai Carabinieri della locale Stazione di pianificare controlli in merito alla distanza interpersonale nei luoghi pubblici e di identificare persone provenienti da zone a rischio epidemiologico\u00bb.<\/p>\n<p style=\"text-align: justify;\">Il primo riscontro dell&#8217;attivit\u00e0 di monitoraggio si \u00e8 avuto gi\u00e0 in serata: il Comandante Sacchetti \u00abha informato di aver accertato le generalit\u00e0 di persone provenienti da zone a rischio ma comunque di passaggio attraverso il nostro territorio\u00bb. Il riferimento dovrebbe essere ai passeggeri di un autobus proveniente da Milano, transitato nel nostro territorio senza tuttavia sostarvi.<\/p>\n<p><strong>Putignano, negativi tutti i tamponi eseguiti<\/strong><\/p>\n<p style=\"text-align: justify;\">Buone notizie anche dal &#8220;Santa Maria degli Angeli&#8221;, il presidio ospedaliero Putignanese dove era ricoverato un paziente risultato positivo al Coronavirus.<\/p>\n<p style=\"text-align: justify;\">\u00abL\u2019autorit\u00e0 sanitaria \u2013 scrive Luciana Laera, sindaco di Putignano \u2013 ci ha riferito che sono negativi i tamponi di tutti coloro che a vario titolo hanno avuto rapporti stretti con il paziente risultato positivo e ricoverato sino a ieri mattina presso l\u2019Ospedale di Putignano.<\/p>\n<p style=\"text-align: justify;\">Una notizia che ci rincuora, anche perch\u00e9 ci dicono che il nostro Ospedale non \u00e8 il focolaio e che in questo momento possiamo escludere contagi da Coronavirus nel nostro plesso ospedaliero. Questo per\u00f2 non deve farci assolutamente e per nessun motivo abbassare la guardia.<\/p>\n<p style=\"text-align: justify;\">Ognuno di noi \u00e8 responsabile della sua sicurezza e di quella degli altri. Per questo, vorrei ricordare a tutti coloro che in queste ore stanno diffondendo notizie false e allarmanti che non state aiutando la vostra comunit\u00e0. In questo momento non abbiamo bisogno di cercatori di like o di sensazionalisti, seppur apparentemente qualificati, ma dobbiamo basarci su notizie vere e ufficiali. \u00c8 bene comprendere che su ognuno di noi e sui nostri comportamenti grava la responsabilit\u00e0 di quello che accade\u00bb.<\/p>\n","protected":false},"excerpt":{"rendered":"<p><img loading=\"lazy\" decoding=\"async\" src=\"https:\/\/live.staticflickr.com\/65535\/49637790818_eb40e53f85_n.jpg\" alt=\"coronavirus controlli turi\" width=\"320\" height=\"256\" \/><\/p>\n","protected":false},"author":1,"featured_media":0,"comment_status":"open","ping_status":"closed","sticky":false,"template":"","format":"standard","meta":{"colormag_page_container_layout":"default_layout","colormag_page_sidebar_layout":"default_layout","footnotes":""},"categories":[7],"tags":[],"class_list":["post-17420","post","type-post","status-publish","format-standard","hentry","category-attualita"],"_links":{"self":[{"href":"https:\/\/archivioturi.lavocedelpaese.info\/index.php\/wp-json\/wp\/v2\/posts\/17420","targetHints":{"allow":["GET"]}}],"collection":[{"href":"https:\/\/archivioturi.lavocedelpaese.info\/index.php\/wp-json\/wp\/v2\/posts"}],"about":[{"href":"https:\/\/archivioturi.lavocedelpaese.info\/index.php\/wp-json\/wp\/v2\/types\/post"}],"author":[{"embeddable":true,"href":"https:\/\/archivioturi.lavocedelpaese.info\/index.php\/wp-json\/wp\/v2\/users\/1"}],"replies":[{"embeddable":true,"href":"https:\/\/archivioturi.lavocedelpaese.info\/index.php\/wp-json\/wp\/v2\/comments?post=17420"}],"version-history":[{"count":0,"href":"https:\/\/archivioturi.lavocedelpaese.info\/index.php\/wp-json\/wp\/v2\/posts\/17420\/revisions"}],"wp:attachment":[{"href":"https:\/\/archivioturi.lavocedelpaese.info\/index.php\/wp-json\/wp\/v2\/media?parent=17420"}],"wp:term":[{"taxonomy":"category","embeddable":true,"href":"https:\/\/archivioturi.lavocedelpaese.info\/index.php\/wp-json\/wp\/v2\/categories?post=17420"},{"taxonomy":"post_tag","embeddable":true,"href":"https:\/\/archivioturi.lavocedelpaese.info\/index.php\/wp-json\/wp\/v2\/tags?post=17420"}],"curies":[{"name":"wp","href":"https:\/\/api.w.org\/{rel}","templated":true}]}}