{"id":1740,"date":"2010-03-23T11:45:59","date_gmt":"2010-03-23T11:45:59","guid":{"rendered":"https:\/\/archivioturi.lavocedelpaese.info\/index.php\/2010\/03\/23\/corso-serale-per-diploma-informatico-e-meccanico\/"},"modified":"2010-03-23T11:45:59","modified_gmt":"2010-03-23T11:45:59","slug":"corso-serale-per-diploma-informatico-e-meccanico","status":"publish","type":"post","link":"https:\/\/archivioturi.lavocedelpaese.info\/index.php\/2010\/03\/23\/corso-serale-per-diploma-informatico-e-meccanico\/","title":{"rendered":"CORSO SERALE PER DIPLOMA INFORMATICO E MECCANICO"},"content":{"rendered":"<p><img loading=\"lazy\" decoding=\"async\" style=\"float: left;\" alt=\"volantino-serale-copia\" src=\"http:\/\/www.acquavivanet.it\/\/images\/stories\/volantino-serale-copia.jpg\" width=\"320\" height=\"150\" \/> <\/p>\n<p style=\"text-align: justify;\">Dall&#8217;anno scolastico 2010-2011 entrer\u00e0  in vigore il riordino degli Istituti Tecnici che prevede l&#8217;attivazione presso l\u2019<strong>I.T.I.S. <\/strong>\u201c<strong>Galileo Galilei<\/strong>\u201d di Gioia del Colle, della specializzazione in <strong>Costruzioni ambiente e territorio<\/strong> (<strong>ex Istituto Tecnico per Geometri<\/strong>), che andr\u00e0 ad aggiungersi ad: <strong>Elettronica ed Elettrotecnica<\/strong>, <strong>Informatica e Telecomunicazioni<\/strong> e <strong>Meccanica, Meccatronica ed Energia<\/strong>.<\/p>\n<div style=\"text-align: justify;\"><\/div>\n<p style=\"text-align: justify;\"><strong>\u201cE\u2019 una grande opportunit\u00e0<\/strong> l\u2019introduzione del nuovo indirizzo \u201cCostruzioni, ambiente e territorio\u201d (ex Istituto Tecnico per Geometri), recentemente assegnato dal MIUR e dalla Regione Puglia \u2013 dichiara il dirigente Professor <strong>Giacomo Mondelli<\/strong> \u2013 indirizzo che potrebbe, tra l\u2019altro, colmare un vuoto professionale individuato dalla struttura economica e lavorativa gioiese.\u201d<\/p>\n<div style=\"text-align: justify;\"><\/div>\n<p style=\"text-align: justify;\"><strong>Il passaggio dal vigente al nuovo ordinamento<\/strong> sar\u00e0 attuato in modo progressivo dalla classe prima dall\u2019anno scolastico 2010-2011 e proceder\u00e0 in modo graduale negli anni successivi.<\/p>\n<div style=\"text-align: justify;\"><\/div>\n<p style=\"text-align: justify;\"><strong>Nuove discipline saranno introdotte<\/strong> ed altre saranno arricchite da moduli didattici consoni alle emergenti esigenze professionali, come, ad esempio, la cultura della sicurezza sul lavoro.<\/p>\n<div style=\"text-align: justify;\"><\/div>\n<p style=\"text-align: justify;\"><strong>Non mancheranno, inoltre, approfondimenti culturali<\/strong> legati alla dimensione umanistica della tecnologia e della scienza, considerato che la formazione professionale \u00e8 sempre strettamente legata alla formazione della persona.<\/p>\n<div style=\"text-align: justify;\"><\/div>\n<p style=\"text-align: justify;\"><strong>\u201cL\u2019ITIS \u201cGalileo Galilei\u201d si pone e si porr\u00e0 in gioco con la consueta seriet\u00e0 didattica<\/strong> e culturale \u2013 sottolinea Mondelli &#8211; affinch\u00e9 il riordino dei cicli non crei nelle famiglie e negli studenti situazioni di disagio, anzi offra nuove opportunit\u00e0 di studio e di lavoro\u201d.<\/p>\n<div style=\"text-align: justify;\"><\/div>\n<p style=\"text-align: justify;\"><strong>CORSO SERALE PER DIPLOMA DI PERITO INFORMATICO E PERITO MECCANICO<\/strong><\/p>\n<div style=\"text-align: justify;\"><\/div>\n<p style=\"text-align: justify;\">La scadenza delle iscrizioni per i corsi serali per il conseguimento del diploma di perito Informatico e perito Meccanico \u00e8 fissata al <strong>26 marzo 2010<\/strong>.<\/p>\n<div style=\"text-align: justify;\"><\/div>\n<p style=\"text-align: justify;\">Informazioni: 080-3430801 (dal luned\u00ec al sabato ore 10-12 dal luned\u00ec al venerd\u00ec ore 16-18)<\/p>\n","protected":false},"excerpt":{"rendered":"<p><img loading=\"lazy\" decoding=\"async\" style=\"float: left;\" alt=\"volantino-serale-copia\" src=\"http:\/\/www.acquavivanet.it\/\/images\/stories\/volantino-serale-copia.jpg\" width=\"320\" height=\"150\" \/> <\/p>\n","protected":false},"author":1,"featured_media":0,"comment_status":"open","ping_status":"closed","sticky":false,"template":"","format":"standard","meta":{"colormag_page_container_layout":"default_layout","colormag_page_sidebar_layout":"default_layout","footnotes":""},"categories":[1],"tags":[],"class_list":["post-1740","post","type-post","status-publish","format-standard","hentry","category-uncategorized"],"_links":{"self":[{"href":"https:\/\/archivioturi.lavocedelpaese.info\/index.php\/wp-json\/wp\/v2\/posts\/1740","targetHints":{"allow":["GET"]}}],"collection":[{"href":"https:\/\/archivioturi.lavocedelpaese.info\/index.php\/wp-json\/wp\/v2\/posts"}],"about":[{"href":"https:\/\/archivioturi.lavocedelpaese.info\/index.php\/wp-json\/wp\/v2\/types\/post"}],"author":[{"embeddable":true,"href":"https:\/\/archivioturi.lavocedelpaese.info\/index.php\/wp-json\/wp\/v2\/users\/1"}],"replies":[{"embeddable":true,"href":"https:\/\/archivioturi.lavocedelpaese.info\/index.php\/wp-json\/wp\/v2\/comments?post=1740"}],"version-history":[{"count":0,"href":"https:\/\/archivioturi.lavocedelpaese.info\/index.php\/wp-json\/wp\/v2\/posts\/1740\/revisions"}],"wp:attachment":[{"href":"https:\/\/archivioturi.lavocedelpaese.info\/index.php\/wp-json\/wp\/v2\/media?parent=1740"}],"wp:term":[{"taxonomy":"category","embeddable":true,"href":"https:\/\/archivioturi.lavocedelpaese.info\/index.php\/wp-json\/wp\/v2\/categories?post=1740"},{"taxonomy":"post_tag","embeddable":true,"href":"https:\/\/archivioturi.lavocedelpaese.info\/index.php\/wp-json\/wp\/v2\/tags?post=1740"}],"curies":[{"name":"wp","href":"https:\/\/api.w.org\/{rel}","templated":true}]}}