{"id":17390,"date":"2020-03-04T13:27:28","date_gmt":"2020-03-04T13:27:28","guid":{"rendered":"https:\/\/archivioturi.lavocedelpaese.info\/index.php\/2020\/03\/04\/sparata-a-mezzogiorno-con-un-fucile-da-caccia\/"},"modified":"2020-03-04T13:27:28","modified_gmt":"2020-03-04T13:27:28","slug":"sparata-a-mezzogiorno-con-un-fucile-da-caccia","status":"publish","type":"post","link":"https:\/\/archivioturi.lavocedelpaese.info\/index.php\/2020\/03\/04\/sparata-a-mezzogiorno-con-un-fucile-da-caccia\/","title":{"rendered":"Sparata a mezzogiorno con un fucile da caccia"},"content":{"rendered":"<p><img loading=\"lazy\" decoding=\"async\" src=\"https:\/\/live.staticflickr.com\/65535\/49597555173_25df6e9bdf_n.jpg\" alt=\"chicca (1)\" width=\"271\" height=\"320\" \/><\/p>\n<p style=\"text-align: center;\"><strong>\u00c8 accaduto domenica a mezzogiorno: custodita nel cortile di un\u2019abitazione in via Noci, Chicca, un pinscher di 7 anni, viene raggiunta da due colpi di fucile da caccia<\/strong><\/p>\n<p style=\"text-align: justify;\">\u00c8 mezzogiorno di una serena domenica mattina qualunque, quando la quiete dei residenti nei pressi di via Noci viene interrotta dallo sparo di tre colpi d\u2019arma da fuoco. Nessun conflitto tra bande o rapina, bens\u00ec una vicenda che ha ugualmente dell\u2019incredibile: ad essere colpita quasi a morte \u00e8 infatti Chicca, un pinscher di 7 anni. L\u2019aspetto tanto insolito quanto sconcertante \u00e8 che non si tratta di un randagio, bens\u00ec di un cane custodito nell\u2019abitazione di una donna residente in quella zona che, ai nostri microfoni, racconta: \u00abI vicini di casa, spaventati dal rumore degli spari, si sono affacciati e hanno visto il cane perdere sangue\u00bb.<\/p>\n<p><img loading=\"lazy\" decoding=\"async\" src=\"https:\/\/live.staticflickr.com\/65535\/49597555178_6dfb1ae3f5_n.jpg\" alt=\"chicca (1)\" style=\"margin: 6px; float: right;\" width=\"320\" height=\"289\" \/><\/p>\n<p style=\"text-align: justify;\">La povera cagnolina era nel cortile dell\u2019abitazione, il cui perimetro \u00e8 ben protetto da un alto cancello in ferro: \u00abNon riesco a capire perch\u00e9 abbiano sparato. Il cane spesso abbaia al passare di altri animali, ma non ha mai dato fastidio a nessuna persona, n\u00e9 nessuno si \u00e8 mai lamentato per il suo abbaiare\u00bb. Dentro casa, al momento dell\u2019accaduto, era presente suo figlio, il quale, fortunatamente, non ha subito alcun danno fisico se non un comprensibile spavento; spavento che si unisce al rammarico della signora a cui Chicca era stata affidata per qualche giorno da un\u2019amica che ha dovuto allontanarsi da Turi: \u00abL\u2019autore o gli autori hanno studiato per bene come agire, perch\u00e9 a quell\u2019ora lavoro\u00bb.<\/p>\n<p style=\"text-align: justify;\">La donna si \u00e8 quindi recata in Caserma per denunciare l\u2019accaduto, ricevendo subito il sostegno dei Carabinieri, gi\u00e0 all\u2019opera per far luce su questa triste vicenda.<\/p>\n<p style=\"text-align: justify;\">Dall\u2019osservazione delle radiografie, si ipotizza che l\u2019arma utilizzata non sia stata una pistola, bens\u00ec un fucile da caccia e che, su tre colpi sparati, soltanto due abbiano raggiunto il povero pinscher che, ferito alla spina dorsale, quasi certamente non potr\u00e0 pi\u00f9 camminare. In queste ore si sta valutando l\u2019opzione di un intervento chirurgico dall\u2019esito incerto. Nel frattempo, apprendiamo che tutto il vicinato si \u00e8 mostrato sensibile a quanto accaduto al povero pinscher, unendosi alla denuncia sporta dalla donna che aveva in custodia Chicca; difatti la paura consiste nel fatto che un giorno, se dovesse ripetersi un evento del genere, possano rimanere accidentalmente coinvolti anche dei bambini residenti in zona. Siamo certi di tornare su questa vicenda, la cui dinamica appare quantomeno inquietante.<\/p>\n<p style=\"text-align: right;\"><strong>LEONARDO FLORIO<\/strong><\/p>\n","protected":false},"excerpt":{"rendered":"<p><img loading=\"lazy\" decoding=\"async\" src=\"https:\/\/live.staticflickr.com\/65535\/49597555173_25df6e9bdf_n.jpg\" alt=\"chicca (1)\" width=\"271\" height=\"320\" \/><\/p>\n","protected":false},"author":1,"featured_media":0,"comment_status":"open","ping_status":"closed","sticky":false,"template":"","format":"standard","meta":{"colormag_page_container_layout":"default_layout","colormag_page_sidebar_layout":"default_layout","footnotes":""},"categories":[8],"tags":[],"class_list":["post-17390","post","type-post","status-publish","format-standard","hentry","category-cronaca"],"_links":{"self":[{"href":"https:\/\/archivioturi.lavocedelpaese.info\/index.php\/wp-json\/wp\/v2\/posts\/17390","targetHints":{"allow":["GET"]}}],"collection":[{"href":"https:\/\/archivioturi.lavocedelpaese.info\/index.php\/wp-json\/wp\/v2\/posts"}],"about":[{"href":"https:\/\/archivioturi.lavocedelpaese.info\/index.php\/wp-json\/wp\/v2\/types\/post"}],"author":[{"embeddable":true,"href":"https:\/\/archivioturi.lavocedelpaese.info\/index.php\/wp-json\/wp\/v2\/users\/1"}],"replies":[{"embeddable":true,"href":"https:\/\/archivioturi.lavocedelpaese.info\/index.php\/wp-json\/wp\/v2\/comments?post=17390"}],"version-history":[{"count":0,"href":"https:\/\/archivioturi.lavocedelpaese.info\/index.php\/wp-json\/wp\/v2\/posts\/17390\/revisions"}],"wp:attachment":[{"href":"https:\/\/archivioturi.lavocedelpaese.info\/index.php\/wp-json\/wp\/v2\/media?parent=17390"}],"wp:term":[{"taxonomy":"category","embeddable":true,"href":"https:\/\/archivioturi.lavocedelpaese.info\/index.php\/wp-json\/wp\/v2\/categories?post=17390"},{"taxonomy":"post_tag","embeddable":true,"href":"https:\/\/archivioturi.lavocedelpaese.info\/index.php\/wp-json\/wp\/v2\/tags?post=17390"}],"curies":[{"name":"wp","href":"https:\/\/api.w.org\/{rel}","templated":true}]}}