{"id":1739,"date":"2010-03-23T11:46:22","date_gmt":"2010-03-23T11:46:22","guid":{"rendered":"https:\/\/archivioturi.lavocedelpaese.info\/index.php\/2010\/03\/23\/intervista-esclusiva-al-sindaco-gigantelli\/"},"modified":"2010-03-23T11:46:22","modified_gmt":"2010-03-23T11:46:22","slug":"intervista-esclusiva-al-sindaco-gigantelli","status":"publish","type":"post","link":"https:\/\/archivioturi.lavocedelpaese.info\/index.php\/2010\/03\/23\/intervista-esclusiva-al-sindaco-gigantelli\/","title":{"rendered":"INTERVISTA ESCLUSIVA AL SINDACO GIGANTELLI"},"content":{"rendered":"<p><img loading=\"lazy\" decoding=\"async\" class=\" size-full wp-image-1368\" height=\"150\" width=\"320\" src=\"https:\/\/archivioturi.lavocedelpaese.info\/wp-content\/uploads\/2010\/02\/boccardi-palese.jpg\" alt=\"boccardi-palese\" srcset=\"https:\/\/archivioturi.lavocedelpaese.info\/wp-content\/uploads\/2010\/02\/boccardi-palese.jpg 640w, https:\/\/archivioturi.lavocedelpaese.info\/wp-content\/uploads\/2010\/02\/boccardi-palese-300x141.jpg 300w\" sizes=\"auto, (max-width: 320px) 100vw, 320px\" \/> <\/p>\n<h4 style=\"text-align: justify;\"><span style=\"font-family: verdana,geneva;\"><span style=\"font-size: 10pt;\">GIGANTELLI: &#8216;Pd partito bifronte. Rispetto la decisione di Salice che \u00e8 persona trasparente&#8217;.<\/span><\/span><\/h4>\n<h4 style=\"text-align: justify;\"><span style=\"font-family: verdana,geneva;\"><span style=\"font-size: 10pt;\"><strong>\u201cAbbiamo la possibilit\u00e0 di far eleggere Michele Boccardi che \u00e8 candidato idoneo a rappresentarci come meritiamo\u201d. <\/strong>E&#8217; un estratto di alcune dichiarazioni del sindaco <strong>Vincenzo Gigantelli<\/strong>.<strong> <\/strong>Nella nostra intervista esclusiva, rilasciata a pochissimi giorni dall&#8217;appuntamento elettorale pi\u00f9 atteso, il primo cittadino di Turi dice la sua sulla &#8216;strada della morte&#8217; e su argomenti di incalzante attualit\u00e0 politica e sociale: sul caso prostituzione, Gigantelli si dice favorevole all&#8217;apertura degli escort-bar per depauperare lo schiavismo.<\/span><\/span><\/h4>\n<div style=\"text-align: justify;\"><span style=\"font-family: verdana,geneva;\"><span style=\"font-size: 10pt;\">\u00a0<\/span><\/span><\/div>\n<p style=\"text-align: justify;\"><strong><span style=\"font-family: verdana,geneva;\"><span style=\"font-size: 10pt;\">\u00a0<\/span><\/span><\/strong><\/p>\n<div style=\"text-align: justify;\"><span style=\"font-family: verdana,geneva;\"><span style=\"font-size: 10pt;\">\u00a0<\/span><\/span><\/div>\n<p style=\"text-align: justify;\"><strong><span style=\"font-family: verdana,geneva;\"><span style=\"font-size: 10pt;\">L\u2019ennesimo incidente sulla Putignano Turi. Cosa la classe politica pu\u00f2 e deve fare.<\/span><\/span><\/strong><\/p>\n<div style=\"text-align: justify;\"><span style=\"font-family: verdana,geneva;\"><span style=\"font-size: 10pt;\">\u00a0<\/span><\/span><\/div>\n<p style=\"text-align: justify;\"><span style=\"font-family: verdana,geneva;\"><span style=\"font-size: 10pt;\">&#8220;Il tema della sicurezza stradale \u00e8 uno di quei temi che coinvolgono tutti gli utenti della strada i quali sono impegnati a mettere in atto comportamenti per la sicurezza propria e per quella degli altri. Nessuna\u00a0 sanzione e nessun controllo potr\u00e0 da solo dimostrarsi efficace se non si radica in tutti il senso della prevenzione e del rispetto per la vita. I politici devono imporre una linea di condotta esemplare mirando a far radicare nei cittadini innanzitutto comportamenti sani, il rispetto del codice della strada e un grande lavoro per monitorare lo stato delle nostre strade che vanno liberate da ogni forma di insidia. Quest\u2019ultimo aspetto \u00e8 quello che richiede maggiori risorse. L\u2019impegno all\u2019ammodernamento della rete stradale \u00e8 un impegno importante che ci trova tutti d\u2019accordo, ma che risente di colpevoli ritardi e di atteggiamenti demagogici e di propaganda. <strong>Oggi sulla tratta incriminata abbiamo importanti notizie nonostante il troppo tempo perso dalla nostra Regione che ha mancato nel presentare tutta la documentazione necessaria per rendere l\u2019ampliamento della SS. 172\u00a0 esecutivo.<\/strong> <strong>Per queste ragioni ritengo che avere politici attenti nelle istituzioni regionali sia importante per risolvere questa annosa questione<\/strong>.&#8221;.<\/span><\/span><\/p>\n<div style=\"text-align: justify;\"><span style=\"font-family: verdana,geneva;\"><span style=\"font-size: 10pt;\">\u00a0<\/span><\/span><\/div>\n<p style=\"text-align: justify;\"><strong><span style=\"font-family: verdana,geneva;\"><span style=\"font-size: 10pt;\">Restiamo sulla strada: la prostituzione \u00e8 ancora visibile.<\/span><\/span><\/strong><\/p>\n<div style=\"text-align: justify;\"><span style=\"font-family: verdana,geneva;\"><span style=\"font-size: 10pt;\">\u00a0<\/span><\/span><\/div>\n<p style=\"text-align: justify;\"><span style=\"font-family: verdana,geneva;\"><span style=\"font-size: 10pt;\">&#8220;L\u2019impegno della mia amministrazione nel limitare il triste fenomeno \u00e8 noto. Con una ordinanza molto chiara, dopo aver ottenuto il placet del Prefetto, abbiamo disposto severe sanzioni e controlli sull\u2019intero territorio comunale. Mi rendo conto che ci\u00f2 non \u00e8 sufficiente perch\u00e9 in territori comunali limitrofi non si \u00e8 agito con la stessa determinazione. Scriver\u00f2 al Prefetto ed al Sindaco di Casamassima per sollecitare ulteriori iniziative previste dalla legge anche se credo che ogni amministrazione ancorch\u00e9 di colore differente dovrebbe dare un contributo autonomo e autorevole per un tema cos\u00ec forte e di grande impatto sociale. Auspico inoltre una regolamentazione nazionale sul tema e sono favorevole alla creazione dei cosiddetti \u201cescort-bar\u201d avanzata recentemente, come ad ogni altra azione che tolga dalla strada queste ragazze che vivono in condizioni non igieniche, precarie e in schiavit\u00f9.&#8221;.<\/span><\/span><\/p>\n<div style=\"text-align: justify;\"><span style=\"font-family: verdana,geneva;\"><span style=\"font-size: 10pt;\">\u00a0<\/span><\/span><\/div>\n<p style=\"text-align: justify;\"><strong><span style=\"font-family: verdana,geneva;\"><span style=\"font-size: 10pt;\">Cosa pensa delle dimissioni di Pietro Salice a segretario del Pd. E poi, a pochi giorni dall\u2019appuntamento elettorale.<\/span><\/span><\/strong><\/p>\n<div style=\"text-align: justify;\"><span style=\"font-family: verdana,geneva;\"><span style=\"font-size: 10pt;\">\u00a0<\/span><\/span><\/div>\n<p style=\"text-align: justify;\"><span style=\"font-family: verdana,geneva;\"><span style=\"font-size: 10pt;\">&#8220;Ritengo che ogni partito abbia il diritto di fare delle scelte e di farsi rappresentare come crede. Ci\u00f2 premesso, credo che le tante dimissioni registrate a livello locale nel PD siano la pi\u00f9 chiara testimonianza di una\u00a0 impossibilit\u00e0 a rappresentare un partito bifronte, nel quale le contraddizioni affiorano nonostante i tentativi di negarne l\u2019esistenza. Qualunque sia la ragione che ha indotto <img loading=\"lazy\" decoding=\"async\" class=\" alignright size-full wp-image-1738\" height=\"335\" width=\"320\" src=\"https:\/\/archivioturi.lavocedelpaese.info\/wp-content\/uploads\/2010\/03\/gigantelli-boccardi.jpg\" alt=\"gigantelli-boccardi\" style=\"margin: 10px; float: right;\" srcset=\"https:\/\/archivioturi.lavocedelpaese.info\/wp-content\/uploads\/2010\/03\/gigantelli-boccardi.jpg 320w, https:\/\/archivioturi.lavocedelpaese.info\/wp-content\/uploads\/2010\/03\/gigantelli-boccardi-287x300.jpg 287w\" sizes=\"auto, (max-width: 320px) 100vw, 320px\" \/>alle dimissioni credo che meriti rispetto la decisione di Salice che \u00e8 persona\u00a0 trasparente. Io contrariamente agli altri non chiedo che si diano spiegazioni politiche. Registro quanto accaduto e ne prendo atto in modo doveroso e alquanto sconfortato, ma sempre nel massimo rispetto istituzionale.&#8221;.<\/span><\/span><\/p>\n<p style=\"text-align: justify;\"><strong><span style=\"font-family: verdana,geneva;\"><span style=\"font-size: 10pt;\">Tre candidati turesi si sono presenti alle elezioni del 28 e 29 Marzo. Quanto e cosa pu\u00f2 significare per Turi un Consigliere Regionale?<\/span><\/span><\/strong><\/p>\n<p style=\"text-align: justify;\"><span style=\"font-family: verdana,geneva;\"><span style=\"font-size: 10pt;\">&#8220;Per Turi avere una autorevole presenza politica regionale \u00e8 un obiettivo primario, che darebbe respiro e speranza alla nostra terra. Io credo che non si possa parlare di programmi senza legarli alle persone e quindi il nostro sistema economico, turistico, dei servizi,\u00a0 il sistema agricolo, imprenditoriale e delle opere pubbliche e le possibilit\u00e0 occupazionali\u00a0 del territorio del SUD EST necessitano di un Consigliere Regionale radicato sul territorio. Oggi abbiamo la possibilit\u00e0 di far eleggere Michele\u00a0 Boccardi che \u00e8 candidato idoneo a rappresentarci come meritiamo. Il nostro impegno a sostenerlo \u00e8 noto. Votare Boccardi per me significare volere bene alla nostra Puglia, che merita persone fattive e oneste come lui. Sono certo che il suo impegno sarebbe per noi tutti motivo di orgoglio e soddisfazione, perch\u00e9 sarebbe l\u2019impegno a rappresentare tutti noi. Si vedr\u00e0. Formulo l\u2019augurio a tutti i candidati a voler rappresentare la nostra gente e non solo s\u00e9 stessi o coloro che li hanno voluti candidati.\u00a0 E ricordo che non \u00e8 sufficiente possedere una buona mente. L&#8217;importante \u00e8 saperla usare nel modo giusto&#8230;..e a vantaggio degli altri!.&#8221;.<\/span><\/span><\/p>\n","protected":false},"excerpt":{"rendered":"<p><img loading=\"lazy\" decoding=\"async\" class=\" size-full wp-image-1368\" height=\"150\" width=\"320\" src=\"https:\/\/archivioturi.lavocedelpaese.info\/wp-content\/uploads\/2010\/02\/boccardi-palese.jpg\" alt=\"boccardi-palese\" srcset=\"https:\/\/archivioturi.lavocedelpaese.info\/wp-content\/uploads\/2010\/02\/boccardi-palese.jpg 640w, https:\/\/archivioturi.lavocedelpaese.info\/wp-content\/uploads\/2010\/02\/boccardi-palese-300x141.jpg 300w\" sizes=\"auto, (max-width: 320px) 100vw, 320px\" \/> <\/p>\n","protected":false},"author":1,"featured_media":1368,"comment_status":"open","ping_status":"closed","sticky":false,"template":"","format":"standard","meta":{"colormag_page_container_layout":"default_layout","colormag_page_sidebar_layout":"default_layout","footnotes":""},"categories":[1],"tags":[],"class_list":["post-1739","post","type-post","status-publish","format-standard","has-post-thumbnail","hentry","category-uncategorized"],"_links":{"self":[{"href":"https:\/\/archivioturi.lavocedelpaese.info\/index.php\/wp-json\/wp\/v2\/posts\/1739","targetHints":{"allow":["GET"]}}],"collection":[{"href":"https:\/\/archivioturi.lavocedelpaese.info\/index.php\/wp-json\/wp\/v2\/posts"}],"about":[{"href":"https:\/\/archivioturi.lavocedelpaese.info\/index.php\/wp-json\/wp\/v2\/types\/post"}],"author":[{"embeddable":true,"href":"https:\/\/archivioturi.lavocedelpaese.info\/index.php\/wp-json\/wp\/v2\/users\/1"}],"replies":[{"embeddable":true,"href":"https:\/\/archivioturi.lavocedelpaese.info\/index.php\/wp-json\/wp\/v2\/comments?post=1739"}],"version-history":[{"count":0,"href":"https:\/\/archivioturi.lavocedelpaese.info\/index.php\/wp-json\/wp\/v2\/posts\/1739\/revisions"}],"wp:featuredmedia":[{"embeddable":true,"href":"https:\/\/archivioturi.lavocedelpaese.info\/index.php\/wp-json\/wp\/v2\/media\/1368"}],"wp:attachment":[{"href":"https:\/\/archivioturi.lavocedelpaese.info\/index.php\/wp-json\/wp\/v2\/media?parent=1739"}],"wp:term":[{"taxonomy":"category","embeddable":true,"href":"https:\/\/archivioturi.lavocedelpaese.info\/index.php\/wp-json\/wp\/v2\/categories?post=1739"},{"taxonomy":"post_tag","embeddable":true,"href":"https:\/\/archivioturi.lavocedelpaese.info\/index.php\/wp-json\/wp\/v2\/tags?post=1739"}],"curies":[{"name":"wp","href":"https:\/\/api.w.org\/{rel}","templated":true}]}}