{"id":1730,"date":"2010-03-22T14:01:06","date_gmt":"2010-03-22T14:01:06","guid":{"rendered":"https:\/\/archivioturi.lavocedelpaese.info\/index.php\/2010\/03\/22\/la-caserma-si-trasferisce-nel-comune\/"},"modified":"2010-03-22T14:01:06","modified_gmt":"2010-03-22T14:01:06","slug":"la-caserma-si-trasferisce-nel-comune","status":"publish","type":"post","link":"https:\/\/archivioturi.lavocedelpaese.info\/index.php\/2010\/03\/22\/la-caserma-si-trasferisce-nel-comune\/","title":{"rendered":"LA CASERMA SI TRASFERISCE NEL COMUNE"},"content":{"rendered":"<p style=\"text-align: justify;\"><img loading=\"lazy\" decoding=\"async\" class=\" size-full wp-image-1728\" alt=\"caserma_nuova\" src=\"https:\/\/archivioturi.lavocedelpaese.info\/wp-content\/uploads\/2010\/03\/caserma_nuova.jpg\" width=\"320\" height=\"150\" srcset=\"https:\/\/archivioturi.lavocedelpaese.info\/wp-content\/uploads\/2010\/03\/caserma_nuova.jpg 640w, https:\/\/archivioturi.lavocedelpaese.info\/wp-content\/uploads\/2010\/03\/caserma_nuova-300x141.jpg 300w\" sizes=\"auto, (max-width: 320px) 100vw, 320px\" \/><\/p>\n<p style=\"text-align: justify;\"><span style=\"font-size: 10pt;\"><span style=\"font-family: verdana,geneva;\">Conosciamo tutti le vicende che negli ultimi anni hanno fatto rischiare alla nostra cittadina di perdere il proprio nucleo operativo dei Carabinieri. Adesso, finalmente, possiamo dirlo ufficialmente: questa paura \u00e8 scongiurata. <strong>La caserma si trasferir\u00e0 nei locali del Comune di Turi, precisamente nelle stanze del corridoio del 1\u00b0 Piano dove si trova l&#8217;Ufficio Tributi<\/strong>. L&#8217;intera area assegnata alla futura caserma sar\u00e0 rimessa a nuovo, attrezzata con le strumentazioni utili a svolgere tutte le mansioni attualmente sv<\/span><\/span><span style=\"font-size: 10pt;\"><span style=\"font-family: verdana,geneva;\"><img loading=\"lazy\" decoding=\"async\" class=\" alignright size-full wp-image-1729\" style=\"margin: 10px 0px 10px 10px; float: right;\" alt=\"caserma_nuova_1\" src=\"https:\/\/archivioturi.lavocedelpaese.info\/wp-content\/uploads\/2010\/03\/caserma_nuova_1.jpg\" width=\"240\" height=\"320\" srcset=\"https:\/\/archivioturi.lavocedelpaese.info\/wp-content\/uploads\/2010\/03\/caserma_nuova_1.jpg 480w, https:\/\/archivioturi.lavocedelpaese.info\/wp-content\/uploads\/2010\/03\/caserma_nuova_1-225x300.jpg 225w\" sizes=\"auto, (max-width: 240px) 100vw, 240px\" \/><\/span><\/span><span style=\"font-size: 10pt;\"><span style=\"font-family: verdana,geneva;\">olgibili nella caserma di Largo Pozzi e resa completamente indipendente: verranno murati gli attuali collegamenti con l&#8217;esterno (terrazzo) e i restanti corridoi del Municipio. In questo modo, l&#8217;unico accesso alla caserma sar\u00e0 il portone presente in Via Dogali in corrispondenza di Piazza Chiesa, alle spalle della Chiesa Madre. Sono previsti l&#8217;impianto di telecamere a circuito chiuso e l&#8217;istallazione della cella di sicurezza. Nel frattempo, affinch\u00e9 tutti gli uffici non perdano la loro operativit\u00e0, si sta pensando alla riorganizzazione degli spazi interni del palazzo comunale. Molto probabilmente verr\u00e0 spostata la sala Giunta e soppressa la stanza &#8220;degli assessori&#8221;, che sacrificheranno i loro spazi a fronte di questa esigenza.<\/span><\/span><\/p>\n<div style=\"text-align: justify;\"><\/div>\n<p style=\"text-align: justify;\"><span style=\"font-size: 10pt;\"><span style=\"font-family: verdana,geneva;\">Dopo aver fatto i sopralluoghi nelle settimane scorse, quindi, il Prefetto di Bari ha dato esito positivo ponendo la parola fine all&#8217;interminabile calvario che affliggeva i militari e tutti i cittadini di Turi. <strong>Finalmente i carabinieri potranno lavorare in locali dignitosi, rispondenti alle loro esigenze, per tutto il tempo necessario alla ristrutturazione dell&#8217;attuale struttura della caserma<\/strong>. Cos\u00ec saranno salvaguardati i cittadini, la loro sicurezza e la tutela dell&#8217;ordine pubblico; non dovremo fare affidamento a volanti e uomini provenienti da altre stazioni, ma soprattutto si creer\u00e0 un polo adibito alle forze dell&#8217;ordine in pieno centro.<\/span><\/span><\/p>\n<div style=\"text-align: justify;\"><\/div>\n<p style=\"text-align: justify;\"><span style=\"font-size: 10pt;\"><span style=\"font-family: verdana,geneva;\">Per arrivare a tale epilogo l&#8217;Amministrazione comunale si \u00e8 prodigata molto negli ultimi tempi affinch\u00e9 si riuscisse a trovare una soluzione che avesse come obiettivo finale quello di non perdere la stazione dei carabinieri. Infatti negli ultimi mesi, come abbiamo spiegato su Turiweb, erano state proposte due alternative: il trasferimento presso il piano terra del Centro Colturale Polivalente, soluzione che avrebbe permesso di avere solamente una sorta di &#8220;pront-office&#8221;; poco prima ancora, invece, si prov\u00f2 a valutare anche l&#8217;idea di trasferire la caserma nei locali dell&#8217;architetto Castorinis. Ma anche quell&#8217;idea fu scartata per i costi eccessivi dell&#8217;operazione.<\/span><\/span><\/p>\n<div style=\"text-align: justify;\"><\/div>\n<p style=\"text-align: justify;\"><span style=\"font-size: 10pt;\"><span style=\"font-family: verdana,geneva;\"><strong>Ma cosa succeder\u00e0 a quei locali quando l&#8217;attuale caserma sar\u00e0 completamente ristrutturata?<\/strong> \u00c8 stato pensato anche a questo: i locali diventeranno la sede della Polizia Municipale e si proceder\u00e0 alla riorganizzazione interna degli uffici comunali.<\/span><\/span><\/p>\n","protected":false},"excerpt":{"rendered":"<p style=\"text-align: justify;\"><img loading=\"lazy\" decoding=\"async\" class=\" size-full wp-image-1728\" alt=\"caserma_nuova\" src=\"https:\/\/archivioturi.lavocedelpaese.info\/wp-content\/uploads\/2010\/03\/caserma_nuova.jpg\" width=\"320\" height=\"150\" srcset=\"https:\/\/archivioturi.lavocedelpaese.info\/wp-content\/uploads\/2010\/03\/caserma_nuova.jpg 640w, https:\/\/archivioturi.lavocedelpaese.info\/wp-content\/uploads\/2010\/03\/caserma_nuova-300x141.jpg 300w\" sizes=\"auto, (max-width: 320px) 100vw, 320px\" \/><\/p>\n","protected":false},"author":1,"featured_media":1728,"comment_status":"open","ping_status":"closed","sticky":false,"template":"","format":"standard","meta":{"colormag_page_container_layout":"default_layout","colormag_page_sidebar_layout":"default_layout","footnotes":""},"categories":[7],"tags":[],"class_list":["post-1730","post","type-post","status-publish","format-standard","has-post-thumbnail","hentry","category-attualita"],"_links":{"self":[{"href":"https:\/\/archivioturi.lavocedelpaese.info\/index.php\/wp-json\/wp\/v2\/posts\/1730","targetHints":{"allow":["GET"]}}],"collection":[{"href":"https:\/\/archivioturi.lavocedelpaese.info\/index.php\/wp-json\/wp\/v2\/posts"}],"about":[{"href":"https:\/\/archivioturi.lavocedelpaese.info\/index.php\/wp-json\/wp\/v2\/types\/post"}],"author":[{"embeddable":true,"href":"https:\/\/archivioturi.lavocedelpaese.info\/index.php\/wp-json\/wp\/v2\/users\/1"}],"replies":[{"embeddable":true,"href":"https:\/\/archivioturi.lavocedelpaese.info\/index.php\/wp-json\/wp\/v2\/comments?post=1730"}],"version-history":[{"count":0,"href":"https:\/\/archivioturi.lavocedelpaese.info\/index.php\/wp-json\/wp\/v2\/posts\/1730\/revisions"}],"wp:featuredmedia":[{"embeddable":true,"href":"https:\/\/archivioturi.lavocedelpaese.info\/index.php\/wp-json\/wp\/v2\/media\/1728"}],"wp:attachment":[{"href":"https:\/\/archivioturi.lavocedelpaese.info\/index.php\/wp-json\/wp\/v2\/media?parent=1730"}],"wp:term":[{"taxonomy":"category","embeddable":true,"href":"https:\/\/archivioturi.lavocedelpaese.info\/index.php\/wp-json\/wp\/v2\/categories?post=1730"},{"taxonomy":"post_tag","embeddable":true,"href":"https:\/\/archivioturi.lavocedelpaese.info\/index.php\/wp-json\/wp\/v2\/tags?post=1730"}],"curies":[{"name":"wp","href":"https:\/\/api.w.org\/{rel}","templated":true}]}}