{"id":17291,"date":"2020-01-29T13:20:25","date_gmt":"2020-01-29T13:20:25","guid":{"rendered":"https:\/\/archivioturi.lavocedelpaese.info\/index.php\/2020\/01\/29\/domus-libri-e-le-sirene-di-galiani\/"},"modified":"2020-01-29T13:20:25","modified_gmt":"2020-01-29T13:20:25","slug":"domus-libri-e-le-sirene-di-galiani","status":"publish","type":"post","link":"https:\/\/archivioturi.lavocedelpaese.info\/index.php\/2020\/01\/29\/domus-libri-e-le-sirene-di-galiani\/","title":{"rendered":"Domus libri e le sirene di Galiani"},"content":{"rendered":"<p><img loading=\"lazy\" decoding=\"async\" src=\"https:\/\/live.staticflickr.com\/65535\/49440445478_01e3dc4978_n.jpg\" alt=\"Galiani e Valentini\" width=\"320\" height=\"240\" \/><\/p>\n<p style=\"text-align: center;\"><strong>La duplice natura di alcuni sogni, accattivanti e spaventosi come le sirene<\/strong><\/p>\n<p style=\"text-align: justify;\">Domus Libri, il Presidio del Libro turese inaugurato lo scorso 26 ottobre con la presentazione de \u201cL\u2019estate dell\u2019incanto\u201d di Francesco Carofiglio, ha compiuto un nuovo passo verso l\u2019affermazione della propria presenza sul nostro territorio. Nel pomeriggio inoltrato dello scorso venerd\u00ec 17, all\u2019interno della sala teatro della Chiesa Madre, \u00e8 stato infatti accolto a Turi Tommaso Adriano Galiani con il suo \u201cLe sirene non si cercano\u201d.<\/p>\n<p><img loading=\"lazy\" decoding=\"async\" src=\"https:\/\/live.staticflickr.com\/65535\/49441146512_a9e31d69d9_n.jpg\" alt=\"Il pubblico presente all'incontro\" style=\"margin: 6px; float: right;\" width=\"320\" height=\"240\" \/><\/p>\n<p style=\"text-align: justify;\">Tre uomini, tre storie, tre viaggi: a legare queste tre figure, non solo il sangue e la famiglia, ma soprattutto il comune malessere di un mondo maschile ormai senza un ruolo. Ancorati a passati modelli, inibiti o assoggettati a figure femminili, schiacciati dalle loro scelte o non scelte, i protagonisti vorrebbero provare a seguire i loro sogni, le proprie sirene. In un\u2019antica villa garganica le loro vite tornano a incrociarsi, nel frastuono della festa matrimoniale di uno di loro, tra mondanit\u00e0, luccichii e altre vite. Poi c\u2019\u00e8 Cecilia, la sposa, complessa, concreta e determinante per definire un\u2019altra verit\u00e0. \u201cCon uno stile evocativo, melodioso come il canto delle sirene \u2013 recita la seconda di copertina \u2013 Tommaso Adriano Galiani accompagna il lettore in un viaggio non solo geografico, mostrando quante siano le possibilit\u00e0 dell\u2019esistenza\u201d.<\/p>\n<p style=\"text-align: justify;\">Per comprendere meglio e sprigionare lo psicodramma che si racchiude nelle quasi trecento pagine di quest\u2019opera profondamente introspettiva, il prof. Raffaele Valentini, nel ruolo di moderatore della serata, ha posto a Galiani una serie di domande puntuali, sempre specifiche. Ecco di seguito gli highlights di questo incalzante botta e risposta, anticipato da una premessa in cui il professore turese non risparmia elogi mirati a sottolineare il \u2018labor limae\u2019 che traspare dalla cura lessicale e strutturale con cui Galiani ha portato alla luce il suo primo romanzo.<\/p>\n<p style=\"text-align: justify;\"><strong>Se la scrittura \u00e8 lo specchio dello stato d\u2019animo dello scrittore, dopo aver letto le anime irrisolte dei personaggi, mi viene da chiedere: Tommaso, come stai?<\/strong><\/p>\n<p style=\"text-align: justify;\">\u00abNon c\u2019\u00e8 nulla di autobiografico se non la percezione di alcuni sentimenti. In questo momento in cui si parla di femminismo, forse, \u00e8 il momento di guardare con un occhio diverso la figura maschile, la sua condizione destabilizzata rispetto al passato. Adesso l\u2019uomo \u00e8 un po\u2019 informe, in una fase di confusione\u00bb.<\/p>\n<p style=\"text-align: justify;\">Nell\u2019incedere delle tre storie, il lettore \u00e8 spinto a toccare diverse localit\u00e0 geografiche, indi per cui Valentini domanda se esiste un posto che in qualche modo possa acquietarci. La risposta \u00e8 negativa, da rintracciarsi proprio nel sentimento di insofferenza del primo dei tre personaggi, incapace nel trovare serenit\u00e0 sia nel luogo d\u2019origine che in quello, molto distante geograficamente e culturalmente, dove successivamente approda.<\/p>\n<p style=\"text-align: justify;\"><strong>Emerge moltissimo la fisicit\u00e0 dei luoghi raccontati, tante \u201csporche semplicit\u00e0\u201d di casa nostra, dense di finzione: risponde a un intento il mettere in evidenza queste semplicit\u00e0?<\/strong><\/p>\n<p style=\"text-align: justify;\">\u00abC\u2019\u00e8 un obiettivo pessimista. Non ci sono realt\u00e0 scevre da problematicit\u00e0. La famiglia nel mio romanzo \u00e8 vista come un nido al contempo castrante, cosi come lo sono i luoghi d\u2019origine\u00bb.<\/p>\n<p style=\"text-align: justify;\"><strong>Guardando i personaggi, il momento del dormiveglia sembra essere cruciale nell\u2019evolversi della storia.<\/strong><\/p>\n<p style=\"text-align: justify;\">\u00abTutti iniziano la loro vicenda stando a letto: due non vogliono svegliarsi, uno non riesce a dormire. Dal risveglio si capisce il temperamento della persona, cosi come dall\u2019insonnia capisci altri aspetti. I tre personaggi maschili cominciano il loro racconto stando a letto\u00bb.<\/p>\n<p style=\"text-align: justify;\"><strong>Da una parte un mondo femminile autorevole che sa cosa deve fare e dall\u2019altra un mondo maschile che non sa bene cosa fare. Stiamo messi cos\u00ec male?<\/strong><\/p>\n<p style=\"text-align: justify;\">\u00abSi, non tutti ma in qualche misura s\u00ec. Sono personaggi che inseguono le loro sirene e seguendole sanno che devono rinunciarci\u00bb<\/p>\n<p style=\"text-align: justify;\">Uno degli apici riflessivi del dialogo tra Valentini e Galiani lo si inquadra nella spiegazione del titolo del romanzo, nella sua ambiguit\u00e0 di fondo, perch\u00e9 i sogni e le ambizioni dei protagonisti, ovvero le sirene, \u201cvengono percepiti come incomprensibili dagli altri\u201d e, sempre come le sirene, certi sogni, accattivanti e spaventosi al tempo stesso, esistono banalmente per far sognare, per affascinare: sono fini a s\u00e9 stessi; \u201c\u00e8 una logica disfattista \u2013 sostiene Galiani \u2013 ma che viene spiegata nel corso del romanzo\u201d.<\/p>\n<p style=\"text-align: justify;\"><strong>C\u2019\u00e8 chi sostiene di scrivere in preda ad una spinta emotiva e chi invece ha bisogno di un\u2019idea iniziale dietro cui sviluppare una struttura.<\/strong><\/p>\n<p style=\"text-align: justify;\">\u00abNel mio caso tutto \u00e8 partito con un\u2019idea di base, poi ho consultato articoli, cercando di rendere quanto pi\u00f9 vera la vicenda. L\u2019ultimo personaggio \u00e8 talmente distante da me che ho dovuto metterci pi\u00f9 impegno nel cercare di renderlo quanto pi\u00f9 vero possibile\u00bb.<\/p>\n<p style=\"text-align: justify;\">A proposito del personale processo creativo, Galiani dir\u00e0 pi\u00f9 tardi: \u00abPi\u00f9 che sull\u2019immaginazione, punto sull\u2019osservazione. Per formazione, osservando spesso dettagli, architetture, capitelli, mi sono abituato ad osservare. Tendo all\u2019osservazione e alla ricostruzione fantasiosa dell\u2019osservato. Per me la scrittura \u00e8 un fare tecnico. Non sono un poeta\u00bb.<\/p>\n<p style=\"text-align: justify;\"><strong>La scrittura di un romanzo vuol dire tanta fatica, impegnarsi con l\u2019ingegneria del romanzo, costruire i giusti muri portanti. Qual \u00e8 stata la sensazione quando hai finito di scrivere?<\/strong><\/p>\n<p style=\"text-align: justify;\">\u00abL\u2019ho rivisto tante volte, essendo la prima volta che mi lanciavo in quest\u2019avventura. Scrivere un romanzo \u00e8 come mettersi in discussione. Ho chiesto pareri effettivi, qualcosa di chiaro: sono molto sensibile alle opinioni degli altri. Ogni volta che leggevo trovavo qualcosa da correggere: \u00e8 una sorta di sindrome dell\u2019insegnante\u00bb.<\/p>\n<p style=\"text-align: justify;\">Dopo aver indagato assieme a Valentini i retroscena della sua opera, Galiani si \u00e8 prestato alle curiosit\u00e0 del pubblico presente, senza esimersi dal rispondere al sindaco Tina Resta e alla consigliera Lilli Susca. L\u2019incontro si \u00e8 quindi concluso con l\u2019autore impegnato in riflessioni inerenti alla promozione del territorio, quello del Meridione e, soprattutto, dei meridionali intrisi della \u201csaudade\u201d dei propri luoghi e delle proprie tradizioni, che sempre pi\u00f9 sono oggetto del desiderio di tanti turisti di tutto il mondo.<\/p>\n<p style=\"text-align: justify;\">Domus Libri, intanto, non si ferma e rilancia con un nuovo appuntamento letterario a febbraio, quando a Turi verr\u00e0 accolto Giancarlo Visitilli.<\/p>\n<p style=\"text-align: right;\"><strong>LEONARDO FLORIO<\/strong><\/p>\n","protected":false},"excerpt":{"rendered":"<p><img loading=\"lazy\" decoding=\"async\" src=\"https:\/\/live.staticflickr.com\/65535\/49440445478_01e3dc4978_n.jpg\" alt=\"Galiani e Valentini\" width=\"320\" height=\"240\" \/><\/p>\n","protected":false},"author":1,"featured_media":0,"comment_status":"open","ping_status":"closed","sticky":false,"template":"","format":"standard","meta":{"colormag_page_container_layout":"default_layout","colormag_page_sidebar_layout":"default_layout","footnotes":""},"categories":[6],"tags":[],"class_list":["post-17291","post","type-post","status-publish","format-standard","hentry","category-cultura"],"_links":{"self":[{"href":"https:\/\/archivioturi.lavocedelpaese.info\/index.php\/wp-json\/wp\/v2\/posts\/17291","targetHints":{"allow":["GET"]}}],"collection":[{"href":"https:\/\/archivioturi.lavocedelpaese.info\/index.php\/wp-json\/wp\/v2\/posts"}],"about":[{"href":"https:\/\/archivioturi.lavocedelpaese.info\/index.php\/wp-json\/wp\/v2\/types\/post"}],"author":[{"embeddable":true,"href":"https:\/\/archivioturi.lavocedelpaese.info\/index.php\/wp-json\/wp\/v2\/users\/1"}],"replies":[{"embeddable":true,"href":"https:\/\/archivioturi.lavocedelpaese.info\/index.php\/wp-json\/wp\/v2\/comments?post=17291"}],"version-history":[{"count":0,"href":"https:\/\/archivioturi.lavocedelpaese.info\/index.php\/wp-json\/wp\/v2\/posts\/17291\/revisions"}],"wp:attachment":[{"href":"https:\/\/archivioturi.lavocedelpaese.info\/index.php\/wp-json\/wp\/v2\/media?parent=17291"}],"wp:term":[{"taxonomy":"category","embeddable":true,"href":"https:\/\/archivioturi.lavocedelpaese.info\/index.php\/wp-json\/wp\/v2\/categories?post=17291"},{"taxonomy":"post_tag","embeddable":true,"href":"https:\/\/archivioturi.lavocedelpaese.info\/index.php\/wp-json\/wp\/v2\/tags?post=17291"}],"curies":[{"name":"wp","href":"https:\/\/api.w.org\/{rel}","templated":true}]}}