{"id":17245,"date":"2020-01-14T06:38:32","date_gmt":"2020-01-14T06:38:32","guid":{"rendered":"https:\/\/archivioturi.lavocedelpaese.info\/index.php\/2020\/01\/14\/gigantelli-il-2020-sara-lanno-delle-grandi-opere\/"},"modified":"2020-01-14T06:38:32","modified_gmt":"2020-01-14T06:38:32","slug":"gigantelli-il-2020-sara-lanno-delle-grandi-opere","status":"publish","type":"post","link":"https:\/\/archivioturi.lavocedelpaese.info\/index.php\/2020\/01\/14\/gigantelli-il-2020-sara-lanno-delle-grandi-opere\/","title":{"rendered":"Gigantelli: \u201cIl 2020 sar\u00e0 l\u2019anno delle grandi opere\u201d"},"content":{"rendered":"<p><img loading=\"lazy\" decoding=\"async\" src=\"https:\/\/live.staticflickr.com\/65535\/49359464456_6fcb88c7de_n.jpg\" alt=\"L'assessore Graziano Gigantelli\" width=\"279\" height=\"320\" \/><\/p>\n<p style=\"text-align: center;\"><strong>L\u2019assessore al Bilancio anticipa maggior rigore nell\u2019uso delle risorse pubbliche e svela il jolly dell\u2019Amministrazione: il \u201cPiano Juncker\u201d<\/strong><\/p>\n<p style=\"text-align: justify;\">L\u2019assessore Graziano Gigantelli, nell\u2019intervista che ci ha rilasciato, suggerisce alcuni spunti di riflessione sulle prospettive future dell\u2019Amministrazione Resta. Una sorta di vademecum su come operare per far s\u00ec che il 2020 sia un anno di svolta per il governo cittadino, che finora ha dovuto districarsi tra le tante questioni irrisolte ereditate dal passato e il \u201cdeserto degli Uffici\u201d, dovuto ai vari pensionamenti dei dipendenti comunali.<\/p>\n<p style=\"text-align: justify;\">Una ripartenza della macchina amministrativa resa ancora pi\u00f9 complessa dal fatto che la Giunta Resta si \u00e8 insediata all\u2019indomani di una lunga fase commissariale: \u00abAbbiamo dovuto operare su un Bilancio che, pur presentandosi \u201cin regola\u201d, aveva spazi limitati per il miglioramento dei servizi e per garantire l\u2019ordinariet\u00e0 della manutenzione. Ancora pi\u00f9 esigui i margini dedicati agli investimenti. Nonostante le varie difficolt\u00e0, siamo riusciti a mettere a punto tre variazioni, che hanno permesso di recuperare risorse utili a finanziare interventi straordinari, a esclusivo vantaggio del decoro e della sicurezza di Turi\u00bb.<\/p>\n<p style=\"text-align: justify;\"><strong>Assessore, cosa ci aspetta per il 2020?<\/strong><\/p>\n<p style=\"text-align: justify;\">\u00ab\u00c8 arrivato il momento in cui dobbiamo decidere cosa vogliamo offrire ai cittadini e come intendiamo alzare il livello dei servizi erogati e, di conseguenza, la vivibilit\u00e0 del paese. Il punto di partenza in questo ragionamento, in questa visione della citt\u00e0 cui aspiriamo, \u00e8 intendersi su come vada guardato il Bilancio comunale: non pu\u00f2 pi\u00f9 essere considerato alla stregua di un bancomat, da cui attingere soldi per soddisfare qualsivoglia capriccio. Al contrario, viste le limitate risorse delle casse pubbliche, occorrer\u00e0 cambiare prospettiva e agire in maniera differente\u00bb.<\/p>\n<p style=\"text-align: justify;\">&nbsp;<\/p>\n<p style=\"text-align: justify;\"><strong>In cosa consister\u00e0 questo cambio di passo?<\/strong><\/p>\n<p style=\"text-align: justify;\">\u00abTutti gli assessori e i consiglieri delegati, insieme al proprio caposettore, dovranno impegnarsi a sviluppare progettualit\u00e0 compatibili con gli obiettivi riportati nelle linee programmatiche e che rispondano a due requisiti irrinunciabili: validit\u00e0 e utilit\u00e0 sociale. Ovvero, occorrer\u00e0 privilegiare quelle proposte che abbiano un effettivo ritorno, in termini di benefici tangibili, per tutti i cittadini turesi\u00bb.<\/p>\n<p style=\"text-align: justify;\">&nbsp;<\/p>\n<p style=\"text-align: justify;\"><strong>Cambier\u00e0 anche l\u2019approccio nel cofinanziamento delle attivit\u00e0 culturali?<\/strong><\/p>\n<p style=\"text-align: justify;\">\u00abSicuramente la stagione delle \u201cpiogge di contributi\u201d \u00e8 giunta al termine. Si aprir\u00e0 ora quella dei patrocini, che il Comune conceder\u00e0 a eventi e manifestazioni che dimostreranno di essere in grado di contribuire alla promozione e alla crescita del nostro territorio. Nelle prossime settimane, il sindaco presenter\u00e0 importanti novit\u00e0 su questo fronte\u00bb.<\/p>\n<p style=\"text-align: justify;\">&nbsp;<\/p>\n<p style=\"text-align: justify;\"><strong>Evasione fiscale, a che punto siamo?<\/strong><\/p>\n<p style=\"text-align: justify;\">\u00abDalla ricognizione degli introiti dei tributi locali, si evince che, in questi ultimi cinque anni, si sia completamente ignorato il controllo delle entrate, facendo diventare, ad esempio, il mancato pagamento della TARI (tassa sui rifiuti) una prassi consolidata. I dati dal 2014 al 2018 evidenziano un\u2019elevata evasione soprattutto da parte delle utenze commerciali, e non ci sono solo imprese in difficolt\u00e0 ma anche aziende in ottima salute. Ricordo ancora una volta che evadere le tasse comunali arreca un danno all\u2019intera collettivit\u00e0, riducendo le risorse a disposizione per la spesa corrente e i servizi\u00bb.<\/p>\n<p style=\"text-align: justify;\">&nbsp;<\/p>\n<p style=\"text-align: justify;\"><strong>Parlavamo della Turi del futuro, in che direzione vi muoverete?<\/strong><\/p>\n<p style=\"text-align: justify;\">\u00abUna volta perfezionati i servizi esistenti, verificando che i capitolati d\u2019appalto vengano rispettati, il 2020 sar\u00e0 l\u2019anno delle grandi opere infrastrutturali, che potranno essere finanziare attraverso il \u201cPiano Juncker\u201d. Questo programma comunitario, per il quadriennio 2016-2020, mette a disposizione dell\u2019Italia una dotazione finanziaria di circa 102 miliari di euro: 42 miliardi di contributi europei a fondo perduto e 60 miliardi di prestiti erogabili dalla Banca Europea per gli Investimenti (BEI). In pratica, un Comune pu\u00f2 accedere a un finanziamento da 1 a 25 milioni di euro, che per il 75% viene coperto dalla Comunit\u00e0 europea; il restante 25% l\u2019Ente lo supporta contraendo un prestito con la BEI, ammortizzabile in 15 anni e al tasso agevolato dell\u20191,5%.<\/p>\n<p style=\"text-align: justify;\">Quanto ai progetti candidabili, non c\u2019\u00e8 dubbio che siano prioritari la ristrutturazione del cimitero, la fogna bianca, la riqualificazione di alcune aree del paese in direzione di una citt\u00e0 \u201ca misura di bambino\u201d, che faccia delle aree verdi il suo fiore all\u2019occhiello. I fondi comunitari potrebbero anche essere destinati per riqualificare il Campo Sportivo, arricchendolo di un progetto di mobilit\u00e0 alternativa; penso a una pista ciclo-pedonale che consenta ai nostri ragazzi di raggiungere la struttura, ubicata nella periferia del paese, in sicurezza e senza utilizzare l\u2019auto\u00bb.<\/p>\n<p style=\"text-align: justify;\">&nbsp;<\/p>\n<p style=\"text-align: justify;\"><strong>Concludendo, a che punto \u00e8 la mediazione con il Comitato Aree Edificabili?<\/strong><\/p>\n<p style=\"text-align: justify;\">\u00abIl legale di fiducia del Comune, l\u2019avvocato Felice Formica, ha contattato i difensori dei contribuenti che hanno presentato ricorso relativamente al pagamento dell\u2019Imu 2012. \u00c8 stato chiesto un ulteriore incontro per valutare la possibilit\u00e0 di una definizione conciliatoria e, da quanto mi \u00e8 dato sapere, si \u00e8 ancora in attesa di una risposta da parte del Comitato.<\/p>\n<p style=\"text-align: justify;\">Inoltre, in accordo con l\u2019architetto Del Rosso, sono gi\u00e0 state calendarizzate le varie date in cui i contribuenti, assistiti dai propri legali, potranno confrontarsi sulle pratiche oggetto del contendere. Questa, a differenza di quanto viene raccontato, \u00e8 l\u2019ulteriore dimostrazione della disponibilit\u00e0 mostrata dal sindaco e dall\u2019intera Amministrazione per raggiungere un accordo bonario\u00bb.<\/p>\n<p style=\"text-align: right;\"><strong>FD<\/strong><\/p>\n","protected":false},"excerpt":{"rendered":"<p><img loading=\"lazy\" decoding=\"async\" src=\"https:\/\/live.staticflickr.com\/65535\/49359464456_6fcb88c7de_n.jpg\" alt=\"L'assessore Graziano Gigantelli\" width=\"279\" height=\"320\" \/><\/p>\n","protected":false},"author":1,"featured_media":0,"comment_status":"open","ping_status":"closed","sticky":false,"template":"","format":"standard","meta":{"colormag_page_container_layout":"default_layout","colormag_page_sidebar_layout":"default_layout","footnotes":""},"categories":[4],"tags":[],"class_list":["post-17245","post","type-post","status-publish","format-standard","hentry","category-politica"],"_links":{"self":[{"href":"https:\/\/archivioturi.lavocedelpaese.info\/index.php\/wp-json\/wp\/v2\/posts\/17245","targetHints":{"allow":["GET"]}}],"collection":[{"href":"https:\/\/archivioturi.lavocedelpaese.info\/index.php\/wp-json\/wp\/v2\/posts"}],"about":[{"href":"https:\/\/archivioturi.lavocedelpaese.info\/index.php\/wp-json\/wp\/v2\/types\/post"}],"author":[{"embeddable":true,"href":"https:\/\/archivioturi.lavocedelpaese.info\/index.php\/wp-json\/wp\/v2\/users\/1"}],"replies":[{"embeddable":true,"href":"https:\/\/archivioturi.lavocedelpaese.info\/index.php\/wp-json\/wp\/v2\/comments?post=17245"}],"version-history":[{"count":0,"href":"https:\/\/archivioturi.lavocedelpaese.info\/index.php\/wp-json\/wp\/v2\/posts\/17245\/revisions"}],"wp:attachment":[{"href":"https:\/\/archivioturi.lavocedelpaese.info\/index.php\/wp-json\/wp\/v2\/media?parent=17245"}],"wp:term":[{"taxonomy":"category","embeddable":true,"href":"https:\/\/archivioturi.lavocedelpaese.info\/index.php\/wp-json\/wp\/v2\/categories?post=17245"},{"taxonomy":"post_tag","embeddable":true,"href":"https:\/\/archivioturi.lavocedelpaese.info\/index.php\/wp-json\/wp\/v2\/tags?post=17245"}],"curies":[{"name":"wp","href":"https:\/\/api.w.org\/{rel}","templated":true}]}}