{"id":17242,"date":"2020-01-13T06:42:02","date_gmt":"2020-01-13T06:42:02","guid":{"rendered":"https:\/\/archivioturi.lavocedelpaese.info\/index.php\/2020\/01\/13\/emozioni-e-veleni-di-natale\/"},"modified":"2020-01-13T06:42:02","modified_gmt":"2020-01-13T06:42:02","slug":"emozioni-e-veleni-di-natale","status":"publish","type":"post","link":"https:\/\/archivioturi.lavocedelpaese.info\/index.php\/2020\/01\/13\/emozioni-e-veleni-di-natale\/","title":{"rendered":"EMOZIONI (E VELENI) DI NATALE"},"content":{"rendered":"<p><img loading=\"lazy\" decoding=\"async\" src=\"https:\/\/live.staticflickr.com\/65535\/49359702172_da56840c6f_n.jpg\" alt=\"presepe vivente 2019 main\" width=\"320\" height=\"213\" \/><\/p>\n<p style=\"text-align: center;\"><strong>L\u2019entusiasmo dei gemelli Simone nel difficile bilancio successivo al programma natalizio<\/strong><\/p>\n<p style=\"text-align: justify;\">Nonostante un ritardo poco giustificabile da parte dell\u2019Assessorato alla Cultura, anche Turi, \u201calla fine\u201d, ha avuto le sue \u201cEmozioni di Natale\u201d. A dirigere l\u2019orchestra e i preparativi, l\u2019ormai collaudato duo dei gemelli Simone, referenti principali dell\u2019associazione Turpuglia ed organizzatori della fortunatissima sagra \u201cBacco per Bacco\u201d. Non sono tuttavia mancati nel palinsesto gli eventi paralleli: tante altre associazioni locali, con le proprie energie, hanno voluto prodigarsi affinch\u00e9 le sopra citate emozioni natalizie potessero coinvolgere un numero maggiore di turesi, quantomeno in pi\u00f9 giornate, con momenti diversi.<\/p>\n<p style=\"text-align: justify;\">\u201cI vecchi tempi\u201d, \u201cIn Piazza\u201d, le parrocchie, il comitato permanente \u201cGiovanni Maria Sabino\u201d, \u201cChi \u00e8 di scena?!\u201d, Casa delle Idee, \u201cIl Viandante\u201d, la Caritas, le scuole, la Nuova Pro Loco, \u201cI MoTuri\u201d, la banda cittadina \u201cDon Giovanni Cipriani\u201d, l\u2019associazione dei Bersaglieri \u201cA. Pedrizzi\u201d, i \u201cD\u00ecscjad\u00ecsce\u201d, la famiglia Di Benedetto, il fiorista Saffi, l\u2019artista Daniela Angelillo sono solo alcuni dei nomi che vale la pena menzionare ed applaudire per quello che, a partire dal 7 Dicembre scorso, \u00e8 stato il Natale \u201919 della nostra citt\u00e0.<\/p>\n<p style=\"text-align: justify;\">Ad ogni modo, alla fine della corsa, si fa fatica a fare un bilancio, specie dando un\u2019occhiata sui social dove non mancano ancora oggi \u201criferimenti puramente casuali\u201d, critiche e stoccate, come anche apprezzamenti, likes e attestazioni di stima. Questo Natale, dunque, \u201cha spaccato\u201d, come si suol dire in gergo giovanile: tanti lo hanno amato e vi hanno preso parte, mentre altri non hanno gradito, disertando e stando a casa.<\/p>\n<p style=\"text-align: justify;\">Nella pletora delle riflessioni e dei suggerimenti, ci sembra doveroso rimarcare il commento di una concittadina: \u201cL\u2019unione fa la forza\u201d. Quando le attivit\u00e0 commerciali, che hanno ad esempio contribuito silenziosamente all\u2019illuminazione autotassandosi, le associazioni culturali, la popolazione partecipante e soprattutto l\u2019Amministrazione collaborano in armonia, i risultati si vedono e, nel bene o nel male, il totale \u2013 parafrasando un certo Marinuccio \u2013 \u00e8 impossibile che sia zero. Forse aveva ragione il sindaco Tina Resta quando, all\u2019alba dell\u2019ultima campagna elettorale, affermava che ultimamente la gente \u00e8 sempre pi\u00f9 divisa, incattivita; o, forse, ad incattivire sono quei volti o quelle modalit\u00e0 organizzative che, al calar del sipario, vengono poi bersagliati sui social, creando ulteriore divisione ed una pi\u00f9 o meno compatibile tifoseria da stadio. A Natale, per\u00f2, seppur ormai passato, siamo tutti pi\u00f9 buoni e quindi proviamo a vedere il bicchiere mezzo pieno e la positivit\u00e0 grazie anche alle parole dei fratelli Simone e alle dichiarazioni di Paolo Florio, presidente de \u201cI vecchi tempi\u201d.<\/p>\n<p style=\"text-align: center;\"><strong>LA SODDISFAZIONE E L\u2019ENTUSIASMO DEI GEMELLI SIMONE<\/strong><\/p>\n<p style=\"text-align: justify;\">\u00abL&#8217;associazione Turpuglia, lo scorso 25 novembre, ha accolto positivamente l&#8217;invito dell&#8217;Amministrazione comunale a gestire il progetto &#8220;Emozioni di Natale 2019&#8221;. Seppur la richiesta sia arrivata in ritardo, ci siamo fatti carico della non facile impresa, firmando l&#8217;accordo di collaborazione di \u20ac 16.500 per il bene della nostra amata Turi. Il progetto, concordato con l&#8217;assessore alla cultura Teresa De Carolis, con il sindaco dott.ssa Ippolita Resta e condiviso da tutta la maggioranza, prevedeva la realizzazione di un albero vero ed un presepe statico in piazza Silvio Orlandi, un albero ecologico al centro della villa (da realizzare in collaborazione con l&#8217;associazione &#8220;In Piazza&#8221;) ed infine le illuminazioni nel centro cittadino, all&#8217;ingresso del paese e sul palazzo comunale, nonch\u00e9 la realizzazione del tanto atteso Presepe Vivente nel borgo antico (da realizzare in collaborazione con l&#8217;Associazione &#8220;I vecchi tempi&#8221;).<\/p>\n<p style=\"text-align: justify;\">Noi di &#8220;Turpuglia&#8221; abbiamo rispettato tutti gli accordi e siamo riusciti a far partire il Natale Turese il 7 dicembre, pronti per festeggiare l&#8217;Immacolata in una Turi in festa. I commercianti, molto dinamici, hanno dato il loro apporto, illuminando tante altre vie della nostra bella Turi e allestendo le loro vetrine natalizie in vista della seconda edizione del concorso &#8220;Natale in vetrina&#8221; che, tra le tante attivit\u00e0, ha visto trionfare la gioielleria Antonio Busco (primo classificato), Stanza 13 (secondo classificato), La vie en rose (terzo classificato).<\/p>\n<p style=\"text-align: justify;\">Il programma di Natale, fitto di eventi realizzati da molteplici associazioni, ha dato vita ad una esplosione di emozioni nella nostra piccola cittadina. Per il 2020 ci aspettiamo dall&#8217;Amministrazione comunale una pi\u00f9 puntuale programmazione delle progettualit\u00e0 per permettere cos\u00ec alle associazioni che operano sul territorio di organizzarsi a pieno per i diversi eventi in programma!\u00bb.<\/p>\n<p style=\"text-align: justify;\">Questo il commento dei fratelli Simone, referenti di Turpuglia. Prima di passare alle riflessioni di Paolo Florio, \u00e8 bene menzionare per dovere di cronaca alcune polemiche sorte intorno al concorso \u201cNatale in vetrina\u201d, col quale, sui social, si andavano a premiare le vetrine pi\u00f9 natalizie del paese: qualcuno, infatti, lamenta una poca chiarezza dei criteri della gara, come anche una conseguente disomogeneit\u00e0 inerente al modo in cui alcune vetrine sono state valutate e fotografate. Ad ogni modo, \u201calea iacta est\u201d ed i vincitori sono stati ormai proclamati.<\/p>\n<p style=\"text-align: right;\"><strong>LEONARDO FLORIO <\/strong><br \/><em><strong>Foto Fabiana Stanisci<\/strong><\/em><\/p>\n<p style=\"text-align: left;\"><strong>Clicca sulla foto in basso per guardare la galleria fotografica<\/strong><em><strong><br \/><\/strong><\/em><\/p>\n<p><a data-flickr-embed=\"true\" href=\"https:\/\/www.flickr.com\/photos\/91470992@N02\/albums\/72157712598715973\" title=\"Turi - Presepe Vivente 2019\"><img loading=\"lazy\" decoding=\"async\" src=\"https:\/\/live.staticflickr.com\/65535\/49358986973_e245febccc_z.jpg\" alt=\"Turi - Presepe Vivente 2019\" width=\"640\" height=\"427\" \/><\/a><\/p>\n","protected":false},"excerpt":{"rendered":"<p><img loading=\"lazy\" decoding=\"async\" src=\"https:\/\/live.staticflickr.com\/65535\/49359702172_da56840c6f_n.jpg\" alt=\"presepe vivente 2019 main\" width=\"320\" height=\"213\" \/><\/p>\n","protected":false},"author":1,"featured_media":0,"comment_status":"open","ping_status":"closed","sticky":false,"template":"","format":"standard","meta":{"colormag_page_container_layout":"default_layout","colormag_page_sidebar_layout":"default_layout","footnotes":""},"categories":[6],"tags":[],"class_list":["post-17242","post","type-post","status-publish","format-standard","hentry","category-cultura"],"_links":{"self":[{"href":"https:\/\/archivioturi.lavocedelpaese.info\/index.php\/wp-json\/wp\/v2\/posts\/17242","targetHints":{"allow":["GET"]}}],"collection":[{"href":"https:\/\/archivioturi.lavocedelpaese.info\/index.php\/wp-json\/wp\/v2\/posts"}],"about":[{"href":"https:\/\/archivioturi.lavocedelpaese.info\/index.php\/wp-json\/wp\/v2\/types\/post"}],"author":[{"embeddable":true,"href":"https:\/\/archivioturi.lavocedelpaese.info\/index.php\/wp-json\/wp\/v2\/users\/1"}],"replies":[{"embeddable":true,"href":"https:\/\/archivioturi.lavocedelpaese.info\/index.php\/wp-json\/wp\/v2\/comments?post=17242"}],"version-history":[{"count":0,"href":"https:\/\/archivioturi.lavocedelpaese.info\/index.php\/wp-json\/wp\/v2\/posts\/17242\/revisions"}],"wp:attachment":[{"href":"https:\/\/archivioturi.lavocedelpaese.info\/index.php\/wp-json\/wp\/v2\/media?parent=17242"}],"wp:term":[{"taxonomy":"category","embeddable":true,"href":"https:\/\/archivioturi.lavocedelpaese.info\/index.php\/wp-json\/wp\/v2\/categories?post=17242"},{"taxonomy":"post_tag","embeddable":true,"href":"https:\/\/archivioturi.lavocedelpaese.info\/index.php\/wp-json\/wp\/v2\/tags?post=17242"}],"curies":[{"name":"wp","href":"https:\/\/api.w.org\/{rel}","templated":true}]}}