{"id":17215,"date":"2019-12-29T14:08:53","date_gmt":"2019-12-29T14:08:53","guid":{"rendered":"https:\/\/archivioturi.lavocedelpaese.info\/index.php\/2019\/12\/29\/a-volte-ritornano-in-versione-anche-peggiore-della-precedente\/"},"modified":"2019-12-29T14:08:53","modified_gmt":"2019-12-29T14:08:53","slug":"a-volte-ritornano-in-versione-anche-peggiore-della-precedente","status":"publish","type":"post","link":"https:\/\/archivioturi.lavocedelpaese.info\/index.php\/2019\/12\/29\/a-volte-ritornano-in-versione-anche-peggiore-della-precedente\/","title":{"rendered":"A volte ritornano in versione anche peggiore della precedente"},"content":{"rendered":"<p><img loading=\"lazy\" decoding=\"async\" src=\"https:\/\/live.staticflickr.com\/65535\/49255659791_5598cf612c_n.jpg\" alt=\"imu\" width=\"320\" height=\"240\" \/><\/p>\n<p style=\"text-align: justify;\">Nel Consiglio comunale precedente all\u2019attuale c\u2019era qualcuno che, quando il Comitato Aree Edificabili sollev\u00f2 il problema della tassazione delle aree edificabili, senza aver capito nulla della problematica, rilasci\u00f2 la seguente affermazione: \u201cCosa vogliono! Piace essere proprietari, pagassero!\u201d.<\/p>\n<p style=\"text-align: justify;\">Nel Consiglio comunale attuale ci sono alcuni, anche Loro senza aver capito alcunch\u00e9 della problematica, che rilasciano affermazioni terroristiche del tipo: \u201cDobbiamo difendere le entrate del bilancio comunale dalle richieste dei proprietari delle Aree Edificabili\u201d.<\/p>\n<p style=\"text-align: justify;\">In ambedue i casi gli esternatori evidenziano tutta lo loro non conoscenza della problematica della tassazione IMU e TASI delle aree edificabili.<\/p>\n<p style=\"text-align: justify;\">Costoro ignorano cosa stabilisce il comma 5\u00b0 dell\u2019art. 5 del Decreto Legislativo n. 504\/1992, che norma l\u2019individuazione del valore venale in pubblico commercio (valore di mercato, di vendita), in base al quale devono essere tassate le aree edificabili.<\/p>\n<p style=\"text-align: justify;\">Il Comitato Aree Edificabili non ha mai chiesto o pensato di applicare la norma in modo difforme da quanto stabilito dal predetto Decreto Legislativo n. 504\/1992, ha sempre e solo chiesto di individuare il giusto valore delle aree edificabili, secondo il valore di mercato o di vendita.<\/p>\n<p style=\"text-align: justify;\">Purtroppo finora, per comodit\u00e0, per convenienza o per altro, le individuazioni dei valori venali delle aree edificabili sono sempre state eseguite con astratte e teoriche individuazioni, delle quali non \u00e8 stato mai dimostrato praticamente il percorso logico e matematico. Per giunta tali individuazioni di valori astratte e dogmatiche (fatte cio\u00e8 senza addurre prove e senza la loro verifica nella realt\u00e0 e nei fatti), sono state fatte da persone che non vivono a Turi e che non conoscono le condizioni disastrose del mercato edilizio locale. Situazione che, come \u00e8 a tutti noto, \u00e8 peggiore degli altri Comuni limitrofi.<\/p>\n<p style=\"text-align: justify;\">Pensiamo che chiedere la puntuale e precisa applicazione della legge non sia un reato e che, oltre ad un nostro diritto, dovrebbe essere un dovere di chi \u00e8 preposto a rappresentare la cittadinanza. Gli esternatori bene farebbero, prima di esternare, a documentarsi ed ascoltare le ragioni e visionare la documentazione oggettiva e circostanziata presentata a corredo di tale nostra richiesta.<\/p>\n<p style=\"text-align: justify;\">Nessuno vuole esimersi dal pagare le tasse, nessuno vuole attentare alle entrate del Bilancio Comunale, tutti vogliamo pagare le tasse secondo il dovuto e secondo equit\u00e0 e giustizia. Non \u00e8 da Paese civile vessare i cittadini con tasse esose ed inique per la semplice ragione che chi ha eseguito le valutazioni (forse anche in buone fede) non ha tenuto ben chiaro quanto stabilito dalla normativa e non conosceva affatto la situazione reale locale, che \u00e8 ben lontana da quanto da Loro individuata. Non \u00e8 neanche da Paese civile pensare di impinguare le casse comunali invitando gli addetti ai lavori ad andare pesante con la individuazione dei valori venali delle aree edificabili, ogni cosa deve essere fatta secondo legge e soprattutto secondo coscienza.<\/p>\n<p style=\"text-align: justify;\">Non \u00e8 il caso di prendere in esame e non meritano alcuna risposta le farneticanti affermazioni di altri esternatori, non appartenenti al Consiglio comunale, che cercano di svolgere opera di terrorismo psicologico, paventando eventuali denunce alla Corte dei Conti, per minori entrate rispetto a quelle esageratamente previste. Costoro fanno finta di non capire che non si sta chiedendo l\u2019esenzione dalle tasse o la riduzione delle stesse, ma se ne sta chiedendo la giusta applicazione. In ogni caso si tratta di terreni avuti in eredit\u00e0 dai genitori, che sono i sacrifici di almeno tre generazioni, che non sono grandissime propriet\u00e0 fondiarie e che, continuando a tassarli con quei valori, in dieci o dodici anni si rischia di pagare in tasse al Comune il loro attuale valore di mercato. Non dimentichiamo che l\u2019IMU e la TASI sulle aree edificabili \u00e8 una tassa annuale e non una tantum.<\/p>\n<p style=\"text-align: justify;\">Siamo disponibili, con documenti e con chiarimenti scritti da esperti, a dimostrare a costoro ed ai Consiglieri Comunali che ne avessero voglia, tutta la falsit\u00e0 e l\u2019inesistenza di ogni fondamento giuridico delle loro terroristiche affermazioni. Altrettanto siamo disposti a fare per quanto riguarda l\u2019individuazione dei valori venali delle aree edificabili. Non Vi coster\u00e0 nulla, se veramente ne avrete voglia, baster\u00e0 solo chiedere ed ascoltare. Tale disponibilit\u00e0 l\u2019abbiamo sempre messa a disposizione di tutti in modo che, tutto il patrimonio di conoscenze e documentazione dei Tecnici del nostro Comitato, possa aiutare a ben individuare il giusto valore venale delle aree edificabili. Solo non continuando ad ignorare questa annosa problematica si riuscir\u00e0 a non alimentare nei cittadini turesi quella crisi di sfiducia nelle istituzioni che oggi pi\u00f9 di prima alimenta la crisi della democrazia e Li allontana dalle Istituzioni.<\/p>\n<p style=\"text-align: justify;\">Cogliamo l\u2019occasione, a nome del Comitato, per fare a Tutti ed alle Vs. famiglie gli auguri per le prossime Festivit\u00e0 Natalizie e di un Buon Anno Nuovo.<\/p>\n<p style=\"text-align: right;\"><strong>Il Comitato Aree Edificabili<\/strong><\/p>\n","protected":false},"excerpt":{"rendered":"<p><img loading=\"lazy\" decoding=\"async\" src=\"https:\/\/live.staticflickr.com\/65535\/49255659791_5598cf612c_n.jpg\" alt=\"imu\" width=\"320\" height=\"240\" \/><\/p>\n","protected":false},"author":1,"featured_media":0,"comment_status":"open","ping_status":"closed","sticky":false,"template":"","format":"standard","meta":{"colormag_page_container_layout":"default_layout","colormag_page_sidebar_layout":"default_layout","footnotes":""},"categories":[7],"tags":[],"class_list":["post-17215","post","type-post","status-publish","format-standard","hentry","category-attualita"],"_links":{"self":[{"href":"https:\/\/archivioturi.lavocedelpaese.info\/index.php\/wp-json\/wp\/v2\/posts\/17215","targetHints":{"allow":["GET"]}}],"collection":[{"href":"https:\/\/archivioturi.lavocedelpaese.info\/index.php\/wp-json\/wp\/v2\/posts"}],"about":[{"href":"https:\/\/archivioturi.lavocedelpaese.info\/index.php\/wp-json\/wp\/v2\/types\/post"}],"author":[{"embeddable":true,"href":"https:\/\/archivioturi.lavocedelpaese.info\/index.php\/wp-json\/wp\/v2\/users\/1"}],"replies":[{"embeddable":true,"href":"https:\/\/archivioturi.lavocedelpaese.info\/index.php\/wp-json\/wp\/v2\/comments?post=17215"}],"version-history":[{"count":0,"href":"https:\/\/archivioturi.lavocedelpaese.info\/index.php\/wp-json\/wp\/v2\/posts\/17215\/revisions"}],"wp:attachment":[{"href":"https:\/\/archivioturi.lavocedelpaese.info\/index.php\/wp-json\/wp\/v2\/media?parent=17215"}],"wp:term":[{"taxonomy":"category","embeddable":true,"href":"https:\/\/archivioturi.lavocedelpaese.info\/index.php\/wp-json\/wp\/v2\/categories?post=17215"},{"taxonomy":"post_tag","embeddable":true,"href":"https:\/\/archivioturi.lavocedelpaese.info\/index.php\/wp-json\/wp\/v2\/tags?post=17215"}],"curies":[{"name":"wp","href":"https:\/\/api.w.org\/{rel}","templated":true}]}}