{"id":17199,"date":"2019-12-23T13:36:06","date_gmt":"2019-12-23T13:36:06","guid":{"rendered":"https:\/\/archivioturi.lavocedelpaese.info\/index.php\/2019\/12\/23\/valentini-alla-corricastellaneta\/"},"modified":"2019-12-23T13:36:06","modified_gmt":"2019-12-23T13:36:06","slug":"valentini-alla-corricastellaneta","status":"publish","type":"post","link":"https:\/\/archivioturi.lavocedelpaese.info\/index.php\/2019\/12\/23\/valentini-alla-corricastellaneta\/","title":{"rendered":"Valentini alla \u201cCorricastellaneta\u201d"},"content":{"rendered":"<p><img loading=\"lazy\" decoding=\"async\" src=\"https:\/\/live.staticflickr.com\/65535\/49250266843_cce6763af5_n.jpg\" alt=\"valentini\" width=\"138\" height=\"320\" \/><\/p>\n<p style=\"text-align: justify;\">Domenica 15 dicembre si \u00e8 recuperata la 18^ edizione della \u201cCorricastellaneta\u201d, gi\u00e0 rinviata il 24 novembre a causa dell\u2019allerta meteo. La gara, valida come 20^ tappa del Corripuglia, ha fatto calare il sipario sulla competizione a tappe iniziata a marzo. In palio c\u2019erano gli ultimi punti, sia di categoria e sia di societ\u00e0, validi per scalare ulteriori posizioni nella classifica finale.<\/p>\n<p style=\"text-align: justify;\">Quasi 800 gli atleti che si sono dati battaglia lungo i 9 km che hanno attraversato il centro cittadino e la campagna limitrofa. Il percorso, piuttosto impegnativo, ha alternato costantemente salite e discese con le asperit\u00e0 pi\u00f9 grandi nella parte centrale del tracciato, dove ad una discesa ripidissima \u00e8 seguita una salita \u201cspacca gambe\u201d che ha fatto selezione e determinato le posizioni di vertice.<\/p>\n<p style=\"text-align: justify;\">Tra i tanti partecipanti anche il nostro Domenico Valentini che ha registrato il 10\u00b0 gettone di presenza al Corripuglia. Il 155\u00b0 posto nella classifica generale, raggiunto correndo alla media di 4 min e 16 sec al km, ha permesso di racimolare ulteriori punti, contribuendo al raggiungimento della 74^ posizione nella classifica finale della categoria master 45. Le 10 gare del Corripuglia disputate hanno permesso di accumulare oltre 1000 punti che, sommati a quelli totalizzati agli altri atleti della Nadir on the road, hanno contribuito al raggiungimento del 4\u00b0 posto finale delle societ\u00e0.<\/p>\n<p style=\"text-align: justify;\">Con la fine del Corripuglia inizia il periodo di rigenerazione e preparazione per la stagione 2020 che vedr\u00e0 Valentini sempre correre tra le fila della Nadir in the road con l\u2019auspicio di vivere una stagione agonistica con risultati lusinghieri e pi\u00f9 consoni alle sue potenzialit\u00e0.<\/p>\n","protected":false},"excerpt":{"rendered":"<p><img loading=\"lazy\" decoding=\"async\" src=\"https:\/\/live.staticflickr.com\/65535\/49250266843_cce6763af5_n.jpg\" alt=\"valentini\" width=\"138\" height=\"320\" \/><\/p>\n","protected":false},"author":1,"featured_media":0,"comment_status":"open","ping_status":"closed","sticky":false,"template":"","format":"standard","meta":{"colormag_page_container_layout":"default_layout","colormag_page_sidebar_layout":"default_layout","footnotes":""},"categories":[5],"tags":[],"class_list":["post-17199","post","type-post","status-publish","format-standard","hentry","category-sport"],"_links":{"self":[{"href":"https:\/\/archivioturi.lavocedelpaese.info\/index.php\/wp-json\/wp\/v2\/posts\/17199","targetHints":{"allow":["GET"]}}],"collection":[{"href":"https:\/\/archivioturi.lavocedelpaese.info\/index.php\/wp-json\/wp\/v2\/posts"}],"about":[{"href":"https:\/\/archivioturi.lavocedelpaese.info\/index.php\/wp-json\/wp\/v2\/types\/post"}],"author":[{"embeddable":true,"href":"https:\/\/archivioturi.lavocedelpaese.info\/index.php\/wp-json\/wp\/v2\/users\/1"}],"replies":[{"embeddable":true,"href":"https:\/\/archivioturi.lavocedelpaese.info\/index.php\/wp-json\/wp\/v2\/comments?post=17199"}],"version-history":[{"count":0,"href":"https:\/\/archivioturi.lavocedelpaese.info\/index.php\/wp-json\/wp\/v2\/posts\/17199\/revisions"}],"wp:attachment":[{"href":"https:\/\/archivioturi.lavocedelpaese.info\/index.php\/wp-json\/wp\/v2\/media?parent=17199"}],"wp:term":[{"taxonomy":"category","embeddable":true,"href":"https:\/\/archivioturi.lavocedelpaese.info\/index.php\/wp-json\/wp\/v2\/categories?post=17199"},{"taxonomy":"post_tag","embeddable":true,"href":"https:\/\/archivioturi.lavocedelpaese.info\/index.php\/wp-json\/wp\/v2\/tags?post=17199"}],"curies":[{"name":"wp","href":"https:\/\/api.w.org\/{rel}","templated":true}]}}