{"id":17180,"date":"2019-12-18T09:09:30","date_gmt":"2019-12-18T09:09:30","guid":{"rendered":"https:\/\/archivioturi.lavocedelpaese.info\/index.php\/2019\/12\/18\/a-giuseppe-il-primo-premio-assoluto\/"},"modified":"2019-12-18T09:09:30","modified_gmt":"2019-12-18T09:09:30","slug":"a-giuseppe-il-primo-premio-assoluto","status":"publish","type":"post","link":"https:\/\/archivioturi.lavocedelpaese.info\/index.php\/2019\/12\/18\/a-giuseppe-il-primo-premio-assoluto\/","title":{"rendered":"A Giuseppe il primo premio assoluto"},"content":{"rendered":"<p><img loading=\"lazy\" decoding=\"async\" src=\"https:\/\/live.staticflickr.com\/65535\/49215729011_e4dceb2f1b_n.jpg\" alt=\"Giuseppe Merceri (2)\" width=\"240\" height=\"320\" \/><\/p>\n<p style=\"text-align: center;\"><strong>Il talento turese vince al Contest Internazionale di Musica<\/strong><\/p>\n<p><img loading=\"lazy\" decoding=\"async\" src=\"https:\/\/live.staticflickr.com\/65535\/49215247308_3fc488f095_n.jpg\" alt=\"Giuseppe Merceri (1)\" style=\"margin: 6px; float: right;\" width=\"190\" height=\"320\" \/><\/p>\n<p style=\"text-align: justify;\">Nuove soddisfazioni in casa Mercieri per un nuovo primo posto assoluto del piccolo Giuseppe Mercieri che qualche giorno fa, nel castello di Sannicandro di Bari, ha sollevato il premio pi\u00f9 prestigioso. Sono trascorsi due anni, anni di studio e di impegno, anni di lavoro e sacrifici, che lo hanno portato ad avere un&#8217;altra grande emozione alla terza edizione del Contest Internazionale di Musica presso il Castello Normanno Svevo di Sannicandro di Bari. Nel concorso dello scorso 16 novembre il non pi\u00f9 \u2018baby talent\u2019 Giuseppe Mercieri, gareggiando la prima volta nella fascia A, dai 10 ai 16 anni, ha eseguito \u201cAmerican Caprice\u201d di Edwin Franko Goldman, accompagnato dalla Maestra Dominga Giannone.<\/p>\n<p style=\"text-align: justify;\">\u00abUn grazie di cuore ai maestri Angelo Cavallo e Dominga Giannone per la fiducia che hanno riposto in te\u00bb &#8211; hanno commentato in prima battuta i genitori Alberigo e Dominga Darienzo. Ma Giuseppe non \u00e8 nuovo alle premiazioni e i nostri lettori sicuramente ricorderanno quando nel 2017 ha sollevato il premio della vittoria al fianco del Maestro che lo ha per primo accompagnato nella magia del mondo della tromba, Michele Jamil Marzella.<\/p>\n<p><img loading=\"lazy\" decoding=\"async\" src=\"https:\/\/live.staticflickr.com\/65535\/49215729066_3c0245b05b_n.jpg\" alt=\"Giuseppe Merceri (1)\" style=\"margin: 6px; float: left;\" width=\"302\" height=\"320\" \/><\/p>\n<p style=\"text-align: justify;\">Oggi Giuseppe Mercieri ha messo nella sua valigia le emozioni del bambino e sta collezionando innumerevoli riconoscimenti al suo talento e al suo lavoro. Sono di maggio scorso, infatti, altri due concorsi musicali, a Trani e a Muraggio, dove ha conseguito rispettivamente il primo premio assoluto e il primo premio. A Sannicandro per\u00f2 ha stupito la giuria e il pubblico eseguendo un brano non semplice per la sua et\u00e0 e la sua categoria. Giuseppe infatti ha suonato con la sua cornetta Besson, un brano scelto da molti come esame finale di Conservatorio, considerate le difficolt\u00e0 tecnico-musicali che contiene. Il piccolo artista turese per\u00f2 ha suonato magistralmente grazie al suo percorso di studi sotto la guida del maestro Angelo Cavallo, vincendo il primo premio assoluto, premiato lo scorso 8 dicembre. Attualmente Giuseppe studia presso la Italian Trumpet Academy di Sannicandro e chiss\u00e0 quanta strada percorrer\u00e0 nel mondo della musica e quante altre emozioni regaler\u00e0 al suo pubblico.<\/p>\n<p style=\"text-align: right;\"><strong>Cinzia Debiase<\/strong><\/p>\n","protected":false},"excerpt":{"rendered":"<p><img loading=\"lazy\" decoding=\"async\" src=\"https:\/\/live.staticflickr.com\/65535\/49215729011_e4dceb2f1b_n.jpg\" alt=\"Giuseppe Merceri (2)\" width=\"240\" height=\"320\" \/><\/p>\n","protected":false},"author":1,"featured_media":0,"comment_status":"open","ping_status":"closed","sticky":false,"template":"","format":"standard","meta":{"colormag_page_container_layout":"default_layout","colormag_page_sidebar_layout":"default_layout","footnotes":""},"categories":[6],"tags":[],"class_list":["post-17180","post","type-post","status-publish","format-standard","hentry","category-cultura"],"_links":{"self":[{"href":"https:\/\/archivioturi.lavocedelpaese.info\/index.php\/wp-json\/wp\/v2\/posts\/17180","targetHints":{"allow":["GET"]}}],"collection":[{"href":"https:\/\/archivioturi.lavocedelpaese.info\/index.php\/wp-json\/wp\/v2\/posts"}],"about":[{"href":"https:\/\/archivioturi.lavocedelpaese.info\/index.php\/wp-json\/wp\/v2\/types\/post"}],"author":[{"embeddable":true,"href":"https:\/\/archivioturi.lavocedelpaese.info\/index.php\/wp-json\/wp\/v2\/users\/1"}],"replies":[{"embeddable":true,"href":"https:\/\/archivioturi.lavocedelpaese.info\/index.php\/wp-json\/wp\/v2\/comments?post=17180"}],"version-history":[{"count":0,"href":"https:\/\/archivioturi.lavocedelpaese.info\/index.php\/wp-json\/wp\/v2\/posts\/17180\/revisions"}],"wp:attachment":[{"href":"https:\/\/archivioturi.lavocedelpaese.info\/index.php\/wp-json\/wp\/v2\/media?parent=17180"}],"wp:term":[{"taxonomy":"category","embeddable":true,"href":"https:\/\/archivioturi.lavocedelpaese.info\/index.php\/wp-json\/wp\/v2\/categories?post=17180"},{"taxonomy":"post_tag","embeddable":true,"href":"https:\/\/archivioturi.lavocedelpaese.info\/index.php\/wp-json\/wp\/v2\/tags?post=17180"}],"curies":[{"name":"wp","href":"https:\/\/api.w.org\/{rel}","templated":true}]}}