{"id":17125,"date":"2019-12-02T06:34:19","date_gmt":"2019-12-02T06:34:19","guid":{"rendered":"https:\/\/archivioturi.lavocedelpaese.info\/index.php\/2019\/12\/02\/auser-di-turi-una-giornata-dedicata-allarte\/"},"modified":"2019-12-02T06:34:19","modified_gmt":"2019-12-02T06:34:19","slug":"auser-di-turi-una-giornata-dedicata-allarte","status":"publish","type":"post","link":"https:\/\/archivioturi.lavocedelpaese.info\/index.php\/2019\/12\/02\/auser-di-turi-una-giornata-dedicata-allarte\/","title":{"rendered":"Auser di Turi: una giornata dedicata all\u2019arte"},"content":{"rendered":"<p><img loading=\"lazy\" decoding=\"async\" src=\"https:\/\/live.staticflickr.com\/65535\/49139201788_010f8090cb_n.jpg\" alt=\"Museo (4)\" width=\"320\" height=\"240\" \/><\/p>\n<p style=\"text-align: center;\"><strong>I soci hanno visitato il Museo delle Macchine di Leonardo Da Vinci <br \/>e la Basilica di Santa Caterina d\u2019Alessandria<\/strong><\/p>\n<p style=\"text-align: justify;\">Nell\u2019ambito delle attivit\u00e0 artistico-culturali, l\u2019Associazione Auser di Turi, nella ricorrenza dei 500 anni della scomparsa del genio di Leonardo, ha portato i suoi soci a visitare la mostra \u201cLeonardo da Vinci nella citt\u00e0 del galateo\u201d, ospitata a Galatone, centro leccese a pochi chilometri dalla citt\u00e0 di Gallipoli. L\u2019evento espositivo di indiscusso valore ha preso vita nelle sale del cinquecentesco Palazzo Belmonte, dove l\u2019ingegnere salentino Giuseppe Manisco, nel 2013, ha voluto realizzare le copie delle macchine di Leonardo Da Vinci in scala reale. \u00abA Palazzo Belmonte, Leonardo ritrova se stesso\u00bb &#8211; cos\u00ec il critico d\u2019arte Vittorio Sgarbi sintetizza il percorso espositivo che rappresenta una summa dell\u2019ingegno vinciano. Ed infatti, i soci Auser hanno potuto ammirare i congegni partoriti dalla mente di Leonardo, costruiti artigianalmente e fedelmente riprodotti, immergendosi in un viaggio avvincente e imperdibile nel poliedrico mondo della storia, della scienza, della tecnologia e dell\u2019arte.<\/p>\n<p style=\"text-align: justify;\">La compagine Auser, guidata dal suo Presidente Antonio Conte, nel pomeriggio si \u00e8 poi spostata a Galatina per concludere la giornata ammirando la Basilica di Santa Caterina d\u2019Alessandria che si erge nel centro storico. Uno dei pi\u00f9 insigni monumenti dell\u2019arte romanica pugliese e gotica in Puglia, la Basilica fu realizzata tra il 1369 e il 1391 per volont\u00e0 di Raimondello Orsini del Balzo. Questi, in uno dei suoi numerosi viaggi, di ritorno dalle Crociate, si spinse sino alla sommit\u00e0 del Monte Sinai per rendere omaggio al corpo di Santa Caterina. Secondo la leggenda, nel ripartire, baci\u00f2 la mano della Santa, strappandole il dito con i denti. Tornato in Italia port\u00f2 con s\u00e9 la reliquia che, incastonata in un reliquario d\u2019argento, tuttora si conserva nel Tesoro della Chiesa.<\/p>\n<p style=\"text-align: justify;\">L\u2019edificio fu costruito su una preesistente chiesa bizantina di rito greco risalente al IX-X secolo, le cui tracce sono ben visibili nel muro esterno della navata destra in cui \u00e8 stata inglobata, forse per risparmiare materiale edilizio, l\u2019abside. La decorazione pittorica riveste grande importanza artistica. L\u2019interno fu completamente affrescato verso la fine del Trecento da maestranze locali. Questi affreschi non erano di elevata qualit\u00e0 e non furono molto apprezzati dalla committente, Maria d\u2019Enghien, la quale decise di far completamente raffrescare l\u2019edificio da artisti di varie zone della penisola: maestranze di scuola giottesca e senese e un certo Franciscus De Arecio (Francesco d\u2019Arezzo). Le influenze giottesche sono particolarmente visibili negli affreschi delle vele della seconda campata nelle quali sono raffigurati i sette Sacramenti. Per la vastit\u00e0 dei cicli pittorici, la Basilica Galatinese \u00e8 seconda solo alla Basilica di San Francesco D\u2019Assisi.<\/p>\n<p style=\"text-align: justify;\">Il Presidente dell\u2019Auser di Turi, Antonio Conte, ringrazia i suoi associati per aver collaborato a visitare questi interessantissimi musei della nostra Regione.<\/p>\n<p><img loading=\"lazy\" decoding=\"async\" src=\"https:\/\/live.staticflickr.com\/65535\/49139695156_b8b5cab94a_z.jpg\" alt=\"Museo (1)\" width=\"640\" height=\"295\" \/><\/p>\n<p><img loading=\"lazy\" decoding=\"async\" src=\"https:\/\/live.staticflickr.com\/65535\/49139201883_73d5ac9b0d_z.jpg\" alt=\"Museo (2)\" width=\"640\" height=\"480\" \/><\/p>\n<p><img loading=\"lazy\" decoding=\"async\" src=\"https:\/\/live.staticflickr.com\/65535\/49139889742_2b5794ed73_z.jpg\" alt=\"Museo (3)\" width=\"640\" height=\"480\" \/><\/p>\n<p><img loading=\"lazy\" decoding=\"async\" src=\"https:\/\/live.staticflickr.com\/65535\/49139890022_b4d8bd8e06_z.jpg\" alt=\"Basilica (2)\" style=\"display: block; margin-left: auto; margin-right: auto;\" width=\"480\" height=\"640\" \/><\/p>\n<p><img loading=\"lazy\" decoding=\"async\" src=\"https:\/\/live.staticflickr.com\/65535\/49139202023_a56b12a7f0_z.jpg\" alt=\"Basilica (3)\" width=\"640\" height=\"480\" \/><\/p>\n<p><img loading=\"lazy\" decoding=\"async\" src=\"https:\/\/live.staticflickr.com\/65535\/49139889882_0fa7576b20_z.jpg\" alt=\"Basilica (4)\" style=\"display: block; margin-left: auto; margin-right: auto;\" width=\"480\" height=\"640\" \/><\/p>\n","protected":false},"excerpt":{"rendered":"<p><img loading=\"lazy\" decoding=\"async\" src=\"https:\/\/live.staticflickr.com\/65535\/49139201788_010f8090cb_n.jpg\" alt=\"Museo (4)\" width=\"320\" height=\"240\" \/><\/p>\n","protected":false},"author":1,"featured_media":0,"comment_status":"open","ping_status":"closed","sticky":false,"template":"","format":"standard","meta":{"colormag_page_container_layout":"default_layout","colormag_page_sidebar_layout":"default_layout","footnotes":""},"categories":[6],"tags":[],"class_list":["post-17125","post","type-post","status-publish","format-standard","hentry","category-cultura"],"_links":{"self":[{"href":"https:\/\/archivioturi.lavocedelpaese.info\/index.php\/wp-json\/wp\/v2\/posts\/17125","targetHints":{"allow":["GET"]}}],"collection":[{"href":"https:\/\/archivioturi.lavocedelpaese.info\/index.php\/wp-json\/wp\/v2\/posts"}],"about":[{"href":"https:\/\/archivioturi.lavocedelpaese.info\/index.php\/wp-json\/wp\/v2\/types\/post"}],"author":[{"embeddable":true,"href":"https:\/\/archivioturi.lavocedelpaese.info\/index.php\/wp-json\/wp\/v2\/users\/1"}],"replies":[{"embeddable":true,"href":"https:\/\/archivioturi.lavocedelpaese.info\/index.php\/wp-json\/wp\/v2\/comments?post=17125"}],"version-history":[{"count":0,"href":"https:\/\/archivioturi.lavocedelpaese.info\/index.php\/wp-json\/wp\/v2\/posts\/17125\/revisions"}],"wp:attachment":[{"href":"https:\/\/archivioturi.lavocedelpaese.info\/index.php\/wp-json\/wp\/v2\/media?parent=17125"}],"wp:term":[{"taxonomy":"category","embeddable":true,"href":"https:\/\/archivioturi.lavocedelpaese.info\/index.php\/wp-json\/wp\/v2\/categories?post=17125"},{"taxonomy":"post_tag","embeddable":true,"href":"https:\/\/archivioturi.lavocedelpaese.info\/index.php\/wp-json\/wp\/v2\/tags?post=17125"}],"curies":[{"name":"wp","href":"https:\/\/api.w.org\/{rel}","templated":true}]}}