{"id":17115,"date":"2019-11-27T09:00:14","date_gmt":"2019-11-27T09:00:14","guid":{"rendered":"https:\/\/archivioturi.lavocedelpaese.info\/index.php\/2019\/11\/27\/una-amministrazione-assolutamente-incapace\/"},"modified":"2019-11-27T09:00:14","modified_gmt":"2019-11-27T09:00:14","slug":"una-amministrazione-assolutamente-incapace","status":"publish","type":"post","link":"https:\/\/archivioturi.lavocedelpaese.info\/index.php\/2019\/11\/27\/una-amministrazione-assolutamente-incapace\/","title":{"rendered":"\u201cUna Amministrazione assolutamente incapace\u201d"},"content":{"rendered":"<p><img loading=\"lazy\" decoding=\"async\" src=\"https:\/\/live.staticflickr.com\/65535\/49103191787_dd98c7e5ab_n.jpg\" alt=\"Laruccia\" width=\"320\" height=\"309\" \/><\/p>\n<p style=\"text-align: center;\"><strong>Domenica Laruccia critica la gestione delle opere pubbliche che rischia di penalizzare la crescita del paese<\/strong><\/p>\n<p style=\"text-align: justify;\">Insieme a Domenica Laruccia ritorniamo a parlare del Partito Democratico e della parabola discendente che lo interessa in termini di partecipazione attiva. L\u2019ex segretario imputa il calo delle tessere a una \u2018sospensione di giudizio\u2019: i membri del partito, prima di rinnovare la propria iscrizione, starebbero attendendo di conoscere il nuovo segretario e il suo programma. Nessun consiglio per Lilli Susca, solo l\u2019augurio di portare a termine tutte le iniziative utili a rilanciare il profilo del Partito Democratico, creando occasioni di aggregazione e confronto.<\/p>\n<p style=\"text-align: justify;\">La conversazione si sposta sui risultati conseguiti dal governo cittadino e il quadro che si ricava dalle parole di Domenica Laruccia \u00e8 molto meno ottimista. Dopo una parentesi sulla programmazione natalizia, circondata da silenzio e suspence che si spera non si risolvano in \u201cquattro luci in giro per il paese\u201d, arriva l\u2019affondo sulla gestione delle opere pubbliche, dove si continua a prediligere l\u2019affidamento in base al criterio del prezzo pi\u00f9 basso (e non dell\u2019offerta economicamente pi\u00f9 vantaggiosa), a discapito della qualit\u00e0 finale dei lavori. Una prassi frutto di una \u201cAmministrazione attenta solo alle poltrone e assolutamente incapace\u201d che, a parere di Laruccia, rischia di penalizzare la crescita del paese.<\/p>\n<p style=\"text-align: justify;\"><strong>Il partito registra 16 tessere e alcuni dei \u201ccomponenti storici\u201d si sono allontanati. Cosa non ha funzionato nel Partito Democratico?<\/strong><\/p>\n<p style=\"text-align: justify;\">\u00abQuando si va in contro ad un congresso per l\u2019elezione del nuovo segretario, rinnovare la propria tessera \u00e8 segno di fiducia nei confronti del candidato che si propone alla sua guida. Lilli, purtroppo, prima della campagna elettorale, tesserata da anni come molti di noi, non aveva mai frequentato le riunioni di partito e non aveva mai partecipato attivamente alle iniziative. Questo probabilmente ha portato alcuni \u201cstorici\u201d a mettere in stand-by la propria adesione, aspettando di conoscere meglio il nuovo segretario, le sue proposte e gli obiettivi per il circolo\u00bb.<\/p>\n<p style=\"text-align: justify;\"><strong>De Grisantis, nel suo intervento, ha parlato di un partito paragonabile a un \u201cclub house\u201d. Esiste a suo parere una \u201cgestione familiare\u201d del circolo?<\/strong><\/p>\n<p style=\"text-align: justify;\">\u00abIl dott. De Grisantis ha sempre dato spunti di riflessione interessanti. Indubbiamente l\u2019elezione di Lilli Susca a nuovo segretario pu\u00f2 indurre a parlare di \u201cgestione familiare\u201d del circolo, ma \u00e8 anche vero che la sua \u00e8 stata l\u2019unica candidatura, nonostante lei per prima, come noi tutti, auspicasse un congresso plurale\u00bb.<\/p>\n<p style=\"text-align: justify;\"><strong>Da ex segretario, quale consiglio darebbe a Lilli Susca?<\/strong><\/p>\n<p style=\"text-align: justify;\">\u00abLilli non ha bisogno dei miei consigli. Posso per\u00f2 dirvi quali risultati mi auguro che il circolo raggiunga nei prossimi mesi, che porterebbero sicuramente ad un incremento del numero di tesserati. Risultati che io per prima mi ero prefissata di raggiungere e che, per via della campagna elettorale prima e le mie dimissioni dopo, non sono riuscita a portare avanti. Innanzitutto, spero che si torni ad organizzare la Festa dell\u2019Unit\u00e0, con incontri, approfondimenti, musica e idee; spero che si possano organizzare, magari anche mensilmente, dei confronti pubblici su temi nazionali, regionali e locali; e spero che si continui a protocollare progetti e proposte di partecipazione a bandi e finanziamenti che tanto servirebbero alla nostra comunit\u00e0. I membri del coordinamento sono capaci e tenaci, non ho dubbi che riusciranno a fare tutto ci\u00f2 e molto di pi\u00f9!\u00bb.<\/p>\n<p style=\"text-align: justify;\"><strong>Cambiando tema, un suo parere sulla gestione della programmazione degli eventi natalizi?<\/strong><\/p>\n<p style=\"text-align: justify;\">\u00abPerch\u00e9, siamo quasi a Natale?! Come in ogni altro settore c\u2019\u00e8 il silenzio pi\u00f9 assordante, n\u00e9 una programmazione n\u00e9 un singolo evento che si cominci a portare a conoscenza della cittadinanza, il nulla! Al momento l\u2019unica cosa che si sa su questi \u201ceventi\u201d \u00e8 che l\u2019assessore De Carolis vorrebbe un Direttore Artistico che se ne occupi, e a parer mio \u00e8 la prima cosa sensata che sento dire da questa Amministrazione. Affidarsi a qualcuno con un curriculum adeguato, che sappia come si organizzano eventi, che abbia un progetto di marketing territoriale da sviluppare sarebbe un gran passo in avanti, anche in fatto di affidamenti di incarichi. La mia sensazione per\u00f2 \u00e8 che non avremo n\u00e9 un Direttore n\u00e9 eventi, anzi sono convinta che anche su questo terreno si stiano misurando, dimenticando, come sempre, che la cittadinanza li ha votati per una rinascita e non per l\u2019abbandono totale. Spero solo che tutto questo silenzio, questa suspence, non si risolva in quattro luci in giro per il paese\u2026 quelle, mettendo insieme i commercianti e offrendo loro sgravi fiscali per il mese di dicembre, potrebbero anche essere messe a disposizione dalle attivit\u00e0 stesse\u00bb.<\/p>\n<p style=\"text-align: justify;\"><strong>Ci riferiva di alcune scelte discutibili nella procedura di gara per l\u2019affidamento dei lavori di riqualificazione di via Dell\u2019Andro.<\/strong><\/p>\n<p style=\"text-align: justify;\">\u00abPurtroppo \u00e8 cos\u00ec. Finalmente Turi ha vinto un finanziamento, legato ad un bando a livello nazionale, e adesso che si comincia a fare sul serio, cio\u00e8 si avvicina il momento dell\u2019esecuzione dei lavori, questa Amministrazione non approfondisce la natura degli accordi con la Citt\u00e0 Metropolitana di Bari e con il Governo Centrale. In pratica, qualsiasi somma si risparmi dal ribasso offerto in fase di gara deve essere restituita a Roma senza la possibilit\u00e0 di riutilizzarla sul territorio che ha vinto quel finanziamento! Insomma, si indice la gara per i lavori e si sceglie il criterio del prezzo pi\u00f9 basso, per cui se l\u2019impresa aggiudicataria dovesse fare un ribasso del 50%, Turi deve restituire circa 150mila euro. A discapito della qualit\u00e0 dei materiali o a varianti, in peggio, del progetto vincitore.<\/p>\n<p style=\"text-align: justify;\">Sarebbe bastato fare una gara con l\u2019offerta economicamente pi\u00f9 vantaggiosa, per permettere, a fronte di un ribasso pi\u00f9 esiguo, di ottenere ad esempio materiali di finitura migliori, un sistema per irrigare le aiuole, cosa che manca in tutti gli spazi verdi di Turi, giostrine per i bimbi diversamente abili, ecc. Invece questa Amministrazione attenta solo alle poltrone e assolutamente incapace, soprattutto di pensare al bene della collettivit\u00e0, ha permesso una cosa del genere. \u00c8 vergognoso. Ed \u00e8 vergognoso che si permetta anche di far riferimento sempre allo stesso criterio anche per l\u2019affidamento della direzione lavori: ma come si pu\u00f2 pensare che un professionista, o un raggruppamento, che fa uno sconto anche fino al 60%, magari anche di un paese a 50 km da Turi, possa venire in cantiere ogni giorno a risolvere le mille difficolt\u00e0 di un appalto pubblico? Lo abbiamo gi\u00e0 visto il risultato di una direzione affidata in questo modo\u2026 Insieme ai membri di \u201cPatto per Turi\u201d stiamo pensando a delle iniziative atte a far cambiare questo modus operandi che non ci piace e non ci fa crescere\u00bb.<\/p>\n<p style=\"text-align: justify;\"><strong>In generale, quale criterio sarebbe preferibile adottare nelle gare riguardanti le opere pubbliche?<\/strong><\/p>\n<p style=\"text-align: justify;\">\u00abCominciare con il rifarsi al MEPA, ogni volta, anche per gli incarichi al di sotto di cinquemila euro, prediligendolo agli incarichi diretti, di cui non si sa quali siano i criteri di scelta delle imprese che vengono individuate, sarebbe un ottimo inizio per assicurare la massima trasparenza in un settore che da sempre investe la maggior parte delle somme di un\u2019Amministrazione, e quindi dei cittadini. Penso alle determine sui lavori stradali, segnaletiche orizzontali e buche, sulla manutenzione delle griglie e sull\u2019acquisto delle bici elettriche. Il problema principale per\u00f2 \u00e8 legato alle opere pubbliche pi\u00f9 rilevanti, anche quelle di poche centinaia di migliaia di euro. Privilegiare il criterio dell\u2019offerta economicamente pi\u00f9 vantaggiosa permetterebbe al Comune di utilizzare al meglio i fondi del quadro economico, restituendo al paese opere funzionali. E qui mi vengono subito in mente tutti gli stanziamenti fatti negli anni per il Campo Sportivo\u2026 Spero che la prossima gara, per i lavori di cui \u00e8 stato approvato il progetto definitivo-esecutivo, si tenga conto di tale criterio per poter offrire ai nostri sportivi e alle loro famiglie finalmente un campo agibile e controllato\u00bb.<\/p>\n<p style=\"text-align: justify;\"><strong>Per concludere, che ne pensa della \u201cristrutturazione\u201d delle deleghe operata dal sindaco?<\/strong><\/p>\n<p style=\"text-align: justify;\">\u00abQuando l\u2019alternativa \u00e8 tornare a casa una soluzione si trova sempre, pur di restare comodi in poltrona. Se cos\u00ec non fosse, non si spiegherebbe perch\u00e9 solo adesso si affida alla dott.ssa De Florio, che ha sempre dimostrato di essere un ottimo amministratore, anche la delega sulla sicurezza. E mi dispiace soprattutto che solo adesso si sia affidata la delega ai lavori pubblici a Stefano Dell\u2019Aera, che stimo, perch\u00e9 abbiamo perso mesi e opportunit\u00e0 nel frattempo. Spero che adesso gli equilibri interni si siano assestati, ma ovviamente ho i miei forti dubbi e credo che ne vedremo ancora delle belle, soprattutto per la \u201cfamosa\u201d carica di Presidente del Consiglio\u2026\u00bb.<\/p>\n<p style=\"text-align: right;\"><strong>Fabio D\u2019Aprile<\/strong><\/p>\n","protected":false},"excerpt":{"rendered":"<p><img loading=\"lazy\" decoding=\"async\" src=\"https:\/\/live.staticflickr.com\/65535\/49103191787_dd98c7e5ab_n.jpg\" alt=\"Laruccia\" width=\"320\" height=\"309\" \/><\/p>\n","protected":false},"author":1,"featured_media":0,"comment_status":"open","ping_status":"closed","sticky":false,"template":"","format":"standard","meta":{"colormag_page_container_layout":"default_layout","colormag_page_sidebar_layout":"default_layout","footnotes":""},"categories":[4],"tags":[],"class_list":["post-17115","post","type-post","status-publish","format-standard","hentry","category-politica"],"_links":{"self":[{"href":"https:\/\/archivioturi.lavocedelpaese.info\/index.php\/wp-json\/wp\/v2\/posts\/17115","targetHints":{"allow":["GET"]}}],"collection":[{"href":"https:\/\/archivioturi.lavocedelpaese.info\/index.php\/wp-json\/wp\/v2\/posts"}],"about":[{"href":"https:\/\/archivioturi.lavocedelpaese.info\/index.php\/wp-json\/wp\/v2\/types\/post"}],"author":[{"embeddable":true,"href":"https:\/\/archivioturi.lavocedelpaese.info\/index.php\/wp-json\/wp\/v2\/users\/1"}],"replies":[{"embeddable":true,"href":"https:\/\/archivioturi.lavocedelpaese.info\/index.php\/wp-json\/wp\/v2\/comments?post=17115"}],"version-history":[{"count":0,"href":"https:\/\/archivioturi.lavocedelpaese.info\/index.php\/wp-json\/wp\/v2\/posts\/17115\/revisions"}],"wp:attachment":[{"href":"https:\/\/archivioturi.lavocedelpaese.info\/index.php\/wp-json\/wp\/v2\/media?parent=17115"}],"wp:term":[{"taxonomy":"category","embeddable":true,"href":"https:\/\/archivioturi.lavocedelpaese.info\/index.php\/wp-json\/wp\/v2\/categories?post=17115"},{"taxonomy":"post_tag","embeddable":true,"href":"https:\/\/archivioturi.lavocedelpaese.info\/index.php\/wp-json\/wp\/v2\/tags?post=17115"}],"curies":[{"name":"wp","href":"https:\/\/api.w.org\/{rel}","templated":true}]}}