{"id":17114,"date":"2019-11-27T06:33:23","date_gmt":"2019-11-27T06:33:23","guid":{"rendered":"https:\/\/archivioturi.lavocedelpaese.info\/index.php\/2019\/11\/27\/distretto-urbano-del-commercio-firmato-il-protocollo-dintesa\/"},"modified":"2019-11-27T06:33:23","modified_gmt":"2019-11-27T06:33:23","slug":"distretto-urbano-del-commercio-firmato-il-protocollo-dintesa","status":"publish","type":"post","link":"https:\/\/archivioturi.lavocedelpaese.info\/index.php\/2019\/11\/27\/distretto-urbano-del-commercio-firmato-il-protocollo-dintesa\/","title":{"rendered":"Distretto Urbano del Commercio, firmato il protocollo d\u2019intesa"},"content":{"rendered":"<p><img loading=\"lazy\" decoding=\"async\" src=\"https:\/\/live.staticflickr.com\/65535\/49103002106_bf8543e4e4.jpg\" alt=\"Toputi DUC (2)\" width=\"320\" height=\"240\" \/><\/p>\n<p style=\"text-align: center;\"><strong>Fabio Topputi: \u201cIl primo passo verso il rilancio economico e sociale di Turi\u201d<\/strong><\/p>\n<p style=\"text-align: justify;\">Marted\u00ec 19 novembre il vicesindaco Fabio Topputi, assessore alle attivit\u00e0 produttive, accompagnato dal Comandante della Polizia Locale, dott. Raffaele Campanella, ha sottoscritto il protocollo d&#8217;intesa tra il Comune di Turi e la Regione Puglia, rappresentata dall\u2019assessore regionale allo Sviluppo Economico Cosimo Borraccino, il presidente regionale della Confesercenti e quello della Confcommercio.<\/p>\n<p><img loading=\"lazy\" decoding=\"async\" src=\"https:\/\/live.staticflickr.com\/65535\/49102491563_f030a9a97a_n.jpg\" alt=\"Toputi DUC (1)\" style=\"margin: 6px; float: right;\" width=\"320\" height=\"180\" \/><\/p>\n<p style=\"text-align: justify;\">L\u2019atto rappresenta il primo passo verso la costituzione del DUC (Distretto Urbano del Commercio) che, come spiega Topputi, \u00abnasce perch\u00e9 si ha la volont\u00e0, che parte dalla Regione, di promuovere una politica comune di sviluppo territoriale integrata, affinch\u00e9 cittadini, imprese e associazioni lavorino insieme alla valorizzazione del commercio e di tutte le risorse a disposizione del territorio stesso\u00bb.<\/p>\n<p style=\"text-align: justify;\">\u00abQuesto strumento \u2013 aggiunge \u2013 prevede accordi fra Amministrazione comunale, associazioni di operatori, associazioni di categoria e privati, volti a sviluppare una gestione coordinata delle aree commerciali. L\u2019obiettivo \u00e8 mettere in piedi sinergie vincenti che premino i piccoli esercenti\u00bb.<\/p>\n<p style=\"text-align: justify;\">\u00abSi tratta di un piano strategico innovativo \u2013 rilancia il vicesindaco \u2013 che offre la possibilit\u00e0 di avviare iniziative di riqualificazione e di puntare sul cosiddetto \u201ccommercio diffuso\u201d. In questa direzione, sono previste una serie di agevolazioni fiscali per gli imprenditori che decidano di investire nel nostro meraviglioso centro storico, animandolo con attivit\u00e0 che diano spazio alle eccellenze agroalimentari e artigianali locali e con i cosiddetti \u201cnegozi a tempo\u201d, ovvero esercizi che restano aperti per poco pi\u00f9 di un mese e hanno lo scopo di \u201cvetrina\u201d per particolari marchi o prodotti\u00bb.<\/p>\n<p style=\"text-align: justify;\">\u00abNon posso che essere felicissimo di questo primo passo. Sono consapevole \u2013 conclude Fabio Topputi \u2013 che \u00e8 solo l\u2019inizio di un percorso lungo e impegnativo, tuttavia confido che, grazie all\u2019aiuto dell\u2019intero Consiglio comunale e di tutti i portatori d\u2019interesse pubblici e privati, riusciremo a raggiungere questo obiettivo che porter\u00e0 a un rilancio economico e sociale della nostra amata Turi\u00bb. FD<\/p>\n","protected":false},"excerpt":{"rendered":"<p><img loading=\"lazy\" decoding=\"async\" src=\"https:\/\/live.staticflickr.com\/65535\/49103002106_bf8543e4e4.jpg\" alt=\"Toputi DUC (2)\" width=\"320\" height=\"240\" \/><\/p>\n","protected":false},"author":1,"featured_media":0,"comment_status":"open","ping_status":"closed","sticky":false,"template":"","format":"standard","meta":{"colormag_page_container_layout":"default_layout","colormag_page_sidebar_layout":"default_layout","footnotes":""},"categories":[4],"tags":[],"class_list":["post-17114","post","type-post","status-publish","format-standard","hentry","category-politica"],"_links":{"self":[{"href":"https:\/\/archivioturi.lavocedelpaese.info\/index.php\/wp-json\/wp\/v2\/posts\/17114","targetHints":{"allow":["GET"]}}],"collection":[{"href":"https:\/\/archivioturi.lavocedelpaese.info\/index.php\/wp-json\/wp\/v2\/posts"}],"about":[{"href":"https:\/\/archivioturi.lavocedelpaese.info\/index.php\/wp-json\/wp\/v2\/types\/post"}],"author":[{"embeddable":true,"href":"https:\/\/archivioturi.lavocedelpaese.info\/index.php\/wp-json\/wp\/v2\/users\/1"}],"replies":[{"embeddable":true,"href":"https:\/\/archivioturi.lavocedelpaese.info\/index.php\/wp-json\/wp\/v2\/comments?post=17114"}],"version-history":[{"count":0,"href":"https:\/\/archivioturi.lavocedelpaese.info\/index.php\/wp-json\/wp\/v2\/posts\/17114\/revisions"}],"wp:attachment":[{"href":"https:\/\/archivioturi.lavocedelpaese.info\/index.php\/wp-json\/wp\/v2\/media?parent=17114"}],"wp:term":[{"taxonomy":"category","embeddable":true,"href":"https:\/\/archivioturi.lavocedelpaese.info\/index.php\/wp-json\/wp\/v2\/categories?post=17114"},{"taxonomy":"post_tag","embeddable":true,"href":"https:\/\/archivioturi.lavocedelpaese.info\/index.php\/wp-json\/wp\/v2\/tags?post=17114"}],"curies":[{"name":"wp","href":"https:\/\/api.w.org\/{rel}","templated":true}]}}