{"id":17113,"date":"2019-11-26T14:45:24","date_gmt":"2019-11-26T14:45:24","guid":{"rendered":"https:\/\/archivioturi.lavocedelpaese.info\/index.php\/2019\/11\/26\/auser-turi-ignorata-dalle-politiche-culturali\/"},"modified":"2019-11-26T14:45:24","modified_gmt":"2019-11-26T14:45:24","slug":"auser-turi-ignorata-dalle-politiche-culturali","status":"publish","type":"post","link":"https:\/\/archivioturi.lavocedelpaese.info\/index.php\/2019\/11\/26\/auser-turi-ignorata-dalle-politiche-culturali\/","title":{"rendered":"Auser Turi: ignorata dalle politiche culturali"},"content":{"rendered":"<p><img loading=\"lazy\" decoding=\"async\" src=\"https:\/\/live.staticflickr.com\/65535\/49102412418_3fd7983b3a_n.jpg\" alt=\"Il presidente Antonio Conte\" width=\"191\" height=\"320\" \/><\/p>\n<p style=\"text-align: center;\"><strong>Antonio Conte: \u201cL\u2019appello che rivolgo alla dott.ssa De Carolis \u00e8 di essere l\u2019assessore alla Cultura di tutti\u201d<\/strong><\/p>\n<p style=\"text-align: justify;\">\u201cDialogare, cambiare e crescere\u201d. Queste le tre parole chiave che da sette anni motivano l\u2019impegno sociale e culturale dell\u2019Auser Turi, guidata dal suo presidente Antonio Conte. La missione dell\u2019associazione \u00e8 coinvolgere gli anziani nella vita della nostra comunit\u00e0, organizzando eventi culturali e ricreativi che, favorendo il cosiddetto \u201cinvecchiamento attivo\u201d, contrastino la piaga dell\u2019isolamento, in cui spesso si cade per assenza di opportunit\u00e0 di socializzazione. Un obiettivo tanto nobile quanto faticoso, e se le Istituzioni scelgono di ignorarti, la strada diventa ancora pi\u00f9 in salita.<\/p>\n<p style=\"text-align: justify;\">\u00abQuando ho chiesto di parlare con l\u2019assessore alla Cultura \u2013 ci spiega Antonio Conte \u2013 mi \u00e8 stato detto che dovevo \u201cprenotarmi\u201d. Ho preso il \u201cbiglietto\u201d e mi sono messo pazientemente in fila, in attesa che si liberasse uno spazio nella fitta agenda della dott.ssa De Carolis. Non avendo avuto fortuna, dopo qualche settimana ho inviato ben due lettere all\u2019indirizzo dell\u2019assessore, rinnovando la richiesta di un incontro per ragionare insieme sulla possibilit\u00e0 di avviare un dialogo tra Auser e Amministrazione, stabilendo un rapporto di reciprocit\u00e0 in cui ognuno faccia la sua parte per arricchire il paese. Finora, oltre al silenzio, non \u00e8 arrivata altra risposta. Cos\u00ec come non \u00e8 mai arrivata risposta alle due lettere che ho protocollato all\u2019indirizzo del sindaco e alla recente richiesta di confronto con il consigliere Onofrio Resta, delegato alle politiche sociali\u00bb.<\/p>\n<p style=\"text-align: justify;\"><strong>Un\u2019occasione (finora) persa<\/strong><\/p>\n<p style=\"text-align: justify;\">\u00abUn atteggiamento bizzarro \u2013 prosegue Conte \u2013 se si considera che l\u2019Auser Turi \u00e8 una delle prime associazioni turesi per numero di iscritti, organizza durante tutto l\u2019anno corsi e attivit\u00e0 gratuiti, senza mai pretendere nulla. La nostra \u00e8 un\u2019associazione di cui fanno parte famiglie e persone di tutte le et\u00e0, di diversa estrazione sociale e culturale. Da quando \u00e8 stata fondata si \u00e8 ben inserita nel tessuto sociale del paese, organizza &#8211; gratuitamente e durante tutto l\u2019anno &#8211; corsi e attivit\u00e0 che contribuiscono alla crescita umana, sociale e culturale della nostra comunit\u00e0. Vorremmo continuare nella nostra attivit\u00e0, collaborando con le Istituzioni, ma veniamo ignorati!\u00bb.<\/p>\n<p style=\"text-align: justify;\">Una collaborazione che potrebbe essere ancora pi\u00f9 proficua: l\u2019Auser, in ottemperanza alla riforma del Terzo Settore, ha adeguato il proprio statuto entrando a pieno titolo tra gli Enti del Terzo Settore (Ets). Un passaggio rilevante giacch\u00e9, come sancisce il relativo Codice, le pubbliche amministrazioni hanno una maggiore possibilit\u00e0 di coinvolgere gli Ets nella programmazione e nella gestione di \u201cservizi sociali di interesse generale\u201d, attivando convenzioni o partenariati. Due strumenti, questi ultimi, che, oltre a incentivare la cultura del volontariato, risultano vantaggiosi per il Comune sia dal punto di vista economico che da quello operativo, in ragione della capacit\u00e0 delle associazioni di volontariato \u2013 radicate nel territorio e non animate da meri scopi lucrativi \u2013 di fornire risposte concrete ai bisogni e alle aspettative della comunit\u00e0.<\/p>\n<p style=\"text-align: justify;\"><a data-flickr-embed=\"true\" href=\"https:\/\/www.flickr.com\/photos\/91470992@N02\/49103114707\/in\/dateposted-public\/\" title=\"Una rappresentanza dei soci Auser Turi\"><img loading=\"lazy\" decoding=\"async\" src=\"https:\/\/live.staticflickr.com\/65535\/49103114707_5efbdc117e.jpg\" alt=\"Una rappresentanza dei soci Auser Turi\" style=\"display: block; margin-left: auto; margin-right: auto;\" width=\"500\" height=\"345\" \/><\/a><\/p>\n<p style=\"text-align: justify;\"><strong>\u201cUn Natale senza anziani\u201d<\/strong><\/p>\n<p style=\"text-align: justify;\">Anche per il contenitore degli eventi natalizi l\u2019Auser \u00e8 stata relegata ai margini: nessuno da Palazzo di Citt\u00e0 ha pensato di coinvolgerla, fosse solo per ascoltare cosa avesse da proporre; nessuno ha pensato che valesse la pena ritagliare uno spazio di inclusione per gli anziani e le loro potenzialit\u00e0, nonostante i nostri nonni a Turi \u201cvalgano\u201d un terzo della popolazione.<\/p>\n<p style=\"text-align: justify;\">\u00abL\u2019appello che rivolgo alla dott.ssa De Carolis \u00e8 di essere l\u2019assessore alla Cultura di tutti, non solo di una manciata di associazioni, privilegiate in base a ignoti parametri. Si ha l\u2019impressione \u2013 contesta Antonio Conte \u2013 che manchi una regia capace di strutturare un cartellone di eventi, che coinvolga tutte le associazioni e che venga promosso con le giuste strategie di comunicazione. In campagna elettorale si \u00e8 sbandierata l\u2019intenzione di creare quella famosa \u201crete tra i promotori culturali turesi\u201d per partorire un\u2019idea comune sotto cui riunire le singole iniziative. Oggi, incassato il consenso, buona parte di quello che si \u00e8 urlato dai palchi \u00e8 gi\u00e0 sbiadito, diventando vago ricordo\u00bb.<\/p>\n<p style=\"text-align: justify;\">\u00abTuri e le politiche culturali \u2013 chiosa amaramente il presidente dell\u2019Auser \u2013 continuano a vivere il flagello di una politica autoreferenziale, che si innamora della propria immagine riflessa e dimentica che oltre lo specchio c\u2019\u00e8 un mondo concreto, di appelli e bisogni inascoltati. Come ho ribadito in varie circostanze, una comunit\u00e0 che trascura i suoi \u201cnonni\u201d, o peggio li guarda con fastidio come \u201cvecchietti\u201d, \u00e8 destinata a smarrire la \u201cmemoria del futuro\u201d, quel patrimonio immateriale di valori e tradizioni che rappresenta la base solida su cui costruire la propria identit\u00e0 e l\u2019idea di citt\u00e0 cui aspiriamo\u00bb.<\/p>\n<p style=\"text-align: right;\"><strong>Fabio D\u2019Aprile<\/strong><\/p>\n","protected":false},"excerpt":{"rendered":"<p><img loading=\"lazy\" decoding=\"async\" src=\"https:\/\/live.staticflickr.com\/65535\/49102412418_3fd7983b3a_n.jpg\" alt=\"Il presidente Antonio Conte\" width=\"191\" height=\"320\" \/><\/p>\n","protected":false},"author":1,"featured_media":0,"comment_status":"open","ping_status":"closed","sticky":false,"template":"","format":"standard","meta":{"colormag_page_container_layout":"default_layout","colormag_page_sidebar_layout":"default_layout","footnotes":""},"categories":[7],"tags":[],"class_list":["post-17113","post","type-post","status-publish","format-standard","hentry","category-attualita"],"_links":{"self":[{"href":"https:\/\/archivioturi.lavocedelpaese.info\/index.php\/wp-json\/wp\/v2\/posts\/17113","targetHints":{"allow":["GET"]}}],"collection":[{"href":"https:\/\/archivioturi.lavocedelpaese.info\/index.php\/wp-json\/wp\/v2\/posts"}],"about":[{"href":"https:\/\/archivioturi.lavocedelpaese.info\/index.php\/wp-json\/wp\/v2\/types\/post"}],"author":[{"embeddable":true,"href":"https:\/\/archivioturi.lavocedelpaese.info\/index.php\/wp-json\/wp\/v2\/users\/1"}],"replies":[{"embeddable":true,"href":"https:\/\/archivioturi.lavocedelpaese.info\/index.php\/wp-json\/wp\/v2\/comments?post=17113"}],"version-history":[{"count":0,"href":"https:\/\/archivioturi.lavocedelpaese.info\/index.php\/wp-json\/wp\/v2\/posts\/17113\/revisions"}],"wp:attachment":[{"href":"https:\/\/archivioturi.lavocedelpaese.info\/index.php\/wp-json\/wp\/v2\/media?parent=17113"}],"wp:term":[{"taxonomy":"category","embeddable":true,"href":"https:\/\/archivioturi.lavocedelpaese.info\/index.php\/wp-json\/wp\/v2\/categories?post=17113"},{"taxonomy":"post_tag","embeddable":true,"href":"https:\/\/archivioturi.lavocedelpaese.info\/index.php\/wp-json\/wp\/v2\/tags?post=17113"}],"curies":[{"name":"wp","href":"https:\/\/api.w.org\/{rel}","templated":true}]}}