{"id":17109,"date":"2019-11-25T15:04:59","date_gmt":"2019-11-25T15:04:59","guid":{"rendered":"https:\/\/archivioturi.lavocedelpaese.info\/index.php\/2019\/11\/25\/una-turese-a-panama-e-uno-svizzero-a-turi\/"},"modified":"2019-11-25T15:04:59","modified_gmt":"2019-11-25T15:04:59","slug":"una-turese-a-panama-e-uno-svizzero-a-turi","status":"publish","type":"post","link":"https:\/\/archivioturi.lavocedelpaese.info\/index.php\/2019\/11\/25\/una-turese-a-panama-e-uno-svizzero-a-turi\/","title":{"rendered":"Una turese a Panama e uno svizzero a Turi"},"content":{"rendered":"<p><img loading=\"lazy\" decoding=\"async\" src=\"https:\/\/live.staticflickr.com\/65535\/49102450663_ae20c213f5_n.jpg\" alt=\"intercultura\" width=\"320\" height=\"180\" \/><\/p>\n<p style=\"text-align: center;\"><strong>Paola Giannini alle prese con patacones e panamensi ricchi di cuore. Gian Andrea si chiede dove siano un campo sportivo ed un cinema<\/strong><\/p>\n<p style=\"text-align: justify;\">Una mattinata densa di spunti di riflessione, per i ragazzi dell&#8217;IISS Pertini-Anelli di Turi, quella dello scorso sabato 19 ottobre. Un mese fa, la referente per le certificazioni prof.ssa Loredana Salvatore presentava agli alunni delle seconde e terze classi dell\u2019istituto turese la possibilit\u00e0 di usufruire delle borse di studio offerte dall&#8217;associazione Onlus \u201cIntercultura\u201d. \u00abIn un mondo dove capi di Stato pensano ad erigere muri, la scuola deve impegnarsi a promuovere il confronto, la tolleranza e l&#8217;empatia\u00bb &#8211; questo il messaggio contenuto nelle parole introduttive della prof.ssa Salvatore che, nella mattinata del 19 ottobre, presentava ai ragazzi un prezioso quanto inaspettato contributo video realizzato da una studentessa del quarto anno attualmente in Brasile con Intercultura.<\/p>\n<p><img loading=\"lazy\" decoding=\"async\" src=\"https:\/\/live.staticflickr.com\/65535\/49103098282_959f371737_n.jpg\" alt=\"Paola Giannini\" style=\"margin: 6px; float: right;\" width=\"180\" height=\"320\" \/><\/p>\n<p style=\"text-align: justify;\">Angela Primavera non \u00e8 tuttavia l\u2019unica studentessa partita verso nuovi orizzonti grazie alle borse di studio offerte da questa associazione Onlus: oggi, infatti, vi raccontiamo, con un\u2019intervista trans-oceanica, del viaggio di Paola Giannini, 17enne turese, studentessa presso il Liceo Classico \u201cD. Morea\u201d di Conversano ed attualmente in quel di Panama.<\/p>\n<p style=\"text-align: justify;\"><strong>Come hai conosciuto il progetto \u201cIntercultura\u201d?<\/strong><\/p>\n<p style=\"text-align: justify;\">\u00abHo sempre amato viaggiare e fare esperienze nuove. Per questo ho chiesto ai miei genitori di mandarmi a vivere per un anno negli Stati Uniti da una parente che per tutta risposta ci ha consigliato di provare a realizzare questo mio sogno con Intercultura\u00bb.<\/p>\n<p style=\"text-align: justify;\"><strong>Come mai sei poi partita in direzione Panama?<\/strong><\/p>\n<p style=\"text-align: justify;\">\u00abDurante la compilazione del fascicolo personale di Intercultura, ti viene chiesta una lista di massimo 10 posti dove vorresti andare: io ero fermamente convinta di voler inserire solamente gli Stati Uniti ma, mentre con il mouse scendevo per raggiungere la lettera S, ho visto i nomi di cos\u00ec tanti posti che ho sentito il desiderio di inserire altre destinazioni. Alla fine nella mia lista ho selezionato 4 posti: Stati Uniti, Panama, Brasile e Nuova Zelanda in questo preciso ordine; dopodich\u00e9, in base all\u2019ordine della tua lista e ad una graduatoria con altri studenti, viene scelto il paese dove poi devi andare. Ovviamente migliaia di ragazzi vorrebbero raggiungere gli USA ed i posti non sono infiniti\u00bb.<\/p>\n<p style=\"text-align: justify;\"><strong>In quale citt\u00e0 stai vivendo?<\/strong><\/p>\n<p style=\"text-align: justify;\">\u00abA Chitr\u00e8, localit\u00e0 situata sulla costa del curvone di Panama. Qui vivo in una casa-famiglia e mi trovo molto bene\u00bb.<\/p>\n<p style=\"text-align: justify;\"><strong>Com\u2019\u00e8 la scuola che stai frequentando? Stai avendo problemi con la lingua?<\/strong><\/p>\n<p style=\"text-align: justify;\">\u00abLa scuola \u00e8 molto diversa da quella italiana: \u00e8 molto pi\u00f9 facile. Se devo essere sincera, un po\u2019 mi manca il metodo di insegnamento della mia scuola, nonostante sia pi\u00f9 duro. Con la lingua sono andata subito d\u2019accordo: in una settimana ho imparato le cose che sono alla base dello spagnolo ed ora so padroneggiarlo abbastanza bene. Fortunatamente non ho avuto alcun problema per capire i professori\u00bb<\/p>\n<p style=\"text-align: justify;\"><strong>Raccontaci qualcosa di Panama.<\/strong><\/p>\n<p style=\"text-align: justify;\">\u00abI panamensi, beh sono molto rudi; sono le persone pi\u00f9 dolci sulla Terra, credo\u2026 Sono molto legati alla famiglia ed ognuno di loro ha una storia incredibile dietro s\u00e9. Ci sono tantissime tradizioni ed elencarle tutte sarebbe impossibile; il cibo \u00e8 composto principalmente da riso e pollo, un piatto povero che i panamensi sanno rendere incredibilmente ricco assieme a dei fantastici patacones, ovvero del platano schiacciato e fritto. I luoghi di intrattenimento sono veramente pochi, non c\u2019\u00e8 molto da fare, ma con la compagnia giusta non ci si annoia mai: si trova sempre qualcosa che riesce ad intrattenerti. Una cosa che mi ha colpito molto \u00e8 stato ascoltare le storie della infanzia che hanno avuto i miei amici panamensi, le quali mi hanno fatta pensare a quanto io sia stata fortunata. Una mia amica, da piccola, non ha avuto la fortuna di avere una casa con tutte le comodit\u00e0, come ad esempio un bagno, e per camminare dalla sua casa al negozio pi\u00f9 vicino, doveva usare una lanterna perch\u00e9 le strade non avevano luce\u00bb.<\/p>\n<p style=\"text-align: justify;\"><strong>Per quanto tempo rimarrai l\u00ec?<\/strong><\/p>\n<p style=\"text-align: justify;\">\u00abStar\u00f2 qui per un anno, precisamente 11 mesi. Ritorno a Luglio\u00bb.<\/p>\n<p style=\"text-align: justify;\"><strong>Paragoni con Turi?<\/strong><\/p>\n<p style=\"text-align: justify;\">\u00abTuri \u00e8 Turi. Sicuramente \u00e8 pi\u00f9 tranquilla di Chitr\u00e8. Ad ogni modo, vivere in un paese piccolo come il nostro ha molti vantaggi, specie per i trasporti. Qui invece sono ancora molto indietro e non ci sono molti mezzi di trasporto buoni che possano aiutarti a raggiungere le diverse parti della citt\u00e0. Una cosa uguale \u00e8 che anche qui tutti si conoscono: cammini per strada ed urlano il tuo nome o ti devi fermare ogni secondo per salutare qualcuno. Non ci sono grandi differenze tra i due paesi che mi sento di elencare in realt\u00e0: fortunatamente sono finita in un paese ed in una famiglia che si avvicinano molto alla realt\u00e0 che vivo in Italia\u00bb.<\/p>\n<p style=\"text-align: justify;\"><strong>Consiglieresti ai tuoi coetanei questa esperienza?<\/strong><\/p>\n<p style=\"text-align: justify;\">\u00abAssolutamente s\u00ec. Partendo con Intercultura, scoprirete un mondo davvero bellissimo, realt\u00e0 diverse, imparerete altre lingue (che sono sempre molto importanti), apprezzerete di pi\u00f9 voi stessi, la realt\u00e0 che avete lasciato nel vostro paese di provenienza e la vostra famiglia tanto da voler uscire con lei, cosa non pi\u00f9 molto comune nei ragazzi di oggi. Con Intercultura, si arricchisce il proprio bagaglio culturale e accresce la voglia di voler scoprire altri posti, di fare cose differenti dallo stare con la testa chinata davanti al proprio cellulare\u00bb.<\/p>\n<p style=\"text-align: justify;\">&nbsp;<\/p>\n<p><img loading=\"lazy\" decoding=\"async\" src=\"https:\/\/live.staticflickr.com\/65535\/49102906191_eec2f2a659_n.jpg\" alt=\"Gian Andrea De Nisco\" style=\"margin: 6px; float: left;\" width=\"245\" height=\"320\" \/><\/p>\n<p style=\"text-align: justify;\">E mentre Paola si gode il suo viaggio panamense, a casa sua i suoi genitori hanno comunque il loro bel da fare, poich\u00e9 impegnati ad ospitare, sempre nell\u2019ambito del progetto Intercultura, uno studente svizzero, ovvero il 16enne Gian Andrea De Nisco, di seguito intervistato.<\/p>\n<p style=\"text-align: justify;\"><strong>Da quale citt\u00e0 svizzera provieni?<\/strong><\/p>\n<p style=\"text-align: justify;\">\u00abVengo da Basilea\u00bb.<\/p>\n<p style=\"text-align: justify;\"><strong>Quale scuola frequenti in Svizzera e quale adesso in Italia?<\/strong><\/p>\n<p style=\"text-align: justify;\">\u00abIn Svizzera frequento il Gymnasium Leonhard di Basilea, dove studio spagnolo. Ora che sono qui vado al Liceo Scientifico di Conversano\u00bb.<\/p>\n<p style=\"text-align: justify;\"><strong>Il tuo nome ed il tuo italiano suggeriscono delle origini tutt\u2019altro che svizzere, vero?<\/strong><\/p>\n<p style=\"text-align: justify;\">\u00abI miei nonni sono tutti Italiani. I genitori di mio padre sono nati a Conza della Campania (Avellino). Il padre di mia madre \u00e8 nato a Calvi (Benevento) mentre sua moglie \u00e8 originaria di Nard\u00f2 (Lecce): si sono trasferiti in Svizzera negli anni \u201860 per cercare lavoro e sono rimasti l\u00e0 fino ad oggi, anche perch\u00e9 i loro figli si sono integrati benissimo e hanno trovato anche loro lavoro\u00bb.<\/p>\n<p style=\"text-align: justify;\"><strong>Come hai conosciuto Intercultura?<\/strong><\/p>\n<p style=\"text-align: justify;\">\u00abGrazie a mia sorella che ha fatto quest\u2019esperienza nel 2017 in Svezia\u00bb.<\/p>\n<p style=\"text-align: justify;\"><strong>Come mai hai scelto l\u2019Italia?<\/strong><\/p>\n<p style=\"text-align: justify;\">\u00abDiventavo sempre un po\u2019 triste quando ero con i miei nonni e non potevo comunicare con loro come volevo per colpa della lingua. Per questo ho deciso di perfezionare l\u2019italiano. E poi quando si vuole imparare una lingua non c\u2019\u00e8 niente di meglio che andare a vivere nel posto dove quella stessa lingua \u00e8 parlata\u00bb.<\/p>\n<p style=\"text-align: justify;\"><strong>Com\u2019\u00e8 stata l\u2019accoglienza a casa di Paola?<\/strong><\/p>\n<p style=\"text-align: justify;\">\u00abSono veramente fortunato ad essere ospitato dalla famiglia Giannini &#8211; Zita. Mi hanno subito accolto nella loro famiglia e io mi sono subito sentito come a casa. Mi fanno vedere il pi\u00f9 possibile della loro cultura e ci divertiamo tanto insieme. Vado in giro ogni giorno con il mio fratello ospitante Antonio: mi trovo molto bene con lui e loro\u00bb.<\/p>\n<p style=\"text-align: justify;\"><strong>Come ti trovi nella scuola italiana?<\/strong><\/p>\n<p style=\"text-align: justify;\">\u00abAnche a scuola mi trovo bene. Ho fatto subito amicizie con i miei compagni di classe. I professori mi aiutano sempre e hanno pure la pazienza di farmi fare un programma diverso dagli altri. Fortunatamente ho anche un tutor che si impegna tantissimo per me\u00bb.<\/p>\n<p style=\"text-align: justify;\"><strong>Paragoni con Basilea?<\/strong><\/p>\n<p style=\"text-align: justify;\">\u00abLa differenza pi\u00f9 grande \u00e8 che Turi \u00e8 molto pi\u00f9 piccola rispetto a Basilea. Questo per\u00f2 porta dei vantaggi. Per esempio, mi \u00e8 capitato pi\u00f9 di una volta che un venditore di un negozio mi ha chiesto se sono nuovo qui a Turi o se sto in vacanza. Mi piace tanto la mentalit\u00e0 della gente. La gente qui \u00e8 molto gentile e i giovani vogliono tutti uscire con te. \u00c8 molto facile fare amicizie e divertirsi. In Svizzera mangiavo lo stesso cibo che mangio qui, anche se qui \u00e8 anche pi\u00f9 buono e molto meno costoso. Un\u2019abitudine bellissima della famiglia \u00e8 che si va a mangiare ogni domenica dalla nonna. Comunque con Basilea ci sono tante differenze: com\u2019\u00e8 strutturata la scuola, come sono preparati i professori e cose del genere. Mi \u00e8 servito un po\u2019 di tempo per abituarmi a tutte queste differenze\u00bb.<\/p>\n<p style=\"text-align: justify;\"><strong>Quali citt\u00e0 hai visitato?<\/strong><\/p>\n<p style=\"text-align: justify;\">\u00abPolignano, Monopoli, Conversano, Bari, Putignano e Sammichele\u00bb.<\/p>\n<p style=\"text-align: justify;\"><strong>Per quanto tempo rimarrai qui?<\/strong><\/p>\n<p style=\"text-align: justify;\">\u00abFino al 5 Luglio\u00bb.<\/p>\n<p style=\"text-align: justify;\"><strong>Consiglieresti ai tuoi coetanei di venire qui?<\/strong><\/p>\n<p style=\"text-align: justify;\">\u00abPer una sera, per fare un giro, mangiare una Pizza e giocare a biliardo, certamente. Per\u00f2 non consiglierei a uno straniero, che non ha amici o famiglia qui, di farsi le vacanze a Turi: \u00e8 un paese abbastanza piccolo\u00bb.<\/p>\n<p style=\"text-align: justify;\"><strong>Cosa manca a Turi?<\/strong><\/p>\n<p style=\"text-align: justify;\">\u00abSicuramente un campo da calcio dove non si paga, poche aree verdi e un cinema\u00bb.<\/p>\n<p style=\"text-align: justify;\">Non c\u2019\u00e8 dubbio: Gian Andrea verr\u00e0 anche \u201cdalle montagne\u201d, ma ha gi\u00e0 capito tutto. Auguriamo a lui una buona permanenza e a Paola mandiamo un saluto, nonostante i 10mila chilometri di distanza che la separano dalla sua famiglia.<\/p>\n<p style=\"text-align: right;\"><strong>LEONARDO FLORIO<\/strong><\/p>\n","protected":false},"excerpt":{"rendered":"<p><img loading=\"lazy\" decoding=\"async\" src=\"https:\/\/live.staticflickr.com\/65535\/49102450663_ae20c213f5_n.jpg\" alt=\"intercultura\" width=\"320\" height=\"180\" \/><\/p>\n","protected":false},"author":1,"featured_media":0,"comment_status":"open","ping_status":"closed","sticky":false,"template":"","format":"standard","meta":{"colormag_page_container_layout":"default_layout","colormag_page_sidebar_layout":"default_layout","footnotes":""},"categories":[6],"tags":[],"class_list":["post-17109","post","type-post","status-publish","format-standard","hentry","category-cultura"],"_links":{"self":[{"href":"https:\/\/archivioturi.lavocedelpaese.info\/index.php\/wp-json\/wp\/v2\/posts\/17109","targetHints":{"allow":["GET"]}}],"collection":[{"href":"https:\/\/archivioturi.lavocedelpaese.info\/index.php\/wp-json\/wp\/v2\/posts"}],"about":[{"href":"https:\/\/archivioturi.lavocedelpaese.info\/index.php\/wp-json\/wp\/v2\/types\/post"}],"author":[{"embeddable":true,"href":"https:\/\/archivioturi.lavocedelpaese.info\/index.php\/wp-json\/wp\/v2\/users\/1"}],"replies":[{"embeddable":true,"href":"https:\/\/archivioturi.lavocedelpaese.info\/index.php\/wp-json\/wp\/v2\/comments?post=17109"}],"version-history":[{"count":0,"href":"https:\/\/archivioturi.lavocedelpaese.info\/index.php\/wp-json\/wp\/v2\/posts\/17109\/revisions"}],"wp:attachment":[{"href":"https:\/\/archivioturi.lavocedelpaese.info\/index.php\/wp-json\/wp\/v2\/media?parent=17109"}],"wp:term":[{"taxonomy":"category","embeddable":true,"href":"https:\/\/archivioturi.lavocedelpaese.info\/index.php\/wp-json\/wp\/v2\/categories?post=17109"},{"taxonomy":"post_tag","embeddable":true,"href":"https:\/\/archivioturi.lavocedelpaese.info\/index.php\/wp-json\/wp\/v2\/tags?post=17109"}],"curies":[{"name":"wp","href":"https:\/\/api.w.org\/{rel}","templated":true}]}}