{"id":17083,"date":"2019-11-19T08:42:45","date_gmt":"2019-11-19T08:42:45","guid":{"rendered":"https:\/\/archivioturi.lavocedelpaese.info\/index.php\/2019\/11\/19\/il-cap-e-il-diritto-a-una-crescita-felice\/"},"modified":"2019-11-19T08:42:45","modified_gmt":"2019-11-19T08:42:45","slug":"il-cap-e-il-diritto-a-una-crescita-felice","status":"publish","type":"post","link":"https:\/\/archivioturi.lavocedelpaese.info\/index.php\/2019\/11\/19\/il-cap-e-il-diritto-a-una-crescita-felice\/","title":{"rendered":"Il C.A.P. e il diritto a una crescita felice"},"content":{"rendered":"<p><img loading=\"lazy\" decoding=\"async\" src=\"https:\/\/live.staticflickr.com\/65535\/49070733698_9270b36bd0_n.jpg\" alt=\"cap turi\" width=\"239\" height=\"320\" \/><\/p>\n<p style=\"text-align: center;\"><strong>Mercoled\u00ec 20 appuntamento per celebrare la Giornata Internazionale dei Diritti dell\u2019Infanzia e dell\u2019Adolescenza<\/strong><\/p>\n<p style=\"text-align: justify;\">Il 20 Novembre del 1989 l\u2019Assemblea Generale delle Nazione Unite approvava la Convenzione ONU sui Diritti dell\u2019Infanzia. Con questo strumento giuridico composto da 54 articoli si riassumono quelli che sono gli obblighi degli Stati aderenti nei confronti dei bambini. Tutto parte dal 1924 quando, con la Convenzione di Ginevra, l\u2019Assemblea Generale approva un documento di 5 punti volti a difendere i diritti dell\u2019infanzia: da allora la strada percorsa \u00e8 stata parecchia ma ancora molto c\u2019\u00e8 da pensare e da fare.<\/p>\n<p style=\"text-align: justify;\">Per compiere nuovi passi in questa evoluzione verso la dignit\u00e0 morale e civile, sono necessarie le occasioni di riflessione, poich\u00e9, per quanto si possa dire il contrario, la cultura pu\u00f2 influenzare le norme collettive, cambiandole in meglio o in peggio: progredendo o regredendo. Le commemorazioni sono in tal senso fondamentali, poich\u00e9 permettono agli uomini del presente di capire il passato &#8211; magari nemmeno vissuto per ragioni anagrafiche &#8211; e orientarsi con cognizione di causa e tempo verso il futuro.<\/p>\n<p style=\"text-align: justify;\">\u201c\u00c8 fondamentale riflettere sullo stato dei diritti dei minori che vivono nel nostro Paese e nel mondo \u2013 rimarcano il dott. Andrea Giuliani e i membri del Centro Aperto Polivalente di Turi. Per queste ragioni e per commemorare i 30 anni della Convenzione ONU sui Diritti dell\u2019Infanzia, mercoled\u00ec 20 novembre alle ore 17.00, il C.A.P. apre le porte al pubblico per un incontro dal titolo \u201cHo diritto di crescere felice!\u201d. La dott.ssa Cinzia Catacchio, avvocato e mediatrice familiare, impegnata nello sportello di mediazione dei conflitti familiari attivo presso lo stesso C.A.P., interverr\u00e0 su quanto sia fondamentale per i giovanissimi \u201ccrescere felici tra diritti civili e sociali\u201d.<\/p>\n<p style=\"text-align: justify;\">\u201cL\u2019incontro \u00e8 rivolto a tutta la cittadinanza ed in particolare a tutti coloro che si occupano di minori o che operano all\u2019interno di istituzioni educative. L\u2019iniziativa si terr\u00e0 contemporaneamente in tutti e quattro i Centri Aperti Polivalenti dei Comuni dell\u2019Ambito Territoriale 2 del quale il progetto \u201cFamiglie in centro per l\u2019Infanzia e l\u2019Adolescenza\u201d fa parte. Ringraziamo per la loro presenza anche gli assistenti sociali del Comune di Turi\u201d \u2013 queste le spiegazioni fornite dal dott. Andrea Giuliani e dal Centro Aperto Polivalente turese.<\/p>\n<p style=\"text-align: justify;\">D\u2019altronde in tutto il mondo, durante il 20 novembre, si celebrer\u00e0 la Giornata Internazionale dei diritti dell\u2019Infanzia e dell\u2019Adolescenza: se anche Turi avr\u00e0 interesse ad unirsi alla festa, \u00e8 in buona parte merito di quest\u2019ottima iniziativa del C.A.P., presidio riconosciuto a tutela e valorizzazione dei giovanissimi. Per meglio chiarire la rilevanza di queste occasioni di riflessione, tra i diritti stabiliti dalla Convenzione vi sono quello alla vita, alla salute, all\u2019istruzione e al gioco, cos\u00ec come il diritto alla famiglia, alla protezione dalla violenza, alla non discriminazione e all\u2019ascolto dell\u2019opinione espressa dal bambino, anche se, dall\u2019etimologia latina della parola \u201cinfante\u201d, sembrerebbe che un fanciullo sia colui che non sa o, peggio, non pu\u00f2 parlare.<\/p>\n<p style=\"text-align: right;\"><strong>LEONARDO FLORIO<\/strong><\/p>\n<p><img loading=\"lazy\" decoding=\"async\" src=\"https:\/\/live.staticflickr.com\/65535\/49070733698_9270b36bd0_c.jpg\" alt=\"cap turi\" style=\"display: block; margin-left: auto; margin-right: auto;\" width=\"571\" height=\"763\" \/><\/p>\n","protected":false},"excerpt":{"rendered":"<p><img loading=\"lazy\" decoding=\"async\" src=\"https:\/\/live.staticflickr.com\/65535\/49070733698_9270b36bd0_n.jpg\" alt=\"cap turi\" width=\"239\" height=\"320\" \/><\/p>\n","protected":false},"author":1,"featured_media":0,"comment_status":"open","ping_status":"closed","sticky":false,"template":"","format":"standard","meta":{"colormag_page_container_layout":"default_layout","colormag_page_sidebar_layout":"default_layout","footnotes":""},"categories":[6],"tags":[],"class_list":["post-17083","post","type-post","status-publish","format-standard","hentry","category-cultura"],"_links":{"self":[{"href":"https:\/\/archivioturi.lavocedelpaese.info\/index.php\/wp-json\/wp\/v2\/posts\/17083","targetHints":{"allow":["GET"]}}],"collection":[{"href":"https:\/\/archivioturi.lavocedelpaese.info\/index.php\/wp-json\/wp\/v2\/posts"}],"about":[{"href":"https:\/\/archivioturi.lavocedelpaese.info\/index.php\/wp-json\/wp\/v2\/types\/post"}],"author":[{"embeddable":true,"href":"https:\/\/archivioturi.lavocedelpaese.info\/index.php\/wp-json\/wp\/v2\/users\/1"}],"replies":[{"embeddable":true,"href":"https:\/\/archivioturi.lavocedelpaese.info\/index.php\/wp-json\/wp\/v2\/comments?post=17083"}],"version-history":[{"count":0,"href":"https:\/\/archivioturi.lavocedelpaese.info\/index.php\/wp-json\/wp\/v2\/posts\/17083\/revisions"}],"wp:attachment":[{"href":"https:\/\/archivioturi.lavocedelpaese.info\/index.php\/wp-json\/wp\/v2\/media?parent=17083"}],"wp:term":[{"taxonomy":"category","embeddable":true,"href":"https:\/\/archivioturi.lavocedelpaese.info\/index.php\/wp-json\/wp\/v2\/categories?post=17083"},{"taxonomy":"post_tag","embeddable":true,"href":"https:\/\/archivioturi.lavocedelpaese.info\/index.php\/wp-json\/wp\/v2\/tags?post=17083"}],"curies":[{"name":"wp","href":"https:\/\/api.w.org\/{rel}","templated":true}]}}