{"id":17074,"date":"2019-11-15T22:38:11","date_gmt":"2019-11-15T22:38:11","guid":{"rendered":"https:\/\/archivioturi.lavocedelpaese.info\/index.php\/2019\/11\/15\/natalino-ventrella-nominato-cavaliere\/"},"modified":"2019-11-15T22:38:11","modified_gmt":"2019-11-15T22:38:11","slug":"natalino-ventrella-nominato-cavaliere","status":"publish","type":"post","link":"https:\/\/archivioturi.lavocedelpaese.info\/index.php\/2019\/11\/15\/natalino-ventrella-nominato-cavaliere\/","title":{"rendered":"Natalino Ventrella nominato Cavaliere"},"content":{"rendered":"<p><img loading=\"lazy\" decoding=\"async\" src=\"https:\/\/live.staticflickr.com\/65535\/49071284157_53ffa770f9_n.jpg\" alt=\"ventrella cavaliere (2)\" width=\"320\" height=\"240\" \/><\/p>\n<p style=\"text-align: center;\"><strong>Il professionista turese ha ricevuto l\u2019Onorificenza al Merito della Repubblica Italiana<\/strong><\/p>\n<p style=\"text-align: justify;\">Lo scorso 7 novembre il salone degli Specchi della Prefettura di Bari ha ospitato la cerimonia ufficiale di consegna dei diplomi delle onorificenze al &#8220;merito della Repubblica Italiana&#8221;, concesse a quaranta cittadini dell&#8217;area metropolitana di Bari. A fare gli onori di casa il Prefetto di Bari, Marilisa Magno, il Vicepresidente della Regione Puglia, Antonio Nunziante, l&#8217;assessore del Comune di Bari, Carla Palone, delegata dal sindaco di Bari, e i sindaci dei comuni interessati.<\/p>\n<p style=\"text-align: justify;\"><img loading=\"lazy\" decoding=\"async\" src=\"https:\/\/live.staticflickr.com\/65535\/49071284347_2bfc02af26_n.jpg\" alt=\"ventrella cavaliere (1)\" style=\"margin: 6px; float: right;\" width=\"180\" height=\"320\" \/><\/p>\n<p style=\"text-align: justify;\">Tra gli insigniti spicca il nome di Natalino Ventrella, gi\u00e0 consigliere comunale, che si \u00e8 distinto come il pi\u00f9 giovane professionista di Bari ad aver ottenuto l\u2019ambita onorificenza.<\/p>\n<p style=\"text-align: justify;\">La cerimonia \u00e8 stata aperta dall\u2019intervento del Prefetto di Bari, Marilisa Magno, che ha espresso sentimenti di gratitudine e di ammirazione nei confronti degli insigniti, che hanno ricevuto l&#8217;onore di essere destinatari della prestigiosa onorificenza, in virt\u00f9 dei meriti conseguiti e dei brillanti risultati raggiunti.<\/p>\n<p style=\"text-align: justify;\">L&#8217;onorificenza O.M.R.I. viene riconosciuta con decreto del Presidente della Repubblica a tutti i cittadini italiani e stranieri, che abbiano almeno 35 anni di et\u00e0 e che abbiano acquisito benemerenze verso la nazione nel campo delle scienze, delle lettere, delle arti, dell&#8217;economia e del disimpegno di pubbliche cariche e di attivit\u00e0 svolte a fini sociali, filantropici ed umanitari, nonch\u00e9 per lunghi e segnalati servizi nelle carriere civili e militari.<\/p>\n<p style=\"text-align: justify;\">Significativo \u00e8 stato il momento della consegna della medaglia d&#8217;oro al merito civile, concessa con decreto del presidente della Repubblica, alla memoria dell&#8217;allora sindaco del Comune di Molfetta, dott. Giovanni Carnicella che il 7 luglio 1992 a Molfetta ha pagato con la vita l&#8217;essersi opposto al rilascio di un&#8217;autorizzazione che avrebbe posto in pericolo incolumit\u00e0 dei cittadini e turbato l&#8217;ordine pubblico.<\/p>\n<p style=\"text-align: justify;\">\u00abSono felicissimo di questo importantissimo riconoscimento \u2013 ha dichiarato Ventrella, raggiunto dai nostri microfoni. Ringrazio il Generale Roberto De Pascalis per avermi segnalato, il Presidente della Repubblica Prof. On. Sergio Mattarella, il Presidente del Consiglio dei Ministri Prof. Giuseppe Conte, il Prefetto di Bari la dr.ssa Marilisa Magno, il Vicepresidente del Consiglio della Regione Puglia Peppino Longo e l&#8217;Assessore di Bari Carla Palone\u00bb.<\/p>\n","protected":false},"excerpt":{"rendered":"<p><img loading=\"lazy\" decoding=\"async\" src=\"https:\/\/live.staticflickr.com\/65535\/49071284157_53ffa770f9_n.jpg\" alt=\"ventrella cavaliere (2)\" width=\"320\" height=\"240\" \/><\/p>\n","protected":false},"author":1,"featured_media":0,"comment_status":"open","ping_status":"closed","sticky":false,"template":"","format":"standard","meta":{"colormag_page_container_layout":"default_layout","colormag_page_sidebar_layout":"default_layout","footnotes":""},"categories":[7],"tags":[],"class_list":["post-17074","post","type-post","status-publish","format-standard","hentry","category-attualita"],"_links":{"self":[{"href":"https:\/\/archivioturi.lavocedelpaese.info\/index.php\/wp-json\/wp\/v2\/posts\/17074","targetHints":{"allow":["GET"]}}],"collection":[{"href":"https:\/\/archivioturi.lavocedelpaese.info\/index.php\/wp-json\/wp\/v2\/posts"}],"about":[{"href":"https:\/\/archivioturi.lavocedelpaese.info\/index.php\/wp-json\/wp\/v2\/types\/post"}],"author":[{"embeddable":true,"href":"https:\/\/archivioturi.lavocedelpaese.info\/index.php\/wp-json\/wp\/v2\/users\/1"}],"replies":[{"embeddable":true,"href":"https:\/\/archivioturi.lavocedelpaese.info\/index.php\/wp-json\/wp\/v2\/comments?post=17074"}],"version-history":[{"count":0,"href":"https:\/\/archivioturi.lavocedelpaese.info\/index.php\/wp-json\/wp\/v2\/posts\/17074\/revisions"}],"wp:attachment":[{"href":"https:\/\/archivioturi.lavocedelpaese.info\/index.php\/wp-json\/wp\/v2\/media?parent=17074"}],"wp:term":[{"taxonomy":"category","embeddable":true,"href":"https:\/\/archivioturi.lavocedelpaese.info\/index.php\/wp-json\/wp\/v2\/categories?post=17074"},{"taxonomy":"post_tag","embeddable":true,"href":"https:\/\/archivioturi.lavocedelpaese.info\/index.php\/wp-json\/wp\/v2\/tags?post=17074"}],"curies":[{"name":"wp","href":"https:\/\/api.w.org\/{rel}","templated":true}]}}