{"id":17026,"date":"2019-11-03T06:30:40","date_gmt":"2019-11-03T06:30:40","guid":{"rendered":"https:\/\/archivioturi.lavocedelpaese.info\/index.php\/2019\/11\/03\/una-giornata-per-omaggiare-lunita-nazionale-e-le-forze-armate\/"},"modified":"2019-11-03T06:30:40","modified_gmt":"2019-11-03T06:30:40","slug":"una-giornata-per-omaggiare-lunita-nazionale-e-le-forze-armate","status":"publish","type":"post","link":"https:\/\/archivioturi.lavocedelpaese.info\/index.php\/2019\/11\/03\/una-giornata-per-omaggiare-lunita-nazionale-e-le-forze-armate\/","title":{"rendered":"Una giornata per omaggiare l&#8217;Unit\u00e0 Nazionale e le Forze Armate"},"content":{"rendered":"<p><img loading=\"lazy\" decoding=\"async\" src=\"https:\/\/live.staticflickr.com\/65535\/48993639711_45d39abd6e_n.jpg\" alt=\"4-NOV\" width=\"320\" height=\"180\" \/><\/p>\n<p style=\"text-align: justify;\">Luned\u00ec 4 novembre, a partire dalle ore 10.00, la comunit\u00e0 turese festegger\u00e0 la Giornata dell\u2019Unit\u00e0 Nazionale e la Festa delle Forze Armate.<\/p>\n<p style=\"text-align: justify;\">Dopo la celebrazione in Chiesa Madre della Santa Messa in suffragio dei Caduti di tutte le guerre, le autorit\u00e0 civili, religiose e militari si raduneranno in piazza Silvio Orlandi, dove prender\u00e0 vita un corteo che, snodandosi lungo il consueto percorso, raggiunger\u00e0 il Monumento ai Caduti. Qui sar\u00e0 deposta una corona d&#8217;alloro, a testimoniare il ricordo di quanti hanno sacrificato la propria vita in nome della pace, e il sindaco terr\u00e0 il tradizionale discorso.<\/p>\n<p style=\"text-align: justify;\">I momenti salienti della commemorazione saranno sottolineati dalle note della Banda Musicale Cittadina \u201cDon Giovanni Cipriani\u201d che, insieme all&#8217;Associazione Nazionale Combattenti e Reduci e a quella dei Bersaglieri, impreziosir\u00e0 un evento cui \u00e8 invitata tutta la cittadinanza turese.<\/p>\n","protected":false},"excerpt":{"rendered":"<p><img loading=\"lazy\" decoding=\"async\" src=\"https:\/\/live.staticflickr.com\/65535\/48993639711_45d39abd6e_n.jpg\" alt=\"4-NOV\" width=\"320\" height=\"180\" \/><\/p>\n","protected":false},"author":1,"featured_media":0,"comment_status":"open","ping_status":"closed","sticky":false,"template":"","format":"standard","meta":{"colormag_page_container_layout":"default_layout","colormag_page_sidebar_layout":"default_layout","footnotes":""},"categories":[6],"tags":[],"class_list":["post-17026","post","type-post","status-publish","format-standard","hentry","category-cultura"],"_links":{"self":[{"href":"https:\/\/archivioturi.lavocedelpaese.info\/index.php\/wp-json\/wp\/v2\/posts\/17026","targetHints":{"allow":["GET"]}}],"collection":[{"href":"https:\/\/archivioturi.lavocedelpaese.info\/index.php\/wp-json\/wp\/v2\/posts"}],"about":[{"href":"https:\/\/archivioturi.lavocedelpaese.info\/index.php\/wp-json\/wp\/v2\/types\/post"}],"author":[{"embeddable":true,"href":"https:\/\/archivioturi.lavocedelpaese.info\/index.php\/wp-json\/wp\/v2\/users\/1"}],"replies":[{"embeddable":true,"href":"https:\/\/archivioturi.lavocedelpaese.info\/index.php\/wp-json\/wp\/v2\/comments?post=17026"}],"version-history":[{"count":0,"href":"https:\/\/archivioturi.lavocedelpaese.info\/index.php\/wp-json\/wp\/v2\/posts\/17026\/revisions"}],"wp:attachment":[{"href":"https:\/\/archivioturi.lavocedelpaese.info\/index.php\/wp-json\/wp\/v2\/media?parent=17026"}],"wp:term":[{"taxonomy":"category","embeddable":true,"href":"https:\/\/archivioturi.lavocedelpaese.info\/index.php\/wp-json\/wp\/v2\/categories?post=17026"},{"taxonomy":"post_tag","embeddable":true,"href":"https:\/\/archivioturi.lavocedelpaese.info\/index.php\/wp-json\/wp\/v2\/tags?post=17026"}],"curies":[{"name":"wp","href":"https:\/\/api.w.org\/{rel}","templated":true}]}}