{"id":16997,"date":"2019-10-24T09:05:03","date_gmt":"2019-10-24T09:05:03","guid":{"rendered":"https:\/\/archivioturi.lavocedelpaese.info\/index.php\/2019\/10\/24\/non-e-guardando-agli-errori-passati-che-eviterete-gli-sbagli-presenti\/"},"modified":"2019-10-24T09:05:03","modified_gmt":"2019-10-24T09:05:03","slug":"non-e-guardando-agli-errori-passati-che-eviterete-gli-sbagli-presenti","status":"publish","type":"post","link":"https:\/\/archivioturi.lavocedelpaese.info\/index.php\/2019\/10\/24\/non-e-guardando-agli-errori-passati-che-eviterete-gli-sbagli-presenti\/","title":{"rendered":"\u201cNon \u00e8 guardando agli errori passati che eviterete gli sbagli presenti\u201d"},"content":{"rendered":"<p><img loading=\"lazy\" decoding=\"async\" src=\"https:\/\/live.staticflickr.com\/65535\/48921286793_9fa31bc3fc_n.jpg\" alt=\"Giuseppe Tardi\" width=\"320\" height=\"240\" \/><\/p>\n<p style=\"text-align: center;\"><strong>Lettera aperta dell\u2019ex assessore Giuseppe Tardi al suo \u201csuccessore\u201d Graziano Gigantelli<\/strong><\/p>\n<p style=\"text-align: justify;\">Caro Assessore, mi permetto di entrare, in punta di piedi, sulla vicenda rimborsi TARI, non per protagonismo e n\u00e9 per improvvisa voglia di agone politico ma solo perch\u00e9 nell\u2019ultimo Consiglio comunale, tenutosi lo scorso 1\u00b0 ottobre, Lei, rispondendo all\u2019interrogazione della minoranza sulla questione, ha tirato in ballo l\u2019Amministrazione Coppi e me come Assessore alle Finanze e Tributi, addossandoci scelte \u201cscellerate\u201d.<\/p>\n<p style=\"text-align: justify;\">Non mi soffermer\u00f2, non avendone titolo, ad indicare cosa l\u2019attuale maggioranza avrebbe potuto fare sulla vicenda TARI e non ha fatto finora. Di questo risponderete alla cittadinanza. La ricordo tra i pi\u00f9 accaniti protagonisti dei social (ad esempio suo post del 24 ottobre 2017). Era l\u00ec a dispensare invettive ed a proporre soluzioni. Ebbene, le soluzioni sono rimaste nel web, nel mondo virtuale dei social. La realt\u00e0, quella vera, \u00e8 ben altra cosa!<\/p>\n<p style=\"text-align: justify;\">Lei ha ragione quando addossa a me ed alla Amministrazione della quale facevo parte, la colpa di aver male interpretato i dettami di legge. La scelta di allora (anno 2014), quella di ripartire la quota variabile della tariffa TARI pure sulle pertinenze, seppur rapportata ad un solo componente, fu fatta in armonia con il DPR 158\/99. Interpretazione non avventata ma in linea con tanti comuni italiani, Milano, Napoli, Genova, e per portar esempi a noi vicini, Putignano, Castellana, Conversano, Polignano a Mare, ecc. I chiarimenti del MEF, sulla vicenda, sono arrivati solo nel 2017, a seguito di una interrogazione parlamentare. Chiarimenti che hanno risolto una parte della questione, lasciando un ampio vuoto sulla questione rimborsi.<\/p>\n<p style=\"text-align: justify;\">Veniamo al punto: Lei mi accusa di \u201cmancanza di volont\u00e0\u201d. Su questo non mi va neanche di controbattere, non lo prendo in considerazione. Quel che invece trovo sgradevole \u00e8 l\u2019affermazione (riporto il virgolettato del giornale) \u201c\u2026 perch\u00e9 si \u00e8 data importanza al certosino lavoro copia-incolla nel redigere il regolamento\u2026\u201d.<\/p>\n<p style=\"text-align: justify;\">Ebbene, in questa Sua infelice affermazione, Lei mi offende, e questo ci pu\u00f2 stare, offende tutto il personale dell\u2019Ufficio Tributi, ma soprattutto riduce a semplice \u201ccopia-incolla\u201d il lavoro maniacale di un professionista serio e competente che con troppa leggerezza avete fatto in modo che andasse via, il dott. Franco Mancini. La rassicuro, dietro al regolamento TARI c\u2019\u00e8 tanto lavoro, tante ore spese. Non \u00e8 stato fatto il \u201ccopia-incolla\u201d come nel caso del modulo di rimborso TARI, apparso sul sito del Comune di Turi il 2 ottobre scorso (il giorno dopo del Consiglio). Il modulo, opportunamente modificato, \u00e8 quello del comune di Milano! Vero?<\/p>\n<p style=\"text-align: justify;\">Mi preme inoltre sottolineare che, qualora vengano rilevate pendenze amministrative irrisolte e non si provveda a sanarle, tale comportamento rivela o incapacit\u00e0 di soluzione o complicit\u00e0 con chi ne \u00e8 stato la causa!<\/p>\n<p style=\"text-align: justify;\">Non la tedier\u00f2 oltremodo, concludo permettendomi di darle un consiglio: a turno, Lei ed i suoi compagni di (dis-)avventura, attaccate i vostri predecessori. La cosa ci potrebbe stare se poi ci fosse una decisa inversione di tendenza, prima male, ora bene! Forse non lo sa, ma non \u00e8 cos\u00ec! La vostra narrazione si ferma al recriminare, senza poter vantare successi. Non \u00e8 guardando agli errori passati che eviterete gli sbagli presenti e futuri.<\/p>\n<p style=\"text-align: justify;\">La saluto distintamente<\/p>\n<p style=\"text-align: right;\"><strong>Giuseppe Tardi<\/strong><\/p>\n","protected":false},"excerpt":{"rendered":"<p><img loading=\"lazy\" decoding=\"async\" src=\"https:\/\/live.staticflickr.com\/65535\/48921286793_9fa31bc3fc_n.jpg\" alt=\"Giuseppe Tardi\" width=\"320\" height=\"240\" \/><\/p>\n","protected":false},"author":1,"featured_media":0,"comment_status":"open","ping_status":"closed","sticky":false,"template":"","format":"standard","meta":{"colormag_page_container_layout":"default_layout","colormag_page_sidebar_layout":"default_layout","footnotes":""},"categories":[4],"tags":[],"class_list":["post-16997","post","type-post","status-publish","format-standard","hentry","category-politica"],"_links":{"self":[{"href":"https:\/\/archivioturi.lavocedelpaese.info\/index.php\/wp-json\/wp\/v2\/posts\/16997","targetHints":{"allow":["GET"]}}],"collection":[{"href":"https:\/\/archivioturi.lavocedelpaese.info\/index.php\/wp-json\/wp\/v2\/posts"}],"about":[{"href":"https:\/\/archivioturi.lavocedelpaese.info\/index.php\/wp-json\/wp\/v2\/types\/post"}],"author":[{"embeddable":true,"href":"https:\/\/archivioturi.lavocedelpaese.info\/index.php\/wp-json\/wp\/v2\/users\/1"}],"replies":[{"embeddable":true,"href":"https:\/\/archivioturi.lavocedelpaese.info\/index.php\/wp-json\/wp\/v2\/comments?post=16997"}],"version-history":[{"count":0,"href":"https:\/\/archivioturi.lavocedelpaese.info\/index.php\/wp-json\/wp\/v2\/posts\/16997\/revisions"}],"wp:attachment":[{"href":"https:\/\/archivioturi.lavocedelpaese.info\/index.php\/wp-json\/wp\/v2\/media?parent=16997"}],"wp:term":[{"taxonomy":"category","embeddable":true,"href":"https:\/\/archivioturi.lavocedelpaese.info\/index.php\/wp-json\/wp\/v2\/categories?post=16997"},{"taxonomy":"post_tag","embeddable":true,"href":"https:\/\/archivioturi.lavocedelpaese.info\/index.php\/wp-json\/wp\/v2\/tags?post=16997"}],"curies":[{"name":"wp","href":"https:\/\/api.w.org\/{rel}","templated":true}]}}