{"id":16994,"date":"2019-10-22T06:26:21","date_gmt":"2019-10-22T06:26:21","guid":{"rendered":"https:\/\/archivioturi.lavocedelpaese.info\/index.php\/2019\/10\/22\/le-bugie-dalle-gambe-lunghe\/"},"modified":"2019-10-22T06:26:21","modified_gmt":"2019-10-22T06:26:21","slug":"le-bugie-dalle-gambe-lunghe","status":"publish","type":"post","link":"https:\/\/archivioturi.lavocedelpaese.info\/index.php\/2019\/10\/22\/le-bugie-dalle-gambe-lunghe\/","title":{"rendered":"Le bugie dalle \u201cgambe lunghe\u201d"},"content":{"rendered":"<p><img loading=\"lazy\" decoding=\"async\" src=\"https:\/\/live.staticflickr.com\/65535\/48921290253_6e7f211b36_n.jpg\" alt=\"foto ASSESSORE DE CAROLIS\" width=\"226\" height=\"320\" \/><\/p>\n<p style=\"text-align: justify;\">Nonostante, per natura fossi incline pi\u00f9 al lavoro che ai frivoli pettegolezzi, consapevole che il nostro paese proprio a causa della bassa politica dai toni esasperati e talvolta offensivi abbia raggiunto livelli cos\u00ec bassi da un punto di vista economico, morale e culturale; noto con sommo dispiacere che da parte della opposizione o di una parte di essa manca la sportivit\u00e0, quella che ti permette quando una partita leale va male di accettare la sconfitta ed \u00e8 per questo che si ritiene di dover trascendere sul piano personale sfiorando il ridicolo.<\/p>\n<p style=\"text-align: justify;\">Capisco che il consigliere Palmisano abbia ancora il fegato grosso per il fatto che i miei voti avrebbero potuto determinare la sua vittoria, so che sputa veleno contro la mia persona e la mia famiglia. Ribadisco con forza e determinazione che la mia scelta di scendere in politica \u00e8 stata solamente e soltanto mia senza influenze e\/o condizionamenti. Sono pronta in tutte le sedi consone ed opportune a dare risposte sul mio operato di assessore alla cultura di cui ne vado fiera.<\/p>\n<p style=\"text-align: justify;\">Credo di aver dato lustro al mio paese in varie iniziative svolte sia in loco che in paesi limitrofi. Interloquire e confrontarsi con i colleghi di realt\u00e0 vicine ha significato per me arricchire il bagaglio culturale. Il mio ruolo istituzionale mi impone di presentarmi, vestita in modo adeguato non per fare reality o sfilate ma perch\u00e9 in talune occasioni, mi dispiace doverlo sottolineare, l\u2019abito fa il monaco e di questo ho ricevuto e continuo a ricevere attestazioni di stima che volentieri condivido con l\u2019intera squadra di governo.<\/p>\n<p style=\"text-align: justify;\">In tutti questi mesi non ho mai cercato visibilit\u00e0 verso testate giornalistiche, non ho mai rilasciato interviste, ho preferito lavorare e tessere in silenzio una tela che ben presto porter\u00e0 Turi alla ribalta delle principali realt\u00e0 nazionali e internazionali. Infatti, la mia partecipazione alla fiera del Turismo TTG Travel Experience di Rimini rappresenta la punta di un iceberg che proietter\u00e0 la nostra bella e amata Turi in scenari importanti e prestigiosi. Non possiamo non dimenticare il ruolo da me svolto sulla conoscenza e valorizzazione della Grotta di Sant\u2019Oronzo. Invece che offendere e parlare come se la stupidit\u00e0 fosse una virt\u00f9, preferisco interagire e allacciare rapporti sempre pi\u00f9 fruttiferi con i comuni limitrofi sicura che da soli siamo vulnerabili uniti diventiamo forti. La riqualificazione del nostro territorio e delle nostre specialit\u00e0 deve passare da queste sinergie. Uniti si va lontano, uniti si vince sempre. Ebbene questo \u00e8 il mio credo, questo \u00e8 la turbina che anima il mio lavoro.<\/p>\n<p style=\"text-align: justify;\">Ho l\u2019obbligo di sottolineare che la scrivente si \u00e8 recata in quel di Rimini a spese proprie, di cui sono pronta ad esibire copia del bonifico bancario che dal mio conto corrente \u00e8 giunto alla struttura alberghiera di quella localit\u00e0. Quindi la mia partecipazione \u00e8 stata per le casse del Comune di Turi a costo zero. Per il materiale turistico, che il Signor Palmisano ritiene fosse stato deliberato secondo una mia iniziativa solitaria, posso dichiarare che di questo iter si sono occupati gli uffici preposti. Sulla presunta storiella che il sindaco \u00e8 una persona sola al timone della maggioranza, devo anche in questo caso affermare che le dichiarazioni del consigliere Palmisano sono prive di fondamento e intrise di bugie grossolane. Tutta la maggioranza lavora rapportandosi quotidianamente con il sindaco, certo ci possono essere anche scambi di opinioni accese, che hanno soltanto la finalit\u00e0 di affrontare i tanti problemi che attanagliano il nostro comune. Tutti quanti siamo perfettamente consapevoli che il nostro dovere \u00e8 dare risposte ai nostri concittadini che ci hanno votato. Pertanto, nessuno della maggioranza, tantomeno del coordinamento civico, intende venir meno all\u2019impegno assunto.<\/p>\n<p style=\"text-align: justify;\">Il consigliere Palmisano inoltre, custode della verit\u00e0 assoluta, ritiene che la scrivente sia isolata all\u2019interno della maggioranza. Anche in questo caso si tratta di una macroscopica bugia! Lavoro e mi confronto quotidianamente con i miei colleghi, consapevole che in politica non esiste una pappa facile ma gli spazi bisogna sgomitando saperseli conquistare. Penso di aver dato con questa disamina ampie risposte, consapevole che lo strumento giornalistico \u00e8 un momento di profonda riflessione. Il mio non sar\u00e0 mai un reality ma l\u2019affermazione delle idee che si consolidano e prendendo forma, diventando pi\u00f9 forti di un carrarmato che avanza. Ricordi, consigliere Palmisano, \u00abfatti non foste a viver come bruti ma per seguir virtute e canoscenza\u00bb.<\/p>\n<p style=\"text-align: right;\"><strong>Assessore Teresa De Carolis<\/strong><\/p>\n","protected":false},"excerpt":{"rendered":"<p><img loading=\"lazy\" decoding=\"async\" src=\"https:\/\/live.staticflickr.com\/65535\/48921290253_6e7f211b36_n.jpg\" alt=\"foto ASSESSORE DE CAROLIS\" width=\"226\" height=\"320\" \/><\/p>\n","protected":false},"author":1,"featured_media":0,"comment_status":"open","ping_status":"closed","sticky":false,"template":"","format":"standard","meta":{"colormag_page_container_layout":"default_layout","colormag_page_sidebar_layout":"default_layout","footnotes":""},"categories":[4],"tags":[],"class_list":["post-16994","post","type-post","status-publish","format-standard","hentry","category-politica"],"_links":{"self":[{"href":"https:\/\/archivioturi.lavocedelpaese.info\/index.php\/wp-json\/wp\/v2\/posts\/16994","targetHints":{"allow":["GET"]}}],"collection":[{"href":"https:\/\/archivioturi.lavocedelpaese.info\/index.php\/wp-json\/wp\/v2\/posts"}],"about":[{"href":"https:\/\/archivioturi.lavocedelpaese.info\/index.php\/wp-json\/wp\/v2\/types\/post"}],"author":[{"embeddable":true,"href":"https:\/\/archivioturi.lavocedelpaese.info\/index.php\/wp-json\/wp\/v2\/users\/1"}],"replies":[{"embeddable":true,"href":"https:\/\/archivioturi.lavocedelpaese.info\/index.php\/wp-json\/wp\/v2\/comments?post=16994"}],"version-history":[{"count":0,"href":"https:\/\/archivioturi.lavocedelpaese.info\/index.php\/wp-json\/wp\/v2\/posts\/16994\/revisions"}],"wp:attachment":[{"href":"https:\/\/archivioturi.lavocedelpaese.info\/index.php\/wp-json\/wp\/v2\/media?parent=16994"}],"wp:term":[{"taxonomy":"category","embeddable":true,"href":"https:\/\/archivioturi.lavocedelpaese.info\/index.php\/wp-json\/wp\/v2\/categories?post=16994"},{"taxonomy":"post_tag","embeddable":true,"href":"https:\/\/archivioturi.lavocedelpaese.info\/index.php\/wp-json\/wp\/v2\/tags?post=16994"}],"curies":[{"name":"wp","href":"https:\/\/api.w.org\/{rel}","templated":true}]}}