{"id":16977,"date":"2019-10-15T16:00:22","date_gmt":"2019-10-15T16:00:22","guid":{"rendered":"https:\/\/archivioturi.lavocedelpaese.info\/index.php\/2019\/10\/15\/piano-sociale-di-zona-chi-e-assente-ha-sempre-torto\/"},"modified":"2019-10-15T16:00:22","modified_gmt":"2019-10-15T16:00:22","slug":"piano-sociale-di-zona-chi-e-assente-ha-sempre-torto","status":"publish","type":"post","link":"https:\/\/archivioturi.lavocedelpaese.info\/index.php\/2019\/10\/15\/piano-sociale-di-zona-chi-e-assente-ha-sempre-torto\/","title":{"rendered":"Piano Sociale di Zona: \u201cChi \u00e8 assente ha sempre torto\u201d"},"content":{"rendered":"<p><img loading=\"lazy\" decoding=\"async\" src=\"https:\/\/live.staticflickr.com\/65535\/48882487343_17d8d0789c_n.jpg\" alt=\"consiglio ottobre 2019 (1)\" width=\"320\" height=\"214\" \/><\/p>\n<p style=\"text-align: center;\"><strong>Dopo due ore di \u201cbattaglia\u201d sull\u2019emendamento dell\u2019opposizione, <br \/>sfuma l\u2019unanimit\u00e0 del Consiglio<\/strong><\/p>\n<p style=\"text-align: justify;\">\u00abOggi stiamo approvando un Piano Sociale di Zona, partito nel 2018 e che scadr\u00e0 l\u2019anno prossimo, che \u00e8 quasi una presa d\u2019atto formale\u00bb. \u00abLe decisioni sono state prese e il sottotitolo di questa vicenda \u00e8 che chi \u00e8 assente ha sempre torto\u00bb. Queste le parole del sindaco Tina Resta, delegato ai Servizi sociali, a conclusione dell\u2019esposizione del secondo punto all\u2019ordine del giorno: l\u2019approvazione del Piano Sociale di Zona 2018-2020, integrato dal Piano Territoriale di Contrasto alla povert\u00e0 dell\u2019Ambito Territoriale di Gioia del Colle con i relativi Regolamenti.<\/p>\n<p style=\"text-align: justify;\">Una conclusione che arriva dopo una dettagliata ricostruzione di tutto il percorso che ha portato a licenziare il Piano in ritardo di almeno tre mesi e senza possibilit\u00e0 di apportare alcuna variazione alle quote che ognuno dei quattro Comuni dell\u2019Ambito (Gioia, Casamassima, Sammichele e Turi) versa a titolo di compartecipazione per i servizi erogati.<\/p>\n<p style=\"text-align: justify;\">\u00abSostanzialmente \u2013 spiega il primo cittadino \u2013 c\u2019\u00e8 stata una sollecitazione del Commissario Cantadori a rivedere le somme ritenute non congrue ma, nel momento in cui si doveva andare a discutere proprio delle somme, il Comune di Turi \u00e8 stato assente\u00bb. Un\u2019assenza, per giunta, reiterata: il Coordinamento si \u00e8 riunito tre volte e per tre volte Turi ha disertato il tavolo delle trattative.<\/p>\n<p style=\"text-align: justify;\">\u00abNella nostra delibera \u2013 chiosa il sindaco \u2013 impegniamo il Coordinamento Istituzionale a concludere celermente le procedure necessarie a ricalcolare tempestivamente gli importi dovuti da ciascun Comune, al fine di procedere ai necessari correttivi in occasione dell\u2019approvazione del prossimo Piano di Zona\u00bb.<\/p>\n<p style=\"text-align: justify;\">&nbsp;<\/p>\n<p style=\"text-align: justify;\"><strong>\u201cIl mistero dei criteri\u201d<\/strong><\/p>\n<p style=\"text-align: justify;\">La discussione consiliare prende le mosse proprio dalla delibera citata dal sindaco. Si inizia con l\u2019intervento del consigliere Lilli Susca, centrato sulla \u00abnecessit\u00e0 di rendere pi\u00f9 assertivo l\u2019invito a rivedere le quote di compartecipazione\u00bb, proponendo di utilizzare il criterio del numero di abitanti quale \u00abparametro logico ed equo\u00bb per la suddivisione delle somme spettanti a ciascun Comune.<\/p>\n<p style=\"text-align: justify;\">\u00abHo cercato di capire quali sono i criteri in adozione in questo momento ed \u00e8 un grande mistero. Dal 2012 \u2013 argomenta il consigliere \u2013 ogni anno il Comune di Gioia versa 463 mila euro con 27mila abitanti; Casamassima 207mila euro con 19mila abitanti; Sammichele 40mila euro con 6400 abitanti; Turi 260mila euro con 13mila abitanti. Qualunque sia il criterio adottato, la cosa pi\u00f9 logica sarebbe quella di basarsi sul numero di abitanti\u00bb.<\/p>\n<p style=\"text-align: justify;\">\u00abQuesta disparit\u00e0 \u2013 prosegue \u2013 riviene anche da una questione risalente al 2012, quando sono stati attivati i Piani di Zona. In quel momento il Comune di Turi spendeva autonomamente 130mila euro per l\u2019assistenza domiciliare, cifra che fu interamente fatta confluire nel Piano di Zona. Probabilmente, a quei 130mila euro si sono sommate le cifre che hanno suddiviso seguendo un criterio che ancora non ci \u00e8 stato comunicato. Bene ha fatto il Commissario a far notare questa disparit\u00e0, ovviamente sorvoliamo sulla questione della presenza necessaria nei momenti topici\u00bb.<\/p>\n<p style=\"text-align: justify;\">&nbsp;<\/p>\n<p style=\"text-align: justify;\"><strong>L\u2019emendamento<\/strong><\/p>\n<p style=\"text-align: justify;\">La proposta del consigliere Susca si sostanzia in un emendamento che, nella prima stesura, impegna il Coordinamento Istituzionale \u00aba rivedere le quote di partecipazione di ciascun Comune a titolo di cofinanziamento a partire dal prossimo Piano di Zona 2021-2023, volendo prendere in considerazione una ripartizione fra i quattro Comuni della cifra totale sulla base del numero di abitanti di ciascun Comune\u00bb e \u00aba verificare se sussistano i presupposti per la restituzione delle cifre in esubero afferenti al triennio in corso in forma di compensazione dilazionata, ovvero a verificare se sussistano i presupposti per il versamento da parte dei Comuni avvantaggiati dai criteri finora adottati delle differenze rinvenibili nel triennio in corso tra quote versate e quote che sarebbero state versate seguendo i nuovi criteri da proporre\u00bb.<\/p>\n<p style=\"text-align: justify;\">\u00abIl Comune di Turi \u2013 aggiunge il consigliere Palmisano \u2013 ancora una volta impegna soldi senza avere vantaggi. Se non siamo in grado di presentare delle progettualit\u00e0, che senso ha pagare? Siamo un paese pi\u00f9 piccolo e tutti quelli con cui ci assoceremo saranno sempre meglio strutturati di noi, o decidiamo di farci valere altrimenti \u00e8 inutile impegnarci economicamente\u00bb<\/p>\n<p style=\"text-align: justify;\">&nbsp;<\/p>\n<p><img loading=\"lazy\" decoding=\"async\" src=\"https:\/\/live.staticflickr.com\/65535\/48883016891_a9b4b190ca_n.jpg\" alt=\"consiglio ottobre 2019 (2)\" style=\"margin: 6px; float: right;\" width=\"320\" height=\"214\" \/><\/p>\n<p style=\"text-align: justify;\"><strong>\u201cNon facciamo battaglie inutili\u201d<\/strong><\/p>\n<p style=\"text-align: justify;\">Pronta la replica del capogruppo di maggioranza Onofrio Resta. \u00abSono d\u2019accordo con la prima parte della proposta del consigliere Susca, le altre due le ritengo troppo semplicistiche: non basta considerare il numero di abitanti, c\u2019\u00e8 una pluralit\u00e0 di indicatori che, da sempre, vengono esaminati nella stesura del Piano di Zona\u00bb. Parametri e cifre che sono identici a quelli contenuti nel Piano 2015-2017, \u00abaccettato dalla precedente Amministrazione che poteva contare su un assessore al ramo in gamba\u00bb.<\/p>\n<p style=\"text-align: justify;\">\u00abNon sono d\u2019accordo a fare battaglie inutili: le risorse programmate nel 2015 erano 23milioni di euro e ne sono stati impegnati 21. Tutto sta a intercettare la serie di diramazioni di questi fondi \u2013 sottolinea Resta, concordando con il consigliere Palmisano \u2013 contando su persone che sappiano proporre progettualit\u00e0 e intercettare i relativi finanziamenti. Bisogna andare, capire e essere autorevoli; non possiamo limitarci a calcolare il numero degli abitanti\u00bb.<\/p>\n<p style=\"text-align: justify;\">&nbsp;<\/p>\n<p style=\"text-align: justify;\"><strong>\u201cLa carica dell\u2019opposizione\u201d<\/strong><\/p>\n<p style=\"text-align: justify;\">L\u2019intervento del prof. Resta non viene condiviso dall\u2019opposizione che interviene compatta rivendicando la ragionevolezza dell\u2019emendamento.<\/p>\n<p style=\"text-align: justify;\">Prende la parola il consigliere Susca, smarcandosi dall\u2019accusa di \u201cbanalizzare\u201d il tema: \u00abHo letto il Piano e mi sono informata. Qualunque siano i criteri, che finora non sono stati resi noti, evidentemente sono un po\u2019 oscuri: se il risultato \u00e8 che Sammichele, con la met\u00e0 dei nostri abitanti, spende 40 mila euro e noi, con il doppio degli abitanti, paghiamo 260mila euro, qualcosa non va\u00bb. Sulla questione degli indici, Lilli Susca sottolinea che, per quanto possano essere complessi e variegati, non presenteranno mai situazioni cos\u00ec differenti tra i quattro Comuni giacch\u00e9 \u00ac\u00absussistono in un ambiente socio-economico-geografico molto simile\u00bb<\/p>\n<p style=\"text-align: justify;\">\u00abOnofrio Resta dice di essere innamorato dei numeri \u2013 arriva in supporto Palmisano \u2013 ma se si guardano i numeri abbiamo ragione noi. Un Comune come Casamassima, che \u00e8 pi\u00f9 grande e ha problematiche maggiori di quelle di Turi, versa una somma inferiore: non \u00e8 un gioco alla pari\u00bb.<\/p>\n<p style=\"text-align: justify;\">\u00abLa statistica non \u00e8 una scienza esatta \u2013 rilancia il consigliere Sergio Spinelli \u2013 la si pu\u00f2 prendere come riferimento ma non potr\u00e0 mai essere un esatto calcolo matematico, neanche andando a scegliere i parametri pi\u00f9 cavillosi\u00bb. \u00abIl motivo per cui siamo stati chiamati a essere seduti qui \u00e8 proprio questo: affrontare le cose che non sono state affrontate finora, senza scoraggiarci ma facendoci forza e superando gli ostacoli. Potranno anche non accogliere le nostre proposte ma dovranno motivare e, in un successivo tavolo di trattative, sapranno che al Comune di Turi l\u2019aria \u00e8 cambiata\u00bb.<\/p>\n<p style=\"text-align: justify;\">\u00abLa nostra proposta di emendamento \u2013 chiude il consigliere Giannalisa Zaccheo \u2013 \u00e8 un atto di fiducia verso il sindaco che, siamo convinti, riuscir\u00e0 a far valere le nostre ragioni. Non implica un impegno di spesa ma pone una condizione risolutiva per la prossima delibera: se le cose non dovessero cambiare, noi non daremo pi\u00f9 voto favorevole\u00bb.<\/p>\n<p style=\"text-align: justify;\">&nbsp;<\/p>\n<p style=\"text-align: justify;\"><strong>La controproposta del sindaco<\/strong><\/p>\n<p style=\"text-align: justify;\">Il sindaco Tina Resta prova a mediare le posizioni emerse, precisando che le perplessit\u00e0 sull\u2019emendamento della minoranza non vertono sulla sostanza ma esclusivamente sul fronte tecnico e normativo.<\/p>\n<p style=\"text-align: justify;\">\u00abNon vorrei entrare nell\u2019aspetto contabile \u2013 chiarisce il primo cittadino \u2013 poich\u00e9 non abbiamo n\u00e9 le competenze n\u00e9 le conoscenze approfondite per poter indicare una rotta specifica. Nello stesso tempo, propongo di inviare una nota a nome del Consiglio comunale in cui chiediamo i dettagli dei servizi, i costi, gli indicatori e i parametri utilizzati per la ripartizione, in modo da avere dei dati di fatto che ci consentano di arrivare preparati all\u2019approvazione del nuovo Piano triennale\u00bb.<\/p>\n<p style=\"text-align: justify;\">\u00abLa proposta \u00e8 ragionevole \u2013 ribatte il consigliere Susca \u2013 ma non esclude la discussione sull\u2019emendamento, che non si pone nei confronti del Piano di Zona con un piglio di contrasto ma chiede solo di verificare se sussistono i presupposti per la restituzione delle somme in esubero\u00bb. Emendamento che viene ulteriormente modificato, ammorbidendo la parte conclusiva in cui si chiede di tenere \u00abmaggiormente in conto il numero di abitanti di ciascun Comune\u00bb.<\/p>\n<p style=\"text-align: justify;\">\u00abAbbiamo bisogno di un esperto tecnico del Coordinamento \u2013 replica il sindaco \u2013 che ci deve dire se abbiamo diritto a questi rimborsi e in quale modalit\u00e0 possono essere restituite queste somme non dovute rispetto ai servizi erogati\u00bb. \u00abIl suo emendamento lo condivido \u2013 ribadisce \u2013 tranne nella parte del criterio della popolazione: non posso proporre un criterio, quale quello della popolosit\u00e0, se non conosco su che basi avviene la ripartizione. Chiedere tutti i criteri ci serve per studiare i dati, confrontarci con i Servizi sociali, vedere se ci sono delle discordanze e preparare una proposta da presentare al tavolo prima di giugno 2020\u00bb.<\/p>\n<p style=\"text-align: justify;\">Nonostante l\u2019appello del capogruppo Onofrio Resta a trovare una mediazione su un emendamento che \u00e8 per due terzi condivisibile, l\u2019auspicabile unit\u00e0 d\u2019intenti non si raggiunge. Acquisito il parere favorevole tecnico e contabile, si passa alla votazione dell\u2019emendamento che incassa il voto negativo della maggioranza e quello favorevole dei cinque consiglieri di opposizione. Identica votazione per l\u2019approvazione del Piano Sociale di Zona 2018-2020.<\/p>\n<p style=\"text-align: right;\"><strong>FD<\/strong><\/p>\n","protected":false},"excerpt":{"rendered":"<p><img loading=\"lazy\" decoding=\"async\" src=\"https:\/\/live.staticflickr.com\/65535\/48882487343_17d8d0789c_n.jpg\" alt=\"consiglio ottobre 2019 (1)\" width=\"320\" height=\"214\" \/><\/p>\n","protected":false},"author":1,"featured_media":0,"comment_status":"open","ping_status":"closed","sticky":false,"template":"","format":"standard","meta":{"colormag_page_container_layout":"default_layout","colormag_page_sidebar_layout":"default_layout","footnotes":""},"categories":[4],"tags":[],"class_list":["post-16977","post","type-post","status-publish","format-standard","hentry","category-politica"],"_links":{"self":[{"href":"https:\/\/archivioturi.lavocedelpaese.info\/index.php\/wp-json\/wp\/v2\/posts\/16977","targetHints":{"allow":["GET"]}}],"collection":[{"href":"https:\/\/archivioturi.lavocedelpaese.info\/index.php\/wp-json\/wp\/v2\/posts"}],"about":[{"href":"https:\/\/archivioturi.lavocedelpaese.info\/index.php\/wp-json\/wp\/v2\/types\/post"}],"author":[{"embeddable":true,"href":"https:\/\/archivioturi.lavocedelpaese.info\/index.php\/wp-json\/wp\/v2\/users\/1"}],"replies":[{"embeddable":true,"href":"https:\/\/archivioturi.lavocedelpaese.info\/index.php\/wp-json\/wp\/v2\/comments?post=16977"}],"version-history":[{"count":0,"href":"https:\/\/archivioturi.lavocedelpaese.info\/index.php\/wp-json\/wp\/v2\/posts\/16977\/revisions"}],"wp:attachment":[{"href":"https:\/\/archivioturi.lavocedelpaese.info\/index.php\/wp-json\/wp\/v2\/media?parent=16977"}],"wp:term":[{"taxonomy":"category","embeddable":true,"href":"https:\/\/archivioturi.lavocedelpaese.info\/index.php\/wp-json\/wp\/v2\/categories?post=16977"},{"taxonomy":"post_tag","embeddable":true,"href":"https:\/\/archivioturi.lavocedelpaese.info\/index.php\/wp-json\/wp\/v2\/tags?post=16977"}],"curies":[{"name":"wp","href":"https:\/\/api.w.org\/{rel}","templated":true}]}}