{"id":16968,"date":"2019-10-15T13:22:39","date_gmt":"2019-10-15T13:22:39","guid":{"rendered":"https:\/\/archivioturi.lavocedelpaese.info\/index.php\/2019\/10\/15\/furto-a-lidl-sventato-da-un-carabiniere-in-borghese\/"},"modified":"2019-10-15T13:22:39","modified_gmt":"2019-10-15T13:22:39","slug":"furto-a-lidl-sventato-da-un-carabiniere-in-borghese","status":"publish","type":"post","link":"https:\/\/archivioturi.lavocedelpaese.info\/index.php\/2019\/10\/15\/furto-a-lidl-sventato-da-un-carabiniere-in-borghese\/","title":{"rendered":"Furto a Lidl sventato da un carabiniere in borghese"},"content":{"rendered":"<p><img loading=\"lazy\" decoding=\"async\" src=\"https:\/\/live.staticflickr.com\/65535\/48883016057_ee1b4ece01_n.jpg\" alt=\"arresto generica\" width=\"320\" height=\"272\" \/><\/p>\n<p style=\"text-align: justify;\">Nella mattinata di mercoled\u00ec 9 ottobre, due giovani ragazzi extracomunitari, uno dei quali residente da parecchi anni a Turi, hanno tentato di sottrarre generi alimentari dall\u2019ipermercato Lidl.<\/p>\n<p style=\"text-align: justify;\">Erano da poco passate le 13.00, l\u2019ora di punta per l\u2019ipermercato turese che, come spesso accade, \u00e8 affollato di avventori intenti a fare le ultime compere della giornata. Approfittando della calca, i due ragazzi hanno cercato di portar via merce varia: si sono recati in cassa dove hanno pagato solo una parte della spesa, occultando tutti gli altri articoli.<\/p>\n<p style=\"text-align: justify;\">Una delle responsabili alla vendita, accortasi delle manovre furtive, ha provveduto a fermarli, invitandoli a mostrare cosa stessero nascondendo. A questo punto, uno dei due ragazzi si \u00e8 dato alla fuga; il secondo, invece, \u00e8 stato prontamente bloccato da Stefano de Carolis, sottufficiale dell\u2019Arma dei Carabinieri, che si trovava per caso nell\u2019ipermercato. Pur essendo fuori sevizio, il militare non ha esitato a intervenire, bloccando il reo e portandolo nell\u2019ufficio dove, in attesa che arrivasse la pattuglia dei Carabinieri, ha eseguito una perquisizione preliminare utile a scongiurare il possesso di armi.<\/p>\n<p style=\"text-align: justify;\">Vistosi alle strette, l\u2019aspirante ladro ha iniziato ad andare in escandescenza e, ricorrendo alla violenza, \u00e8 riuscito a scappare dall\u2019ufficio. De Carolis non si \u00e8 dato per vinto: lo ha rincorso, fermandolo per la seconda volta. Ne \u00e8 nata una violenta colluttazione, che ai tanti presenti \u00e8 sembrata quasi una \u201cscena da film d\u2019azione\u201d, al termine della quale il militare ha avuto la meglio, bloccando definitivamente il ragazzo.<\/p>\n<p style=\"text-align: justify;\">Nel frattempo, \u00e8 giunta la pattuglia dei Carabinieri della Stazione di Turi, guidata dal Comandante Sacchetti, che ha tratto in arresto l\u2019aspirante ladro, conducendolo in Caserma per gli accertamenti di rito. Il ragazzo dovr\u00e0 ora rispondere del reato di rapina impropria, avendo utilizzato la forza per garantirsi il provento del furto. Non si esclude, inoltre, che possa essere imputato anche per resistenza e aggressione a pubblico ufficiale.<\/p>\n<p style=\"text-align: right;\"><em><strong>Foto di repertorio<\/strong><\/em><\/p>\n","protected":false},"excerpt":{"rendered":"<p><img loading=\"lazy\" decoding=\"async\" src=\"https:\/\/live.staticflickr.com\/65535\/48883016057_ee1b4ece01_n.jpg\" alt=\"arresto generica\" width=\"320\" height=\"272\" \/><\/p>\n","protected":false},"author":1,"featured_media":0,"comment_status":"open","ping_status":"closed","sticky":false,"template":"","format":"standard","meta":{"colormag_page_container_layout":"default_layout","colormag_page_sidebar_layout":"default_layout","footnotes":""},"categories":[4],"tags":[],"class_list":["post-16968","post","type-post","status-publish","format-standard","hentry","category-politica"],"_links":{"self":[{"href":"https:\/\/archivioturi.lavocedelpaese.info\/index.php\/wp-json\/wp\/v2\/posts\/16968","targetHints":{"allow":["GET"]}}],"collection":[{"href":"https:\/\/archivioturi.lavocedelpaese.info\/index.php\/wp-json\/wp\/v2\/posts"}],"about":[{"href":"https:\/\/archivioturi.lavocedelpaese.info\/index.php\/wp-json\/wp\/v2\/types\/post"}],"author":[{"embeddable":true,"href":"https:\/\/archivioturi.lavocedelpaese.info\/index.php\/wp-json\/wp\/v2\/users\/1"}],"replies":[{"embeddable":true,"href":"https:\/\/archivioturi.lavocedelpaese.info\/index.php\/wp-json\/wp\/v2\/comments?post=16968"}],"version-history":[{"count":0,"href":"https:\/\/archivioturi.lavocedelpaese.info\/index.php\/wp-json\/wp\/v2\/posts\/16968\/revisions"}],"wp:attachment":[{"href":"https:\/\/archivioturi.lavocedelpaese.info\/index.php\/wp-json\/wp\/v2\/media?parent=16968"}],"wp:term":[{"taxonomy":"category","embeddable":true,"href":"https:\/\/archivioturi.lavocedelpaese.info\/index.php\/wp-json\/wp\/v2\/categories?post=16968"},{"taxonomy":"post_tag","embeddable":true,"href":"https:\/\/archivioturi.lavocedelpaese.info\/index.php\/wp-json\/wp\/v2\/tags?post=16968"}],"curies":[{"name":"wp","href":"https:\/\/api.w.org\/{rel}","templated":true}]}}