{"id":16928,"date":"2019-10-01T07:53:40","date_gmt":"2019-10-01T07:53:40","guid":{"rendered":"https:\/\/archivioturi.lavocedelpaese.info\/index.php\/2019\/10\/01\/uno-scrigno-chiamato-grotta\/"},"modified":"2019-10-01T07:53:40","modified_gmt":"2019-10-01T07:53:40","slug":"uno-scrigno-chiamato-grotta","status":"publish","type":"post","link":"https:\/\/archivioturi.lavocedelpaese.info\/index.php\/2019\/10\/01\/uno-scrigno-chiamato-grotta\/","title":{"rendered":"Uno scrigno chiamato Grotta"},"content":{"rendered":"<p><img loading=\"lazy\" decoding=\"async\" src=\"https:\/\/live.staticflickr.com\/65535\/48806394392_4d2b97ff8f_n.jpg\" alt=\"grotta (6)\" width=\"320\" height=\"213\" \/><\/p>\n<p style=\"text-align: center;\"><strong>Con il Club Unesco una giornata dedicata alla valorizzazione dei beni territoriali<\/strong><\/p>\n<p><img loading=\"lazy\" decoding=\"async\" src=\"https:\/\/live.staticflickr.com\/65535\/48806267641_7b8c309b01_n.jpg\" alt=\"grotta (1)\" style=\"margin: 6px; float: right;\" width=\"320\" height=\"240\" \/><\/p>\n<p style=\"text-align: justify;\">Un lungo pomeriggio incentrato attorno ad uno dei patrimoni storici e naturali della nostra Turi, ancora poco conosciuto, ancora poco echeggiato. Parliamo della Grotta di Sant\u2019Oronzo, meta di tanti \u201cpellegrini\u201d della riscoperta storica nelle giornate dedicate alla valorizzazione dei beni paesaggistici territoriali.<\/p>\n<p style=\"text-align: justify;\">\u00c8 la Grotta di Sant\u2019Oronzo quella che ha ospitato la Giornata europea del patrimonio 2019, iniziativa congiunta del Consiglio d\u2019Europa e della Commissione europea che, a livello europeo, ha unito tante cittadine con l\u2019obiettivo di omaggiare i siti culturali pi\u00f9 rappresentativi. Le Giornate sono state celebrate in tutta Europa il 21 e il 22 settembre e proprio in questa giornata, il club Unesco di Bisceglie in collaborazione con il Comune di Turi assessorato alla Cultura e l\u2019associazione nazionale Bersaglieri sezione di Turi, ha organizzato un evento culturale al fine di promuovere l\u2019educazione alla conservazione, valorizzazione e Promozione del patrimonio artistico monumentale e archeologico della Puglia.<\/p>\n<p><img loading=\"lazy\" decoding=\"async\" src=\"https:\/\/live.staticflickr.com\/65535\/48806266801_5194f2160a_n.jpg\" alt=\"grotta (2)\" style=\"margin: 6px; float: left;\" width=\"320\" height=\"240\" \/><\/p>\n<p style=\"text-align: justify;\">Appuntamento alle 17 presso il Cappellone, la famosa Chiesa di Sant\u2019Oronzo. A dare il benvenuto ai numerosi presenti, l\u2019infaticabile Pina Catino, presidente del Club Unesco di Bisceglie. A precedere la sua apertura, la divertente scenetta musicale interpretata da I Discjadisce \u201cU\u00e8 u\u00e8 ter\u00e8se\u201d.<\/p>\n<p style=\"text-align: justify;\">Un ringraziamento particolare all\u2019impegno di Pina Catino \u00e8 stato rivolto dal Sindaco di Turi, Tina Resta, che ha poi lasciato la parola a don Giovanni Amodio. \u201cQuesto \u00e8 un luogo su cui stiamo puntando molto la nostra attenzione ed il nostro impegno. Un luogo molto amato dai turesi e diventato centrale durante il Giubileo Oronziano &#8211; ha commentato. Il nostro obiettivo per\u00f2 \u00e8 elevarlo a Santuario Diocesano, dotandolo di alcune caratteristiche fondamentali per creare un santuario\u201d.<\/p>\n<p><img loading=\"lazy\" decoding=\"async\" src=\"https:\/\/live.staticflickr.com\/65535\/48805909433_ae6221a3ee_n.jpg\" alt=\"grotta (3)\" style=\"margin: 6px; float: right;\" width=\"320\" height=\"240\" \/>Visibilmente emozionato il presidente dell\u2019Associazione Bersaglieri di Turi, Franco Tria, che ha ricordato l\u2019atto di coraggio e di volont\u00e0 dell\u2019Associazione di prendere l\u2019incarico di gestire della Grotta sin dal 2005. \u201cUn impegno non facile &#8211; ha aggiunto &#8211; ma di cui andiamo fieri considerata la grande affluenza annuale\u201d.<\/p>\n<p style=\"text-align: justify;\">Grotta carsica di grande valore storico, artistico, religioso, uno \u201cscrigno\u201d da raccontare e far conoscere, \u00e8 negli obiettivi del lavoro dell\u2019Assessore alla Cultura dott.ssa Teresa De Carolis, che ha annunciato l\u2019ingresso del sito in un progetto di pi\u00f9 ampio respiro, che lo vede affiancato alle pi\u00f9 note Grotte di Castellana. \u201cAbbiamo avviato un tavolo tecnico per inserire la Grotta di Turi tra le bellezze della Puglia, al pari dei trulli di Alberobello, della Valle d\u2019Itria, di tutti quei luoghi di interesse turistico che parlano della Puglia. Ma la Grotta di Sant\u2019Oronzo \u00e8 anche storia e religione ed \u00e8 per questo che non appena mi fu presentato questo evento, l\u2019ho accolto con grande entusiasmo\u201d.<\/p>\n<p><img loading=\"lazy\" decoding=\"async\" src=\"https:\/\/live.staticflickr.com\/65535\/48806402707_018993fbb6_n.jpg\" alt=\"grotta (4)\" style=\"margin: 6px; float: left;\" width=\"320\" height=\"240\" \/><\/p>\n<p style=\"text-align: justify;\">Quindi gli interventi dei relatori della giornata, dal Presidente dell\u2019Ordine dei Geologi della Puglia dott. Salvatore Valletta, al Presidente Nazionale SIGEA dott. Antonello Fiore, al Presidente AISM Bari dott. Domenico Campana.<\/p>\n<p style=\"text-align: justify;\">\u201cSe non c\u2019\u00e8 conoscenza non ci pu\u00f2 essere valorizzazione\u201d &#8211; \u00e8 stato riferito, puntando l\u2019attenzione sul l\u2019importanza che hanno i giovani nel lavoro di tutori e curatori del patrimonio. \u201cI giovani devono impossessarsi del loro patrimonio artistico e paesaggistico\u201d.<\/p>\n<p><img loading=\"lazy\" decoding=\"async\" src=\"https:\/\/live.staticflickr.com\/65535\/48806401827_2e7c295db0_n.jpg\" alt=\"grotta (5)\" style=\"margin: 6px; float: right;\" width=\"320\" height=\"240\" \/><\/p>\n<p style=\"text-align: justify;\">Ecco che in questo discorso di valorizzazione dei beni territoriali si inseriscono i lavori degli artisti, esposti sempre all\u2019interno della Chiesa. Fotografie, sculture, dipinti, installazioni: racconti di bellezze che parlano di Turi e della nostra terra, presentati con gli occhi di Luigi Vito Manghisi, Piero Giannini, Mino Miale, Assunta Fino, Fabio Zita, Fabio Basile e Daniela Angelillo.<\/p>\n<p style=\"text-align: justify;\">Prima della discesa in Grotta, una parentesi doverosa sul sito che si stava per visitare, permessa dal geologo Fabio Luparelli, che ha appunto descritto le caratteristiche della nostra Grotta carsica, frutto del sapiente lavoro di Madre Natura e dell\u2019acqua che con la sua forza scolpisce la pietra.<\/p>\n<p style=\"text-align: justify;\">\u00c8 con \u201cLa Festa Granne\u201d che si chiude il cerchio dei racconti sul nostro patrimonio naturalistico, poi visionato dai presenti ed ammirato dai nuovi sguardi accompagnati da Alberto Lenato.<\/p>\n<p style=\"text-align: right;\"><strong>Cinzia Debiase<\/strong><\/p>\n<p><img loading=\"lazy\" decoding=\"async\" src=\"https:\/\/live.staticflickr.com\/65535\/48806263711_be9d32da8a.jpg\" alt=\"grotta (7)\" style=\"display: block; margin-left: auto; margin-right: auto;\" width=\"500\" height=\"242\" \/><\/p>\n<p><img loading=\"lazy\" decoding=\"async\" src=\"https:\/\/live.staticflickr.com\/65535\/48806392527_7f5cb118cb.jpg\" alt=\"grotta (8)\" style=\"display: block; margin-left: auto; margin-right: auto;\" width=\"500\" height=\"375\" \/><\/p>\n<p style=\"text-align: center;\"><img loading=\"lazy\" decoding=\"async\" src=\"https:\/\/live.staticflickr.com\/65535\/48806394287_1287e026b4.jpg\" alt=\"grotta 10 (1)\" width=\"500\" height=\"375\" \/><\/p>\n<p style=\"text-align: center;\"><img loading=\"lazy\" decoding=\"async\" src=\"https:\/\/live.staticflickr.com\/65535\/48806258191_4c3d8e71d6.jpg\" alt=\"grotta 10 (2)\" width=\"500\" height=\"375\" \/><\/p>\n<p style=\"text-align: center;\"><img loading=\"lazy\" decoding=\"async\" src=\"https:\/\/live.staticflickr.com\/65535\/48806256971_d48828dffc.jpg\" alt=\"grotta 10 (3)\" width=\"500\" height=\"375\" \/><\/p>\n","protected":false},"excerpt":{"rendered":"<p><img loading=\"lazy\" decoding=\"async\" src=\"https:\/\/live.staticflickr.com\/65535\/48806394392_4d2b97ff8f_n.jpg\" alt=\"grotta (6)\" width=\"320\" height=\"213\" \/><\/p>\n","protected":false},"author":1,"featured_media":0,"comment_status":"open","ping_status":"closed","sticky":false,"template":"","format":"standard","meta":{"colormag_page_container_layout":"default_layout","colormag_page_sidebar_layout":"default_layout","footnotes":""},"categories":[6],"tags":[],"class_list":["post-16928","post","type-post","status-publish","format-standard","hentry","category-cultura"],"_links":{"self":[{"href":"https:\/\/archivioturi.lavocedelpaese.info\/index.php\/wp-json\/wp\/v2\/posts\/16928","targetHints":{"allow":["GET"]}}],"collection":[{"href":"https:\/\/archivioturi.lavocedelpaese.info\/index.php\/wp-json\/wp\/v2\/posts"}],"about":[{"href":"https:\/\/archivioturi.lavocedelpaese.info\/index.php\/wp-json\/wp\/v2\/types\/post"}],"author":[{"embeddable":true,"href":"https:\/\/archivioturi.lavocedelpaese.info\/index.php\/wp-json\/wp\/v2\/users\/1"}],"replies":[{"embeddable":true,"href":"https:\/\/archivioturi.lavocedelpaese.info\/index.php\/wp-json\/wp\/v2\/comments?post=16928"}],"version-history":[{"count":0,"href":"https:\/\/archivioturi.lavocedelpaese.info\/index.php\/wp-json\/wp\/v2\/posts\/16928\/revisions"}],"wp:attachment":[{"href":"https:\/\/archivioturi.lavocedelpaese.info\/index.php\/wp-json\/wp\/v2\/media?parent=16928"}],"wp:term":[{"taxonomy":"category","embeddable":true,"href":"https:\/\/archivioturi.lavocedelpaese.info\/index.php\/wp-json\/wp\/v2\/categories?post=16928"},{"taxonomy":"post_tag","embeddable":true,"href":"https:\/\/archivioturi.lavocedelpaese.info\/index.php\/wp-json\/wp\/v2\/tags?post=16928"}],"curies":[{"name":"wp","href":"https:\/\/api.w.org\/{rel}","templated":true}]}}