{"id":16921,"date":"2019-09-29T06:33:15","date_gmt":"2019-09-29T06:33:15","guid":{"rendered":"https:\/\/archivioturi.lavocedelpaese.info\/index.php\/2019\/09\/29\/ivana-cazzetta-indossera-la-fascia-da-capitano\/"},"modified":"2019-09-29T06:33:15","modified_gmt":"2019-09-29T06:33:15","slug":"ivana-cazzetta-indossera-la-fascia-da-capitano","status":"publish","type":"post","link":"https:\/\/archivioturi.lavocedelpaese.info\/index.php\/2019\/09\/29\/ivana-cazzetta-indossera-la-fascia-da-capitano\/","title":{"rendered":"Ivana Cazzetta indosser\u00e0 la fascia da capitano"},"content":{"rendered":"<p><img loading=\"lazy\" decoding=\"async\" src=\"https:\/\/live.staticflickr.com\/65535\/48806094411_01830393c3_n.jpg\" alt=\"santissimo\" width=\"320\" height=\"140\" \/><\/p>\n<p style=\"text-align: center;\"><strong>Nel roster a disposizione di mister Losito riconfermate anche Sicoli, Coppi, Ritoli, Giannico e Pernice<\/strong><\/p>\n<p style=\"text-align: justify;\">Dopo aver annunciato Pasquale Losito quale nuovo allenatore per la stagione ormai alle porte, \u00e8 tempo di conferme in casa Asd Revolution Turi.<\/p>\n<p style=\"text-align: justify;\">Si inizia con Ivana Cazzetta, classe \u201996, individuata come nuovo capitano della squadra femminile del Turi. La scorsa stagione non \u00e8 stata per lei delle pi\u00f9 fortunate: durante la quinta giornata di campionato, in occasione del match contro l\u2019Ostuni, la giovane pallavolista ha riportato un infortunio al ginocchio, per il quale ha dovuto sottoporsi ad un delicato intervento chirurgico e a sei mesi di riabilitazione. Ora \u00e8 pronta per il grande rientro nel ruolo di schiacciatrice, posizione che ha ricoperto agli albori del settore giovanile. Dopo alcune annate disputate con la maglia del libero, la giovane capitana faceva il suo esordio in B2 nel torneo 2013-14: gi\u00e0 all\u2019epoca, i dirigenti del Turi decisero di affidare ad Ivana il ruolo di guida nello spogliatoio, assegnandole la fascia di capitano; l\u2019esperienza e la voglia di rivalsa ci sono tutte.<\/p>\n<p style=\"text-align: justify;\">La seconda riconferma in casa Turi \u00e8 Aurora Sicoli, classe \u201997, originaria di Sammichele ma turese di adozione, premiata per una aver messo a referto una stagione in crescendo: dopo l\u2019inizio altalenante, l\u2019opposto de \u201cIl Santissimo\u201d ha ottenuto, nella seconda parte del campionato, il posto da titolare, lasciando inoltre intravedere importanti margini di crescita per il futuro.<\/p>\n<p style=\"text-align: justify;\">Per la stagione 2019\/20 vestir\u00e0 bianco-azzurro anche Sofia Coppi, classe 2002. La preziosa schiacciatrice avr\u00e0 la possibilit\u00e0 di proseguire il percorso di crescita avviato nelle ultime annate, con le esperienze nel settore giovanile e nella selezione under 16 del Volley a Sud Est: sar\u00e0 il suo terzo anno in prima squadra, dopo l\u2019ottimo esordio in serie D nel torneo passato.<\/p>\n<p style=\"text-align: justify;\">Nel blocco delle palleggiatrici, ritroviamo invece Roberta Ritoli, classe 2000: cresciuta nel settore giovanile turese, anche per lei lo scorso anno c\u2019\u00e8 stata l\u2019emozione di militare in serie D, subentrando spesso dalla panchina e collezionando svariate presenze. Riconfermata anche Elena Giannico, classe 2001, la sorpresa in positivo della passata annata, brava nello sfruttare le problematiche fisiche di alcune schiacciatrici titolari, finendo per essere protagonista per larga parte del girone di ritorno. Chiude il roster a disposizione di mister Losito, Miriana Pernice, classe 2002. E\u2019 vero, qualche acciacco fisico di troppo ha rallentato il suo processo di crescita, ma con la sua versatilit\u00e0 vuole tornare in campo, non giocando pi\u00f9 dal centro e passando al ruolo di martello.<\/p>\n<p style=\"text-align: right;\"><strong>LEONARDO FLORIO<\/strong><\/p>\n","protected":false},"excerpt":{"rendered":"<p><img loading=\"lazy\" decoding=\"async\" src=\"https:\/\/live.staticflickr.com\/65535\/48806094411_01830393c3_n.jpg\" alt=\"santissimo\" width=\"320\" height=\"140\" \/><\/p>\n","protected":false},"author":1,"featured_media":0,"comment_status":"open","ping_status":"closed","sticky":false,"template":"","format":"standard","meta":{"colormag_page_container_layout":"default_layout","colormag_page_sidebar_layout":"default_layout","footnotes":""},"categories":[5],"tags":[],"class_list":["post-16921","post","type-post","status-publish","format-standard","hentry","category-sport"],"_links":{"self":[{"href":"https:\/\/archivioturi.lavocedelpaese.info\/index.php\/wp-json\/wp\/v2\/posts\/16921","targetHints":{"allow":["GET"]}}],"collection":[{"href":"https:\/\/archivioturi.lavocedelpaese.info\/index.php\/wp-json\/wp\/v2\/posts"}],"about":[{"href":"https:\/\/archivioturi.lavocedelpaese.info\/index.php\/wp-json\/wp\/v2\/types\/post"}],"author":[{"embeddable":true,"href":"https:\/\/archivioturi.lavocedelpaese.info\/index.php\/wp-json\/wp\/v2\/users\/1"}],"replies":[{"embeddable":true,"href":"https:\/\/archivioturi.lavocedelpaese.info\/index.php\/wp-json\/wp\/v2\/comments?post=16921"}],"version-history":[{"count":0,"href":"https:\/\/archivioturi.lavocedelpaese.info\/index.php\/wp-json\/wp\/v2\/posts\/16921\/revisions"}],"wp:attachment":[{"href":"https:\/\/archivioturi.lavocedelpaese.info\/index.php\/wp-json\/wp\/v2\/media?parent=16921"}],"wp:term":[{"taxonomy":"category","embeddable":true,"href":"https:\/\/archivioturi.lavocedelpaese.info\/index.php\/wp-json\/wp\/v2\/categories?post=16921"},{"taxonomy":"post_tag","embeddable":true,"href":"https:\/\/archivioturi.lavocedelpaese.info\/index.php\/wp-json\/wp\/v2\/tags?post=16921"}],"curies":[{"name":"wp","href":"https:\/\/api.w.org\/{rel}","templated":true}]}}