{"id":16919,"date":"2019-09-28T09:02:43","date_gmt":"2019-09-28T09:02:43","guid":{"rendered":"https:\/\/archivioturi.lavocedelpaese.info\/index.php\/2019\/09\/28\/lautunno-inizia-col-botto-per-la-dangela-sport\/"},"modified":"2019-09-28T09:02:43","modified_gmt":"2019-09-28T09:02:43","slug":"lautunno-inizia-col-botto-per-la-dangela-sport","status":"publish","type":"post","link":"https:\/\/archivioturi.lavocedelpaese.info\/index.php\/2019\/09\/28\/lautunno-inizia-col-botto-per-la-dangela-sport\/","title":{"rendered":"L\u2019autunno inizia col \u2018botto\u2019 per la D\u2019Angela Sport"},"content":{"rendered":"<p><img loading=\"lazy\" decoding=\"async\" src=\"https:\/\/live.staticflickr.com\/65535\/48805699318_a8b3509c13_n.jpg\" alt=\"d'angela sport (1)\" width=\"320\" height=\"276\" \/><\/p>\n<p style=\"text-align: center;\"><strong>Bianco sfida i boschi della Valle d\u2019Itria e guadagna l\u2019argento. Patrizia Pricci sfiora il podio a Putignano<\/strong><\/p>\n<p style=\"text-align: justify;\">Inizio di autunno con il \u201cbotto\u201d per la D\u2019Angela Sport del presidente Silvano D\u2019Angela. Sabato 21 settembre, la punta di diamante Gianpiero Bianco ha preso parte al \u201cTrail della Masseria\u201d, competizione di circa 10 km con partenza e arrivo nella splendida cornice della Masseria Papaperta, organizzata dalla societ\u00e0 sportiva dell\u2019Atletica Castellana Freedogs.<\/p>\n<p style=\"text-align: justify;\">Una corsa immersa nei boschi della suggestiva Valle d\u2019Itria, con tratti percorsi sterrati, campestri e collinari. Tutto attorno la macchia mediterranea e sotto le scarpe un dislivello positivo di 250 metri con pendenze, in alcuni tratti, anche del 35%.<\/p>\n<p style=\"text-align: justify;\">Raduno fissato per le ore 15,30 e start programmato per le 17. La prima parte della gara, quella che si inoltra in territorio di Noci e sfiora la Chiesa di Santa Maria di Barsento, ha visto gli atleti impegnati a superare due salite: 300 metri di ascesa, con pendenza fino all&#8217;11%, al km 2 e circa 700 metri di ascesa al km 3. Discese e tanti boschi sono state le costanti della seconda parte del percorso, segnata anche da un lungo un sentiero rettilineo di circa 1 km. Nel finale, tanti cambi di direzione e un&#8217;ultima salitella per entrare e uscire dal boschetto attiguo a Papaperta: due km di verde e natura e 200 metri conclusivi di sentiero verso la Masseria e il traguardo.<\/p>\n<p style=\"text-align: justify;\">Ad aggiudicarsi la vittoria \u00e8 stato Rodolfo Guastamacchia, che sin dallo start ha preso posizione in vetta, allungando le distanze dagli avversari km per km. Gianpiero Bianco ha conquistato la seconda posizione, staccando il terzo di oltre un minuto e di soli 45 secondi il vincitore.<\/p>\n<p style=\"text-align: justify;\">\u00abUna gara davvero formidabile in tutto \u2013 ammette Bianco \u2013 organizzata alla perfezione e sicuramente da ripetere. Altra nota di merito \u00e8 che il Trail, come gi\u00e0 successo per le scorse edizioni, anche quest\u2019anno ha aderito alla campagna \u201cIo non getto i miei rifiuti\u201d di Spirito Trail, responsabilizzando gli atleti a non disperdere qualsiasi tipo di rifiuto lungo tutto il percorso\u00bb.<\/p>\n<p style=\"text-align: justify;\">\u00abL\u2019unica nota stonata della giornata \u2013 aggiunte il testimonial Diadora \u2013 \u00e8 stato un infortunio, accusato a met\u00e0 gara, che mi ha costretto a correre in sofferenza fino al traguardo. Ho scelto di non fermarmi, visto che il secondo posto era gi\u00e0 confermato, per cui ho stretto i denti e ho proseguito, aggravando un po\u2019 la situazione. Ma alla fine ne \u00e8 valsa la pena.<\/p>\n<p style=\"text-align: justify;\">Terminata la corsa, ho preso subito le giuste precauzioni per guarire, anche perch\u00e9 questo weekend parteciper\u00f2 a un evento unico: il Campionato Mondiale di Corsa in Montagna Master in programma a Gagliano del Capo. Una tipologia di gara dove ovviamente non ho una preparazione; comunque sia, prover\u00f2 a farmi valere, sperando di arrivare al traguardo tutto un pezzo data la pericolosit\u00e0 del percorso. Purtroppo, a malincuore salter\u00f2 la gara che si terr\u00e0 a Turi il giorno successivo: non sarei assolutamente in condizioni di correre\u00bb.<\/p>\n<p><img loading=\"lazy\" decoding=\"async\" src=\"https:\/\/live.staticflickr.com\/65535\/48805698923_919e7cf72a_n.jpg\" alt=\"d'angela sport (2)\" style=\"margin: 6px; float: right;\" width=\"320\" height=\"241\" \/><\/p>\n<p style=\"text-align: justify;\">Domenica 22 settembre, invece, Patrizia Pricci, ha \u201cgiocato in casa\u201d correndo la \u201cPutignano on the Road\u201d, competizione di 10 km valida come tappa del Corripuglia, organizzata dalla Nadir On The Road.<\/p>\n<p style=\"text-align: justify;\">Nonostante la presenza di circa 1200 atleti, l\u2019atleta della D\u2019Angela Sport \u00e8 riuscita a completare la gara in 43,55 minuti, posizionandosi sesta di categoria a un passo dal podio.<\/p>\n<p style=\"text-align: justify;\">Un risultato che soddisfa pienamente la societ\u00e0, in considerazione dell\u2019ottima prestazione della Pricci, che si \u00e8 misurata con un percorso particolarmente difficoltoso e con l\u2019emozione di gareggiare nella propria citt\u00e0 natale.<\/p>\n","protected":false},"excerpt":{"rendered":"<p><img loading=\"lazy\" decoding=\"async\" src=\"https:\/\/live.staticflickr.com\/65535\/48805699318_a8b3509c13_n.jpg\" alt=\"d'angela sport (1)\" width=\"320\" height=\"276\" \/><\/p>\n","protected":false},"author":1,"featured_media":0,"comment_status":"open","ping_status":"closed","sticky":false,"template":"","format":"standard","meta":{"colormag_page_container_layout":"default_layout","colormag_page_sidebar_layout":"default_layout","footnotes":""},"categories":[5],"tags":[],"class_list":["post-16919","post","type-post","status-publish","format-standard","hentry","category-sport"],"_links":{"self":[{"href":"https:\/\/archivioturi.lavocedelpaese.info\/index.php\/wp-json\/wp\/v2\/posts\/16919","targetHints":{"allow":["GET"]}}],"collection":[{"href":"https:\/\/archivioturi.lavocedelpaese.info\/index.php\/wp-json\/wp\/v2\/posts"}],"about":[{"href":"https:\/\/archivioturi.lavocedelpaese.info\/index.php\/wp-json\/wp\/v2\/types\/post"}],"author":[{"embeddable":true,"href":"https:\/\/archivioturi.lavocedelpaese.info\/index.php\/wp-json\/wp\/v2\/users\/1"}],"replies":[{"embeddable":true,"href":"https:\/\/archivioturi.lavocedelpaese.info\/index.php\/wp-json\/wp\/v2\/comments?post=16919"}],"version-history":[{"count":0,"href":"https:\/\/archivioturi.lavocedelpaese.info\/index.php\/wp-json\/wp\/v2\/posts\/16919\/revisions"}],"wp:attachment":[{"href":"https:\/\/archivioturi.lavocedelpaese.info\/index.php\/wp-json\/wp\/v2\/media?parent=16919"}],"wp:term":[{"taxonomy":"category","embeddable":true,"href":"https:\/\/archivioturi.lavocedelpaese.info\/index.php\/wp-json\/wp\/v2\/categories?post=16919"},{"taxonomy":"post_tag","embeddable":true,"href":"https:\/\/archivioturi.lavocedelpaese.info\/index.php\/wp-json\/wp\/v2\/tags?post=16919"}],"curies":[{"name":"wp","href":"https:\/\/api.w.org\/{rel}","templated":true}]}}