{"id":16911,"date":"2019-09-24T14:07:46","date_gmt":"2019-09-24T14:07:46","guid":{"rendered":"https:\/\/archivioturi.lavocedelpaese.info\/index.php\/2019\/09\/24\/a-maria-pia-piscitelli-il-premio-belcanto\/"},"modified":"2019-09-24T14:07:46","modified_gmt":"2019-09-24T14:07:46","slug":"a-maria-pia-piscitelli-il-premio-belcanto","status":"publish","type":"post","link":"https:\/\/archivioturi.lavocedelpaese.info\/index.php\/2019\/09\/24\/a-maria-pia-piscitelli-il-premio-belcanto\/","title":{"rendered":"A Maria Pia Piscitelli il premio Belcanto"},"content":{"rendered":"<p><img loading=\"lazy\" decoding=\"async\" src=\"https:\/\/live.staticflickr.com\/65535\/48766706151_244aa922b0_n.jpg\" alt=\"belcanto (6)\" width=\"320\" height=\"213\" \/><\/p>\n<p style=\"text-align: center;\"><strong>Nono successo per il Festival dell&#8217;Accademia \u201cChi \u00e8 di scena!?\u201d. <\/strong><br \/><strong>A breve a Rimini alla Fiera del turismo<\/strong><\/p>\n<p style=\"text-align: justify;\">\u00c8 tornato sabato 14 settembre in abiti eleganti, con lustrini, luci e grandi applausi, la IX edizione del Festival del Belcanto, il gal\u00e0 lirico che ormai da anni porta a Turi i nomi e le voci pi\u00f9 importanti del panorama artistico e lirico della Puglia nel mondo. Li ospita la nostra terra, dove la pietra antica, gli archi e le viuzze del centro storico creano un contenitore perfetto per l\u2019acustica e permette a tanti di sedere, per una serata, in un teatro sotto le stelle.<\/p>\n<p><img loading=\"lazy\" decoding=\"async\" src=\"https:\/\/live.staticflickr.com\/65535\/48766710906_f93e7d03cf_n.jpg\" alt=\"belcanto (1)\" style=\"margin: 6px; float: right;\" width=\"320\" height=\"213\" \/><\/p>\n<p style=\"text-align: justify;\">\u00c8 la piazzetta Antico Ospedale, ancora una volta su volont\u00e0 dell\u2019ideatore del Festival, il M. Ferdinando Redavid, ad accogliere l\u2019Orchestra Sinfonica del Levante, diretta appunto dal Maestro Redavid, che ha suonato le composizioni tra le pi\u00f9 belle e amate dell\u2019opera lirica. Dall\u2019Overture \u201cNozze di Figaro\u201d di Mozart, al \u201cWalter\u201d di Tchaikovsky, continuando con \u201cIntermezzo\u201d della Carmen di Bizet, al \u201cVissi d\u2019arte\u201d della Tosca di Puccini. Ma lo splendore della serata, si \u00e8 respirato con le note di Bellini, che hanno fatto riecheggiare e vibrare i presenti assorti nella meravigliosa voce della Soprano Maria Pia Piscitelli, accompagnata in alcune interpretazioni, dalla soprano Marcella Diviggiano.<\/p>\n<p><img loading=\"lazy\" decoding=\"async\" src=\"https:\/\/live.staticflickr.com\/65535\/48766911097_cf827de679_n.jpg\" alt=\"belcanto (3)\" style=\"margin: 6px; float: left;\" width=\"320\" height=\"213\" \/><\/p>\n<p style=\"text-align: justify;\">Ma un Festival del Belcanto non pu\u00f2 essere tale se non avvicina i \u201ccomuni uditori\u201d alle liriche che i maestri portano in scena. Ed \u00e8 grazie alla giornalista e conduttrice Maria Liuzzi che il pubblico \u00e8 accompagnato all\u2019ascolto, lasciandosi catturare dal liet motiv della serata. \u00c8 un incontro di passioni quella che scaturisce nella piazza Antico ospedale dove gli applausi hanno unito il primo al secondo tempo, dove il palcoscenico ha dato luce a chi ha contributo alla realizzazione della serata organizzata dall&#8217;Accademia &#8220;Chi \u00e8 di scena!?&#8221; di Turi, con la collaborazione preziosa dell&#8217;Amministrazione Comunale, della Regione Puglia, della Nuova Pro Loco e l&#8217;Orchestra di Dubrovnik.<\/p>\n<p><img loading=\"lazy\" decoding=\"async\" src=\"https:\/\/live.staticflickr.com\/65535\/48766371533_8d369b639f_n.jpg\" alt=\"belcanto damiano (1)\" style=\"margin: 6px; float: right;\" width=\"320\" height=\"214\" \/><\/p>\n<p style=\"text-align: justify;\">Una grande serata che ha aperto solo una breccia sulle melodie di epoche che furono e saranno, fuse per conferire sogni emozionali ai tanti ascoltatori, esperti o semplici appassionati di musica classica, giunti da ogni parte della provincia, dimostrando che la passione, mista a professionalit\u00e0 e organizzazione, sanno offrire spettacoli pubblici di ampio spessore artistico.<\/p>\n<p style=\"text-align: justify;\">Doveroso, dopo gli interventi di elogio per l&#8217;ottima qualit\u00e0 dimostrata durante il Festival e la vetrina artistica offerta al paese, i ringraziamenti del Maestro Redavid &#8220;all\u2019Amministrazione Comunale, agli Sponsor, senza i quali non ci sarebbe stato nulla, a Fabio Basile per la realizzazione del premio del Belcanto, a Tina Resta, sindaco del Comune di Turi, all\u2019Assessore alle attivit\u00e0 culturali, Teresa De Carolis, ai sindaci e rappresentanti dei Comuni limitrofi giunti per la serata. Ringrazio, inoltre, il Fioraio Orchidea per l&#8217;allestimento del palco\u201d.<\/p>\n<p><img loading=\"lazy\" decoding=\"async\" src=\"https:\/\/live.staticflickr.com\/65535\/48766374738_ee9b0b6c01_n.jpg\" alt=\"belcanto (5)\" style=\"margin: 6px; float: left;\" width=\"320\" height=\"213\" \/><\/p>\n<p style=\"text-align: justify;\">Un grande applauso ha quindi accompagnato la premiazione del Soprano Maria Pia Piscitelli, nata a Giovinazzo e apprezzata nei pi\u00f9 grandi teatri del mondo, tra cui San Francisco Opera, Vienna, Buenos Aires, Barcellona, Berlino e tanti altri.<\/p>\n<p style=\"text-align: justify;\">\u201cIl nostro obiettivo &#8211; commentava l\u2019Assessore De Carolis in conferenza stampa lo scorso 12 settembre &#8211; \u00e8 portare il Festival del Belcanto verso nuovi e pi\u00f9 ampi orizzonti. Il nostro Comune parteciper\u00e0 alla Fiera del Turismo i prossimi 7-11 ottobre. Per l\u2019occasione stiamo preparando del materiale turistico sulla nostra cittadina e appunto inseriremo il Festival come uno dei momenti di prestigio del nostro paese\u201d. Al fianco della Grotta di Sant\u2019Oronzo, della Sagra della Ciliegia Ferrovia, dei prodotti tipici turesi, il Festival parler\u00e0 di Turi, proprio per la sua unicit\u00e0 e valore artistico.<\/p>\n<p><img loading=\"lazy\" decoding=\"async\" src=\"https:\/\/live.staticflickr.com\/65535\/48766910077_7d9f2274af_n.jpg\" alt=\"belcanto (4)\" style=\"margin: 6px; float: right;\" width=\"320\" height=\"213\" \/><\/p>\n<p style=\"text-align: justify;\">\u201cIn questi anni ho sempre apprezzato la professionalit\u00e0 di Ferdinando Redavid &#8211; ha quindi aggiunto Tina Resta &#8211; conosco i suoi sacrifici e conosco il grande impegno che indirizza verso non solo la sua Accademia, ma verso tutto quello che fa e realizza per i ragazzi. Tutti e tanti sanno fare cose in maniera approssimata, in pochi fanno cose con impegno e professionalit\u00e0. Il suo lavoro andrebbe maggiormente valutato e gratificato e lui rappresenta uno dei tanti professionisti ancora poco capiti nella sua terra, ma tanto apprezzato al di fuori\u201d. Sta infatti per partire in Croazia, il Maestro Redavid, dove diriger\u00e0 l\u2019orchestra nel teatro di Dubrovnik nel \u201cTrio in scena?!\u201d, preparando per\u00f2 le basi per un prossimo concerto orchestrale in Polonia per il prossimo periodo natalizio. Torna per\u00f2 a Turi, a quella terra che gli ha dato i natali, il direttore Ferdinando Redavid, porgendo un ringraziamento sincero agli sponsor, all\u2019amministrazione comunale con la quale si sta avviando, come annunciato, una progettualit\u00e0 intorno al Festival del Belcanto che, ricordiamo, premia artisti pugliesi e meridionali acclamati nei teatri mondiali.<\/p>\n<p style=\"text-align: justify;\">\u201cQuest\u2019anno, grazie alla concertazione di sponsor e un piccolo contributo regionale (Cuore di Banda), che ci auguriamo possa crescere &#8211; ha aggiunto l\u2019Assessore De Carolis &#8211; il Festival \u00e8 tornato ad offrire una musica di qualit\u00e0 in una piazza cittadina. Mi auguro che nei prossimi anni si possa estendere anche a pi\u00f9 giorni, portando corsi, masterclass, laboratori raccontando la musica lirica a chi lo desiderasse, con l\u2019obiettivo, per\u00f2, di avvicinare i giovani a una nuova e diversa forma artistica ancora poco apprezzata\u201d.<\/p>\n<p style=\"text-align: right;\"><strong>Cinzia Debiase<\/strong><\/p>\n","protected":false},"excerpt":{"rendered":"<p><img loading=\"lazy\" decoding=\"async\" src=\"https:\/\/live.staticflickr.com\/65535\/48766706151_244aa922b0_n.jpg\" alt=\"belcanto (6)\" width=\"320\" height=\"213\" \/><\/p>\n","protected":false},"author":1,"featured_media":0,"comment_status":"open","ping_status":"closed","sticky":false,"template":"","format":"standard","meta":{"colormag_page_container_layout":"default_layout","colormag_page_sidebar_layout":"default_layout","footnotes":""},"categories":[6],"tags":[],"class_list":["post-16911","post","type-post","status-publish","format-standard","hentry","category-cultura"],"_links":{"self":[{"href":"https:\/\/archivioturi.lavocedelpaese.info\/index.php\/wp-json\/wp\/v2\/posts\/16911","targetHints":{"allow":["GET"]}}],"collection":[{"href":"https:\/\/archivioturi.lavocedelpaese.info\/index.php\/wp-json\/wp\/v2\/posts"}],"about":[{"href":"https:\/\/archivioturi.lavocedelpaese.info\/index.php\/wp-json\/wp\/v2\/types\/post"}],"author":[{"embeddable":true,"href":"https:\/\/archivioturi.lavocedelpaese.info\/index.php\/wp-json\/wp\/v2\/users\/1"}],"replies":[{"embeddable":true,"href":"https:\/\/archivioturi.lavocedelpaese.info\/index.php\/wp-json\/wp\/v2\/comments?post=16911"}],"version-history":[{"count":0,"href":"https:\/\/archivioturi.lavocedelpaese.info\/index.php\/wp-json\/wp\/v2\/posts\/16911\/revisions"}],"wp:attachment":[{"href":"https:\/\/archivioturi.lavocedelpaese.info\/index.php\/wp-json\/wp\/v2\/media?parent=16911"}],"wp:term":[{"taxonomy":"category","embeddable":true,"href":"https:\/\/archivioturi.lavocedelpaese.info\/index.php\/wp-json\/wp\/v2\/categories?post=16911"},{"taxonomy":"post_tag","embeddable":true,"href":"https:\/\/archivioturi.lavocedelpaese.info\/index.php\/wp-json\/wp\/v2\/tags?post=16911"}],"curies":[{"name":"wp","href":"https:\/\/api.w.org\/{rel}","templated":true}]}}