{"id":16907,"date":"2019-09-23T13:38:49","date_gmt":"2019-09-23T13:38:49","guid":{"rendered":"https:\/\/archivioturi.lavocedelpaese.info\/index.php\/2019\/09\/23\/buon-anno-scolastico-al-pertini\/"},"modified":"2019-09-23T13:38:49","modified_gmt":"2019-09-23T13:38:49","slug":"buon-anno-scolastico-al-pertini","status":"publish","type":"post","link":"https:\/\/archivioturi.lavocedelpaese.info\/index.php\/2019\/09\/23\/buon-anno-scolastico-al-pertini\/","title":{"rendered":"Buon anno scolastico al Pertini"},"content":{"rendered":"<p><img loading=\"lazy\" decoding=\"async\" src=\"https:\/\/live.staticflickr.com\/65535\/48766676866_3d8173da6d_n.jpg\" alt=\"ites turi inizio anno  (1)\" width=\"320\" height=\"240\" \/><\/p>\n<p style=\"text-align: center;\"><strong>L&#8217;accoglienza della Dirigente Caldararo<\/strong><\/p>\n<p style=\"text-align: justify;\">La prima campanella ha preso a suonare. Il primo \u201cBenvenuto\u201d ai suoi studenti \u00e8 presto arrivato. Alle 9.30 di luned\u00ec 16 settembre la \u201cMaestra Giusy\u201d si presenta alla comunit\u00e0 dell\u2019IISS \u201cPertini Anelli\u201d nella veste della nuova Dirigente Scolastica.<\/p>\n<p><img loading=\"lazy\" decoding=\"async\" src=\"https:\/\/live.staticflickr.com\/65535\/48766343858_2b7bf134e7_n.jpg\" alt=\"ites turi inizio anno  (2)\" style=\"margin: 6px; float: right;\" width=\"240\" height=\"320\" \/><\/p>\n<p style=\"text-align: justify;\">Accolta con un profondo applauso dal corpo docente e dai nuovi studenti dell\u2019istituto turese, nella cerimonia di inaugurazione del nuovo anno scolastico 2019\/2020, la preside Giusy Caldararo abbraccia calorosamente la sua nuova famiglia professionale.<\/p>\n<p style=\"text-align: justify;\">Poche e chiare parole per definire il suo intento di lavorare per far crescere il valore della scuola superiore turese. Fresca di nomina dopo il superamento del concorso per Dirigenti Scolastici, Giusy Caldararo, presentata dalla neo nominata vice preside, prof.ssa Pia Impedovo, ha messo da parte l&#8217;emozione del momento, l&#8217;emozione di trovarsi preside dell&#8217;istituto che ha formato suo figlio ed ha accolto i suoi nuovi figli, un po&#8217; timorosi per la nuova realt\u00e0, cos\u00ec grande e cos\u00ec diversa, che li accompagner\u00e0 per i prossimi anni.<\/p>\n<p style=\"text-align: justify;\">\u00c8 annunciata una progettualit\u00e0 che coinvolger\u00e0 le realt\u00e0 scolastiche turesi, perch\u00e9 obiettivo della Dirigente Caldararo \u00e8 creare un nodo scuola &#8211; territorio, scuola &#8211; realt\u00e0 sociale. Ecco che in tutto questo, fondamentale \u00e8 il sostegno e il lavoro di squadra, con l&#8217;Istituto Comprensivo, nella persona della sua dirigente, prof.ssa Patrizia Savino, oltre che con lo stesso Comune di Turi, con il Sindaco Tina Resta.<\/p>\n<p style=\"text-align: justify;\">\u00c8 un augurio a non lasciarsi sfuggire le opportunit\u00e0 che gli anni di studio offriranno, \u00e8 un invito a godersi le amicizie migliori e i rapporti pi\u00f9 forti che nei prossimi anni si stringeranno, quello che ha suggerito il consigliere Leo Girolamo, ex studente dello stesso istituto.<\/p>\n<p style=\"text-align: justify;\">Espressioni di sostegno sono poi giunte da ex studenti, diplomati pochi mesi fa, in procinto di percorrere le nuove vie della vita, gi\u00e0 consapevoli di quello che la realt\u00e0 richiede, grazie alle tante esperienze di alternanza scuola-lavoro avute nel corso del passato triennio.<\/p>\n<p style=\"text-align: justify;\">Ecco che rapidamente \u00e8 arrivato il momento pi\u00f9 atteso dalle famiglie e dai ragazzi e, nominando i nuovi iscritti, sono state composte le classi. Buon anno scolastico a tutti.<\/p>\n<p style=\"text-align: right;\"><strong>C.D.<\/strong><\/p>\n","protected":false},"excerpt":{"rendered":"<p><img loading=\"lazy\" decoding=\"async\" src=\"https:\/\/live.staticflickr.com\/65535\/48766676866_3d8173da6d_n.jpg\" alt=\"ites turi inizio anno  (1)\" width=\"320\" height=\"240\" \/><\/p>\n","protected":false},"author":1,"featured_media":0,"comment_status":"open","ping_status":"closed","sticky":false,"template":"","format":"standard","meta":{"colormag_page_container_layout":"default_layout","colormag_page_sidebar_layout":"default_layout","footnotes":""},"categories":[7],"tags":[],"class_list":["post-16907","post","type-post","status-publish","format-standard","hentry","category-attualita"],"_links":{"self":[{"href":"https:\/\/archivioturi.lavocedelpaese.info\/index.php\/wp-json\/wp\/v2\/posts\/16907","targetHints":{"allow":["GET"]}}],"collection":[{"href":"https:\/\/archivioturi.lavocedelpaese.info\/index.php\/wp-json\/wp\/v2\/posts"}],"about":[{"href":"https:\/\/archivioturi.lavocedelpaese.info\/index.php\/wp-json\/wp\/v2\/types\/post"}],"author":[{"embeddable":true,"href":"https:\/\/archivioturi.lavocedelpaese.info\/index.php\/wp-json\/wp\/v2\/users\/1"}],"replies":[{"embeddable":true,"href":"https:\/\/archivioturi.lavocedelpaese.info\/index.php\/wp-json\/wp\/v2\/comments?post=16907"}],"version-history":[{"count":0,"href":"https:\/\/archivioturi.lavocedelpaese.info\/index.php\/wp-json\/wp\/v2\/posts\/16907\/revisions"}],"wp:attachment":[{"href":"https:\/\/archivioturi.lavocedelpaese.info\/index.php\/wp-json\/wp\/v2\/media?parent=16907"}],"wp:term":[{"taxonomy":"category","embeddable":true,"href":"https:\/\/archivioturi.lavocedelpaese.info\/index.php\/wp-json\/wp\/v2\/categories?post=16907"},{"taxonomy":"post_tag","embeddable":true,"href":"https:\/\/archivioturi.lavocedelpaese.info\/index.php\/wp-json\/wp\/v2\/tags?post=16907"}],"curies":[{"name":"wp","href":"https:\/\/api.w.org\/{rel}","templated":true}]}}