{"id":16900,"date":"2019-09-21T06:46:24","date_gmt":"2019-09-21T06:46:24","guid":{"rendered":"https:\/\/archivioturi.lavocedelpaese.info\/index.php\/2019\/09\/21\/prosegue-la-marcia-doro-della-dangela-sport\/"},"modified":"2019-09-21T06:46:24","modified_gmt":"2019-09-21T06:46:24","slug":"prosegue-la-marcia-doro-della-dangela-sport","status":"publish","type":"post","link":"https:\/\/archivioturi.lavocedelpaese.info\/index.php\/2019\/09\/21\/prosegue-la-marcia-doro-della-dangela-sport\/","title":{"rendered":"Prosegue la marcia d\u2019oro della D\u2019Angela Sport"},"content":{"rendered":"<p><img loading=\"lazy\" decoding=\"async\" src=\"https:\/\/live.staticflickr.com\/65535\/48766556211_d10b7d0b51_n.jpg\" alt=\"Bianco\" width=\"320\" height=\"289\" \/><\/p>\n<p style=\"text-align: center;\"><strong>Gianpiero Bianco vince in rimonta a Melfi. <br \/>Muraglia conferma il terzo posto nel Trofeo Terra di Bari<\/strong><\/p>\n<p style=\"text-align: center;\"><strong><br \/><\/strong><\/p>\n<p><img loading=\"lazy\" decoding=\"async\" src=\"https:\/\/live.staticflickr.com\/65535\/48766758672_80137260c9_n.jpg\" alt=\"Muraglia\" style=\"margin: 6px; float: right;\" width=\"320\" height=\"243\" \/><\/p>\n<p style=\"text-align: justify;\">Altro fine settimana ricco di soddisfazioni per la D\u2019Angela Sport, capitanata dal presidente Silvano D\u2019Angela, che continua a dimostrare di avere tutte le carte in regola per imporsi nel panorama podistico regionale.<\/p>\n<p style=\"text-align: justify;\">Si inizia a Casamassima con Domenico Muraglia che, domenica 15, prende parte alla 32esima edizione della Stramaxima, gara di 10 km valida come tappa del Trofeo Provinciale Terra di Bari.<\/p>\n<p style=\"text-align: justify;\">Il veterano della D\u2019Angela Sport, durante la corsa, ha accusato diversi fastidi che lo hanno tormentato soprattutto nella fase finale. Con grande spirito di sacrificio, Muraglia \u00e8 riuscito comunque a portare a termine la gara con una buona condotta, confermando la terza piazza nella classifica generale del trofeo e mantenendo invariate le distanze sia dal 2\u00b0 che dal 4\u00b0 posto.<\/p>\n<p style=\"text-align: justify;\">Un\u2019ora dopo, a Melfi, Gianpiero Bianco va in scena sul palcoscenico dell\u2019ottava edizione della \u201cBramer Vultur Runner\u201d, gara podistica di 10 km da percorrere in due giri interamente cittadini ma molto tecnici e faticosi. Difatti, il percorso pu\u00f2 essere diviso in tre fasi: i primi 2 km in salita sino al maestoso Castello, poi altri 2 km in discesa e l\u2019ultimo di nuovo in salita.<\/p>\n<p style=\"text-align: justify;\">Difficile fare pronostici sull\u2019esito della competizione, dal momento che erano in gioco vari atleti di qualit\u00e0, con tempi molto ravvicinati tra loro. Dopo una partenza cauta, l\u2019atleta della D\u2019Angela Sport percorre il primo giro di 5 km assieme a Denis Greco (terzo classificato a fine gara), entrambi all\u2019inseguimento dell\u2019atleta di testa.<\/p>\n<p style=\"text-align: justify;\">All\u2019inizio del secondo giro arriva la svolta. Lentamente, Bianco allunga il passo, prendendo le distanze dal terzo e avvicinandosi sempre pi\u00f9 al primo. Al nono km, la punta di diamante del Running Team aggancia l\u2019atleta di testa e, dopo un piccolo tratto assieme, inizia a correre pi\u00f9 forte, passando in prima posizione e rubando poco alla volta sempre pi\u00f9 metri. La rimonta si concretizza nel lungo rettilineo finale: Bianco decide di spiccare il volo, aumentando la \u201cdistanza di sicurezza\u201d e conquistando la terza vittoria di fila e l\u2019ennesima medaglia assoluti per la societ\u00e0 turese.<\/p>\n<p style=\"text-align: justify;\">\u00abAmmetto \u2013 dichiara il testimonial Diadora \u2013 che \u00e8 stata una delle gare pi\u00f9 belle e intense per me, perch\u00e9 \u00e8 stata una vittoria conquistata in progressione. Nessuno dopo il primo giro avrebbe minimamente pensato che sarei riuscito a raggiungere e superare Carmine Salvia, che ha guidato la competizione fino a met\u00e0 percorso. A tal proposito, va tributato il giusto onore a questo ragazzo giovanissimo, meritatamente classificatosi al secondo posto. Ha gi\u00e0 dimostrato pi\u00f9 volte grandi qualit\u00e0 e sono certo che, in futuro, vedremo il suo nome nei registri nazionali\u00bb.<\/p>\n<p style=\"text-align: justify;\">\u00abUn doveroso grazie \u2013 chiosa Bianco \u2013 ai miei genitori che spesso mi accompagnano nelle gare lontane e mi sostengono in tutto. Vincere una corsa podistica dinanzi ai propri genitori \u00e8 la cosa pi\u00f9 bella e gratificante che possa accadere. Tutti dovrebbero provare questa emozione perch\u00e9, a mio avviso, ne vale davvero la pena\u00bb.<\/p>\n","protected":false},"excerpt":{"rendered":"<p><img loading=\"lazy\" decoding=\"async\" src=\"https:\/\/live.staticflickr.com\/65535\/48766556211_d10b7d0b51_n.jpg\" alt=\"Bianco\" width=\"320\" height=\"289\" \/><\/p>\n","protected":false},"author":1,"featured_media":0,"comment_status":"open","ping_status":"closed","sticky":false,"template":"","format":"standard","meta":{"colormag_page_container_layout":"default_layout","colormag_page_sidebar_layout":"default_layout","footnotes":""},"categories":[5],"tags":[],"class_list":["post-16900","post","type-post","status-publish","format-standard","hentry","category-sport"],"_links":{"self":[{"href":"https:\/\/archivioturi.lavocedelpaese.info\/index.php\/wp-json\/wp\/v2\/posts\/16900","targetHints":{"allow":["GET"]}}],"collection":[{"href":"https:\/\/archivioturi.lavocedelpaese.info\/index.php\/wp-json\/wp\/v2\/posts"}],"about":[{"href":"https:\/\/archivioturi.lavocedelpaese.info\/index.php\/wp-json\/wp\/v2\/types\/post"}],"author":[{"embeddable":true,"href":"https:\/\/archivioturi.lavocedelpaese.info\/index.php\/wp-json\/wp\/v2\/users\/1"}],"replies":[{"embeddable":true,"href":"https:\/\/archivioturi.lavocedelpaese.info\/index.php\/wp-json\/wp\/v2\/comments?post=16900"}],"version-history":[{"count":0,"href":"https:\/\/archivioturi.lavocedelpaese.info\/index.php\/wp-json\/wp\/v2\/posts\/16900\/revisions"}],"wp:attachment":[{"href":"https:\/\/archivioturi.lavocedelpaese.info\/index.php\/wp-json\/wp\/v2\/media?parent=16900"}],"wp:term":[{"taxonomy":"category","embeddable":true,"href":"https:\/\/archivioturi.lavocedelpaese.info\/index.php\/wp-json\/wp\/v2\/categories?post=16900"},{"taxonomy":"post_tag","embeddable":true,"href":"https:\/\/archivioturi.lavocedelpaese.info\/index.php\/wp-json\/wp\/v2\/tags?post=16900"}],"curies":[{"name":"wp","href":"https:\/\/api.w.org\/{rel}","templated":true}]}}