{"id":16889,"date":"2019-09-17T06:09:09","date_gmt":"2019-09-17T06:09:09","guid":{"rendered":"https:\/\/archivioturi.lavocedelpaese.info\/index.php\/2019\/09\/17\/cento-giorni-per-riprendere-in-mano-turi\/"},"modified":"2019-09-17T06:09:09","modified_gmt":"2019-09-17T06:09:09","slug":"cento-giorni-per-riprendere-in-mano-turi","status":"publish","type":"post","link":"https:\/\/archivioturi.lavocedelpaese.info\/index.php\/2019\/09\/17\/cento-giorni-per-riprendere-in-mano-turi\/","title":{"rendered":"\u201cCento giorni per riprendere in mano Turi\u201d"},"content":{"rendered":"<p><img loading=\"lazy\" decoding=\"async\" src=\"https:\/\/live.staticflickr.com\/65535\/48729251822_f136ff4700_n.jpg\" alt=\"Tina Resta\" width=\"320\" height=\"260\" \/><\/p>\n<p style=\"text-align: center;\"><strong>Il bilancio del sindaco Tina Resta sui primi tre mesi di Amministrazione<\/strong><\/p>\n<p style=\"text-align: justify;\">\u00abDopo un lungo periodo di inoperosit\u00e0, non si pu\u00f2 pretendere che un alunno recuperi \u201cl\u2019arretrato\u201d in poco pi\u00f9 di tre mesi. Serve impegno e dedizione per \u201crimettersi al passo\u201d e poi iniziare a correre. Ebbene, la politica non deroga a questa regola\u00bb. Una metafora con la quale il sindaco Tina Resta sintetizza il lavoro che la sua Amministrazione ha dovuto svolgere in questi tre mesi di governo.<\/p>\n<p><img loading=\"lazy\" decoding=\"async\" src=\"https:\/\/live.staticflickr.com\/65535\/48729077821_5a03721994_n.jpg\" alt=\"Inaugurazione dell'anno scolastico\" style=\"margin: 6px; float: right;\" width=\"320\" height=\"240\" \/><\/p>\n<p style=\"text-align: justify;\">Dati e delibere alla mano, il primo cittadino risponde in maniera precisa a ognuno degli interrogativi che hanno tenuto banco nell\u2019ultimo mese. Non tergiversa alla ricerca di alibi politici ma con la schiettezza che la contraddistingue va dritta al punto, ripercorrendo i principali provvedimenti adottati, ispirati alla necessit\u00e0 di rendere Turi un paese pi\u00f9 accogliente e funzionale.<\/p>\n<p style=\"text-align: justify;\">Scuole, strade e verde pubblico, illuminazione e segnaletica, riorganizzazione del personale e approvazione di un Assestamento di Bilancio in tempi record. L\u2019elenco degli atti posti in essere in questi cento giorni \u00e8 lungo. E a chi vuole sminuirli come \u201cordinaria amministrazione\u201d, il sindaco chiede uno sforzo di onest\u00e0 intellettuale, dando atto che \u00able condizioni di partenza erano davvero difficili: uffici in affanno per carenza di personale e tanti problemi rivenienti dal passato che andavano affrontati in tempi rapidi\u00bb.<\/p>\n<p style=\"text-align: justify;\">\u00abIn cento giorni questa Amministrazione ha lavorato senza risparmiarsi. E il comune denominatore di ogni decisione \u2013 dichiara il sindaco Resta prima di congedarci \u2013 \u00e8 la determinazione ad agire, a riprendere in mano le sorti del paese, guidata esclusivamente dall\u2019amore disinteressato verso Turi e i miei concittadini\u00bb.<\/p>\n<p style=\"text-align: justify;\">&nbsp;<\/p>\n<p style=\"text-align: center;\"><span style=\"color: #ff0000;\">DELEGHE, VICINI ALLA SOLUZIONE<\/span><\/p>\n<p style=\"text-align: justify;\"><strong>\u00c8 trascorso un mese dall\u2019ultimo Consiglio comunale e la \u2018questione deleghe\u2019 sollevata dal consigliere De Florio \u00e8 ancora in sospeso. A quale soluzione ha pensato?<\/strong><\/p>\n<p style=\"text-align: justify;\">\u00abPer prima cosa vorrei precisare che la delega alla sicurezza \u00e8 correlata a un impegno di controllo del territorio che non ha nulla a che fare con la viabilit\u00e0, e dunque con i compiti della Polizia Locale. Non c\u2019\u00e8 alcuna sovrapposizione tra i due incarichi e sono fiduciosa che il consigliere De Florio e l\u2019assessore Gigantelli, dopo aver meglio circoscritto le competenze di ciascuno, potranno ritornare a collaborare nel reciproco rispetto che chiedo a ogni componente della mia squadra\u00bb.<\/p>\n<p style=\"text-align: justify;\">&nbsp;<\/p>\n<p style=\"text-align: justify;\"><strong>E per le altre deleghe che ha trattenuto nelle sue mani?<\/strong><\/p>\n<p style=\"text-align: justify;\">\u00abRassicuro tutti che saranno conferite in occasione del prossimo Consiglio comunale, che sar\u00e0 fissato dalla Conferenza dei capigruppo entro la fine di settembre. Posso anticipare che per la delega ai Lavori Pubblici e quella all\u2019Urbanistica verranno individuati due assessori diversi.<\/p>\n<p style=\"text-align: justify;\">Aver aspettato tre mesi, come ho rimarcato pi\u00f9 volte, \u00e8 servito a ponderare il carico di lavoro di ogni assessore in relazione alle deleghe gi\u00e0 conferite, cos\u00ec da equilibrare equamente le responsabilit\u00e0 all\u2019interno della Giunta e avere la certezza che ogni settore venga seguito con la dovuta attenzione\u00bb.<\/p>\n<p style=\"text-align: justify;\">&nbsp;<\/p>\n<p style=\"text-align: center;\"><span style=\"color: #ff0000;\">RIMBORSI TARI: DATI E RISPOSTE IN CONSIGLIO<\/span><\/p>\n<p style=\"text-align: justify;\"><strong>Come intendete muovervi per rimborsare i cittadini che hanno versato somme maggiori, a causa di un presunto errore nel calcolo della Tari dal 2014 al 2017?<\/strong><\/p>\n<p style=\"text-align: justify;\">\u00abL\u2019assessore al Bilancio Gigantelli \u00e8 impegnato insieme all\u2019Ufficio Tributi nelle operazioni di recupero di tutti i dati necessari; parallelamente stiamo vagliando il perimetro normativo entro il quale l\u2019Amministrazione pu\u00f2 agire. Ogni risposta verr\u00e0 fornita in maniera esauriente durante la prossima assise\u00bb.<\/p>\n<p style=\"text-align: justify;\">&nbsp;<\/p>\n<p style=\"text-align: center;\"><span style=\"color: #ff0000;\">NESSUNA ASSUNZIONE \u201cILLEGITTIMA\u201d<\/span><\/p>\n<p style=\"text-align: justify;\"><strong>La Commissione di Controllo ha sollevato perplessit\u00e0 riguardo l&#8217;assunzione dell&#8217;architetto Del Rosso, in virt\u00f9 di un procedimento penale in cui sarebbe coinvolto.<\/strong><\/p>\n<p style=\"text-align: justify;\">\u00abSottolineo che non ho alcun dubbio che l\u2019assunzione dell\u2019architetto Del Rosso, sovrintesa dal Commissario Cantadori, rispetti ogni vincolo di legge. Nell\u2019ottica della completa trasparenza, insieme alla Commissione di controllo ho chiesto all\u2019Ufficio Personale di relazionare sull\u2019intero iter. Dalla ricostruzione fornita, emerge che nella manifestazione d\u2019interesse, approvata durante la gestione commissariale, \u00e8 stata inserita una clausola che riservava all\u2019Amministrazione la pi\u00f9 ampia discrezionalit\u00e0 di scegliere il funzionario che riteneva pi\u00f9 idoneo e rispondente agli obiettivi da raggiungere. E, ripeto, sono certa che il Commissario abbia maturato la sua decisione nell\u2019esclusivo interesse del Comune di Turi\u00bb.<\/p>\n<p style=\"text-align: justify;\">&nbsp;<\/p>\n<p style=\"text-align: justify;\"><strong>La nomina del dott. Frugis a membro unico dell\u2019Organismo Interno di Valutazione \u00e8 realmente \u201cillegittima\u201d?<\/strong><\/p>\n<p style=\"text-align: justify;\">\u00abAssolutamente no. Prima dell\u2019arrivo delle istanze, per assodare alcune perplessit\u00e0, gli Uffici hanno interloquito con la Funzione Pubblica. Tra le varie domande poste c\u2019era anche quella dell\u2019ammissibilit\u00e0 di eventuali candidati che rivestissero un ruolo nel Nucleo di Valutazione di un altro Ente.<\/p>\n<p style=\"text-align: justify;\">La Funzione Pubblica, con nota formale, ha confermato la validit\u00e0 del nostro procedimento: la norma prevede che ciascun professionista possa ricoprire, in due distinte Amministrazioni, sia l\u2019incarico di OIV che quello del Nucleo di Valutazione, che \u00e8 bene precisare sono due organismi ben differenti per competenze e mansioni.<\/p>\n<p style=\"text-align: justify;\">Ecco perch\u00e9 l\u2019assunzione del dott. Frugis, anche se fa parte del Nucleo di Valutazione del Comune di Polignano, \u00e8 pi\u00f9 che legittima.<\/p>\n<p style=\"text-align: justify;\">Inoltre, corrisponde al vero che tra i vari requisiti del bando, c\u2019\u00e8 quello di non essere attualmente dipendente del Comune di Turi e di non aver ricoperto \u201ccariche politiche\u201d nel triennio precedente. E anche in questo caso abbiamo seguito alla lettera le prescrizioni: il dott. Frugis \u00e8 stato dipendente di questo Ente circa un anno e mezzo fa, nella posizione di responsabile del Settore Economico-Finanziario, un incarico che, fino a prova contraria, non \u00e8 n\u00e9 politico n\u00e9 elettivo.<\/p>\n<p style=\"text-align: justify;\">In ultimo, quanto alle insinuazioni di scarsa obiettivit\u00e0 del dott. Frugis, \u00e8 opportuno sottolineare che la figura del valutatore non ha alcuna discrezionalit\u00e0: prima di esprimere il suo parere sui dipendenti comunali ascolta sindaco e assessori, gli unici in grado di chiarire se gli obiettivi programmatici siano stati raggiunti\u00bb.<\/p>\n<p style=\"text-align: justify;\">&nbsp;<\/p>\n<p style=\"text-align: justify;\"><strong>Per quanto riguarda il Segretario Generale, ha individuato il successore del dott. Mancini?<\/strong><\/p>\n<p style=\"text-align: justify;\">\u00abSiamo in fase di definizione. Al momento, abbiamo chiesto all\u2019Albo dei Segretari di assegnare al nostro Ente un Segretario supplente del dott. Mancini per supportarci nella gestione dell\u2019ordinaria amministrazione. \u00c8 stata selezionata la dott.ssa Maria Rosaria D\u2019Oronzio, attuale Segretario Generale del Comune di Toritto, che ha accettato di affiancare il Comune di Turi fino a quando non verr\u00e0 scelto il sostituto definitivo del dott. Mancini\u00bb.<\/p>\n<p style=\"text-align: justify;\">&nbsp;<\/p>\n<p style=\"text-align: center;\"><span style=\"color: #ff0000;\">SANATORIA: NON CI SONO \u201cCORSIE PREFERENZIALI\u201d<\/span><\/p>\n<p style=\"text-align: justify;\"><strong>Il 23 agosto \u00e8 stato rilasciato il permesso di costruire in sanatoria per l\u2019attivit\u00e0 ricettiva riconducibile al dott. Boccardi. Essendoci un procedimento penale in corso, non le sembra un\u2019ingerenza nell\u2019iter della magistratura?<\/strong><\/p>\n<p style=\"text-align: justify;\">\u00abParliamo di una valutazione tecnico-normativa dell\u2019Ufficio Tecnico del tutto avulsa dall\u2019attivit\u00e0 giudiziaria, non c\u2019\u00e8 alcun risvolto politico n\u00e9 tantomeno alcuna ingerenza per favorire qualcuno. A testimonianza della limpidezza dell\u2019azione amministrativa, appena ho ricevuto l\u2019esposto che denunciava presunte irregolarit\u00e0 con una nota scritta ho chiesto all\u2019architetto Del Rosso di relazionare in merito alla vicenda.<\/p>\n<p style=\"text-align: justify;\">Sentito il dirigente, posso confermare che si l\u2019Ufficio SUE (Sportello Unico per l\u2019Edilizia) ha compiuto tutti gli accertamenti con estremo rigore, concludendo che l\u2019intervento era legittimo.<\/p>\n<p style=\"text-align: justify;\">Colgo l\u2019occasione per ribadire che non sono soggetta ad alcun condizionamento politico e che l\u2019Amministrazione non riserver\u00e0 \u201ccorsie preferenziali\u201d a nessuno. Nel mio operato continuer\u00f2 a rispondere solo ai cittadini che mi hanno dato fiducia e alla mia coscienza\u00bb.<\/p>\n<p style=\"text-align: justify;\">&nbsp;<\/p>\n<p style=\"text-align: center;\"><span style=\"color: #ff0000;\">CENTO GIORNI PER RIPRENDERE IN MANO TURI<\/span><\/p>\n<p style=\"text-align: justify;\">&nbsp;<img loading=\"lazy\" decoding=\"async\" src=\"https:\/\/live.staticflickr.com\/65535\/48729253422_c1ff54b9ee_n.jpg\" alt=\"Le strisce pedonali sperimentali\" style=\"margin: 6px; float: right;\" width=\"320\" height=\"320\" \/><strong>Ha tagliato il traguardo dei cento giorni. I principali provvedimenti approvati?<\/strong><\/p>\n<p style=\"text-align: justify;\">\u00abFin dal nostro insediamento ho chiesto ai funzionari di concentrare ogni sforzo sulla messa in sicurezza del paese: dal rappezzamento delle buche stradali al rifacimento dei marciapiedi; dalla manutenzione delle aree verdi agli interventi migliorativi della pubblica illuminazione, tra cui ricordo la sostituzione dei lampioni in piazza Pertini e in Villa comunale. Sempre in Villa, abbiamo rimesso in funzione la fontana e, a seguito dei vari sopralluoghi dei tecnici, si \u00e8 finalmente compreso il problema; un fardello che si trascinava da anni con interventi tampone che comportavano ingenti spese. Oggi, una volta reperiti i fondi necessari, siamo in grado di risolvere la questione una volta per tutte.<\/p>\n<p style=\"text-align: justify;\">Sempre nell\u2019ottica di migliorare sicurezza e decoro urbano, abbiamo avviato il rifacimento della segnaletica orizzontale, sperimentando una nuova tecnologia: le strisce pedonali, anzich\u00e9 essere in vernice ad acqua, sono realizzate in materiale plastico e dovrebbero durare dai tre ai cinque anni. Siamo partiti con le strade perimetrali al centro storico; qualora il risultato fosse apprezzabile, proseguiremo anche nel resto del paese\u00bb.<\/p>\n<p style=\"text-align: justify;\">&nbsp;<\/p>\n<p><img loading=\"lazy\" decoding=\"async\" src=\"https:\/\/live.staticflickr.com\/65535\/48729079316_7c7b288909_n.jpg\" alt=\"67767390_375964129634511_5797992505689505792_n\" style=\"margin: 6px auto; display: block;\" width=\"500\" height=\"500\" \/><\/p>\n<p style=\"text-align: center;\"><strong><br \/><\/strong><\/p>\n<p style=\"text-align: center;\"><span style=\"color: #ff0000;\">SCUOLE PRONTE AD ACCOGLIERE GLI ALUNNI<\/span><\/p>\n<p><img loading=\"lazy\" decoding=\"async\" src=\"https:\/\/live.staticflickr.com\/65535\/48729252887_26fa0596d7_n.jpg\" alt=\"I lavori di scavo in via Gioia (1)\" style=\"margin: 6px; float: left;\" width=\"240\" height=\"320\" \/><\/p>\n<p style=\"text-align: justify;\">\u00abDurante i mesi estivi, in sintonia con l\u2019ing. Di Bonaventura e con il prezioso aiuto dell\u2019assessore Stefano Dell\u2019Aera, abbiamo effettuato una ricognizione meticolosa di tutti gli Istituti scolastici, affinch\u00e9 gli alunni potessero iniziare l\u2019anno scolastico in un ambiente il pi\u00f9 possibile accogliente e sicuro. In particolare, \u00e8 stata sistemata un\u2019aula della scuola elementare dove c\u2019erano problemi di infiltrazione d\u2019acqua, siamo intervenuti nella manutenzione di bagni e infissi e abbiamo sostituito le strisce antiscivolo della scalinata della Scuola Media, provvedimento che nei prossimi giorni verr\u00e0 esteso anche agli altri plessi.<\/p>\n<p style=\"text-align: justify;\">Altro importante risultato riguarda l\u2019adeguamento degli spazi del refettorio per consentire l\u2019accesso alla mensa anche alla quinta classe a tempo pieno della Scuola Primaria, formatasi quest\u2019anno. E a tal proposito, ci siamo attivati affinch\u00e9 il servizio mensa per gli alunni che hanno scelto l\u2019opzione del tempo pieno inizi prima rispetto agli anni precedenti.<\/p>\n<p><img loading=\"lazy\" decoding=\"async\" src=\"https:\/\/live.staticflickr.com\/65535\/48729252607_d83c31fcc9_n.jpg\" alt=\"Il refettorio adeguato per accogliere 5 classi\" style=\"margin: 6px; float: right;\" width=\"240\" height=\"320\" \/><\/p>\n<p style=\"text-align: justify;\">Grazie alla solerzia del dirigente del Settore Lavori Pubblici, siamo venuti a capo di due annose questioni: l\u2019allagamento della palestra della Scuola Media e il cancello della Scuola dell\u2019Infanzia di via Gioia, che da anni non si riusciva ad aprire agevolmente. Nel primo caso, le infiltrazioni dipendevano da due microfessure nelle vicinanze di un pluviale ostruito, che dunque impediva il normale deflusso dell\u2019acqua. Sar\u00e0 sufficiente sistemare la guaina per chiudere un capitolo che aveva giustamente allertato genitori e associazioni sportive. Per quanto riguarda il cancello d\u2019ingresso del plesso di via Gioia, il disagio era causato dalle radici dei pini che, nel tempo, avevano sollevato il pavimento. Dopo aver divelto il pavimento, abbiamo rimosso le radici e bonificato l\u2019area, per poi procedere con la posa della nuova pavimentazione e il ripristino del corretto funzionamento del cancello.<\/p>\n<p style=\"text-align: justify;\">A ottobre, infine, \u00e8 stato gi\u00e0 concordato il controllo dell\u2019impianto di riscaldamento di tutti gli Istituti\u00bb.<\/p>\n<p><a data-flickr-embed=\"true\" href=\"https:\/\/www.flickr.com\/photos\/91470992@N02\/48728748823\/in\/dateposted-public\/\" title=\"Gli interventi di manutenzione dei bagni scolastici\" marked=\"1\"><img loading=\"lazy\" decoding=\"async\" src=\"https:\/\/live.staticflickr.com\/65535\/48728748823_65e7b92404.jpg\" alt=\"Gli interventi di manutenzione dei bagni scolastici\" style=\"display: block; margin-left: auto; margin-right: auto;\" width=\"500\" height=\"500\" \/><\/a><\/p>\n<p style=\"text-align: justify;\">&nbsp;<\/p>\n<p style=\"text-align: center;\"><span style=\"color: #ff0000;\">DAL BILANCIO AL PERSONALE<\/span><\/p>\n<p style=\"text-align: justify;\">\u00abCome promesso, ci siamo mossi sul fronte del personale, scongiurando la paralisi della macchina amministrativa a fronte dei vari pensionamenti. Al momento, come potr\u00e0 chiarire l\u2019assessore Sandro Laera, abbiamo assunto cinque nuove unit\u00e0 e altri reclutamenti sono in programma per il mese di dicembre.<\/p>\n<p style=\"text-align: justify;\">Di pari importanza \u00e8 stato l\u2019Assestamento di Bilancio, un atto non semplice dal momento che abbiamo dovuto inserire le nostre progettualit\u00e0 all\u2019interno dei confini tracciati da un documento finanziario ereditato dalla gestione commissariale. Sono i provvedimenti che si \u201cvedono\u201d meno ma che comportano un\u2019enorme mole di lavoro.<\/p>\n<p style=\"text-align: justify;\">Tra i tanti altri provvedimenti adottati, stiamo portando avanti i finanziamenti, ricevuti dalle precedenti Amministrazioni, per il campo sportivo e la sistemazione del punto sport di via Casamassima, con la contestuale riqualificazione di due aree verdi: quella dell\u2019ex ospedale e quella compresa tra via dell\u2019Andro e via Ginestre\u00bb.<\/p>\n<p style=\"text-align: justify;\">&nbsp;<\/p>\n<p style=\"text-align: justify;\"><strong>Non tutti gli impegni assunti nei primi cento giorni sono stati mantenuti. In particolare, si \u00e8 rimasti indietro nel settore delle attivit\u00e0 produttive e della cultura. Quali sono stati gli intoppi?<\/strong><\/p>\n<p style=\"text-align: justify;\">\u00abAlcune importanti progettualit\u00e0 nei due settori citati sono state avviate proficuamente e si avvicinano alla conclusione. Anche se oggi i risultati non sono visibili, in questi mesi gli assessori di riferimento si sono impegnati per gestire una programmazione di ampio respiro, di cui a breve potranno esporre i risultati ai cittadini.<\/p>\n<p style=\"text-align: justify;\">A chi vuole sminuire tutto quello che \u00e8 stato fatto come ordinaria amministrazione, chiedo di essere intellettualmente onesto e dare atto che le condizioni di partenza erano davvero difficili: uffici in affanno per carenza di personale e tanti problemi rivenienti dal passato che andavano affrontati in tempi rapidi. Nel frattempo, abbiamo dovuto anche ricavare lo spazio per portare avanti le nostre linee programmatiche.<\/p>\n<p style=\"text-align: justify;\">In cento giorni questa Amministrazione ha lavorato senza risparmiarsi: dalla squadra di governo ai funzionari, tutti ci siamo sforzati per riprendere in mano la situazione e permettere al paese, che amo e mi onoro di rappresentare, di ritornare a correre. Per questo sento di dover ringraziare l\u2019intera maggioranza, auspicando che prosegua l\u2019atteggiamento collaborativo anche da parte della minoranza.<\/p>\n<p style=\"text-align: justify;\">L\u2019attenzione ora verr\u00e0 spostata sulle periferie dove urgono interventi di bonifica, ci sono situazioni pendenti degli allagamenti che vanno avanti da tanto tempo, interventi strutturali importanti per risolvere situazioni che si sono cronicizzate nel tempo, i cittadini si sono sempre ribellati ma non hanno mai avuto risposte.<\/p>\n<p style=\"text-align: justify;\">Oltre a fare in modo che vengano rispettate le tempistiche per le concessioni dei permessi a costruire, bloccati da anni, sposteremo la nostra attenzione sulle periferie. I cittadini da anni si ribellano senza ottenere risposte. \u00c8 arrivato il momento di dare un segnale concreto di svolta, attuando interventi strutturali che affrontino tutte quelle situazioni che si sono cronicizzate nel tempo: dalla bonifica dei suoli abbandonati alla manutenzione delle aree verdi, passando per le opere di prevenzione degli allagamenti\u00bb.<\/p>\n<p style=\"text-align: justify;\">&nbsp;<\/p>\n<p style=\"text-align: center;\"><span style=\"color: #ff0000;\">LA \u201cSCOMMESSA\u201d SU SANT\u2019ORONZO<\/span><\/p>\n<p style=\"text-align: justify;\"><strong>Come darete seguito alla firma del documento d\u2019intesa con il sindaco di Nin?<\/strong><\/p>\n<p style=\"text-align: justify;\">\u00abLa lettera d\u2019intenti, che ho sottoscritto assieme al sindaco Emil ?urko, unisce le comunit\u00e0 di Turi e Nin nel nome di Sant\u2019Oronzo. \u00c8 stata un\u2019esperienza straordinaria, corollata da un\u2019accoglienza affettuosa e impeccabile. Esprimo i miei ringraziamenti a don Giovanni e a Stefano de Carolis, che si sono prodigati per favorire la riuscita di questa importante meta. Il passaggio successivo sar\u00e0 attivare le procedure per il gemellaggio tra le due citt\u00e0, proponendo l\u2019atto all\u2019approvazione del Consiglio comunale, dove sicuramente raccoglieremo l\u2019unanimit\u00e0\u00bb.<\/p>\n<p style=\"text-align: justify;\">&nbsp;<\/p>\n<p style=\"text-align: justify;\"><strong>Questo gemellaggio e il dono del frammento della reliquia potrebbero essere l\u2019occasione per ridare spessore alla \u201cFesta di Sant\u2019Oronzo d\u2019Ottobre?<\/strong><\/p>\n<p style=\"text-align: justify;\">\u201cCerto, \u00e8 uno degli obiettivi in programma. A Nin ha potuto partecipato solo una delegazione di turesi ma, data la portata in termini di fede e sotto il profilo storico-culturale di questo evento, ritengo che si debba condividere con tutta la cittadinanza. La Festa di Sant\u2019Oronzo d\u2019Ottobre, che negli ultimi anni \u00e8 stata un po\u2019 trascurata, sar\u00e0 l\u2019occasione giusta per coinvolgere la comunit\u00e0 e il Comitato Festa Patronale, che vorrei cambiasse rotta, diventando un gruppo coeso che non si mobiliti solo per l\u2019organizzazione della Festa ma lavori costantemente per promuovere il culto di Sant\u2019Oronzo in tutte le sue sfaccettature\u00bb.<\/p>\n<p style=\"text-align: justify;\">&nbsp;<\/p>\n<p style=\"text-align: justify;\"><strong>Cosa ne pensa della proposta dell\u2019ex sindaco De Grisantis di istituire una Fondazione per Sant\u2019Oronzo?<\/strong><\/p>\n<p style=\"text-align: justify;\">\u00abLa reputo molto interessante e meritevole di attenta valutazione, senza per\u00f2 creare contrapposizioni tra le due realt\u00e0, quella del Comitato e quella della Fondazione. Va promosso un tavolo per comprendere la fattibilit\u00e0 di questa proposta, sviluppando un confronto costruttivo tra tutte le parti coinvolte\u00bb.<\/p>\n<p style=\"text-align: right;\"><strong>Fabio D\u2019Aprile<\/strong><\/p>\n","protected":false},"excerpt":{"rendered":"<p><img loading=\"lazy\" decoding=\"async\" src=\"https:\/\/live.staticflickr.com\/65535\/48729251822_f136ff4700_n.jpg\" alt=\"Tina Resta\" width=\"320\" height=\"260\" \/><\/p>\n","protected":false},"author":1,"featured_media":0,"comment_status":"open","ping_status":"closed","sticky":false,"template":"","format":"standard","meta":{"colormag_page_container_layout":"default_layout","colormag_page_sidebar_layout":"default_layout","footnotes":""},"categories":[4],"tags":[],"class_list":["post-16889","post","type-post","status-publish","format-standard","hentry","category-politica"],"_links":{"self":[{"href":"https:\/\/archivioturi.lavocedelpaese.info\/index.php\/wp-json\/wp\/v2\/posts\/16889","targetHints":{"allow":["GET"]}}],"collection":[{"href":"https:\/\/archivioturi.lavocedelpaese.info\/index.php\/wp-json\/wp\/v2\/posts"}],"about":[{"href":"https:\/\/archivioturi.lavocedelpaese.info\/index.php\/wp-json\/wp\/v2\/types\/post"}],"author":[{"embeddable":true,"href":"https:\/\/archivioturi.lavocedelpaese.info\/index.php\/wp-json\/wp\/v2\/users\/1"}],"replies":[{"embeddable":true,"href":"https:\/\/archivioturi.lavocedelpaese.info\/index.php\/wp-json\/wp\/v2\/comments?post=16889"}],"version-history":[{"count":0,"href":"https:\/\/archivioturi.lavocedelpaese.info\/index.php\/wp-json\/wp\/v2\/posts\/16889\/revisions"}],"wp:attachment":[{"href":"https:\/\/archivioturi.lavocedelpaese.info\/index.php\/wp-json\/wp\/v2\/media?parent=16889"}],"wp:term":[{"taxonomy":"category","embeddable":true,"href":"https:\/\/archivioturi.lavocedelpaese.info\/index.php\/wp-json\/wp\/v2\/categories?post=16889"},{"taxonomy":"post_tag","embeddable":true,"href":"https:\/\/archivioturi.lavocedelpaese.info\/index.php\/wp-json\/wp\/v2\/tags?post=16889"}],"curies":[{"name":"wp","href":"https:\/\/api.w.org\/{rel}","templated":true}]}}