{"id":16876,"date":"2019-09-12T06:30:28","date_gmt":"2019-09-12T06:30:28","guid":{"rendered":"https:\/\/archivioturi.lavocedelpaese.info\/index.php\/2019\/09\/12\/deleghe-e-sanatorie-le-contraddizioni-del-governo-resta\/"},"modified":"2019-09-12T06:30:28","modified_gmt":"2019-09-12T06:30:28","slug":"deleghe-e-sanatorie-le-contraddizioni-del-governo-resta","status":"publish","type":"post","link":"https:\/\/archivioturi.lavocedelpaese.info\/index.php\/2019\/09\/12\/deleghe-e-sanatorie-le-contraddizioni-del-governo-resta\/","title":{"rendered":"\u201cDeleghe e Sanatorie, le contraddizioni del governo Resta\u201d"},"content":{"rendered":"<p><img loading=\"lazy\" decoding=\"async\" src=\"https:\/\/live.staticflickr.com\/65535\/48690667766_c5d8dfe790_n.jpg\" alt=\"Paolo Tundo\" width=\"276\" height=\"320\" \/><\/p>\n<p style=\"text-align: center;\"><strong>Paolo Tundo: \u201cAnche se cercano di mascherarle, <br \/>le divisioni interne ci sono e si vedono\u201d<\/strong><\/p>\n<p style=\"text-align: justify;\">Un\u2019Amministrazione che gravita attorno a due \u201ccentri di potere\u201d: il gruppo fedele a Onofrio Resta e quello guidato da Michele Boccardi, che da buon convitato di pietra, pur non essendo fisicamente presente, occuperebbe \u201cspiritualmente\u201d una sedia d\u2019onore nelle decisioni prese a Palazzo di Citt\u00e0. Nel mezzo il sindaco Tina Resta, cui spetterebbe il compito di trovare il punto di equilibrio tra i contendenti.<\/p>\n<p style=\"text-align: justify;\">Ascoltando Paolo Tundo, sarebbe questa la partitura suonata fin dall\u2019inizio dal governo Resta. E le stonature, a detta del consigliere di minoranza, iniziano a farsi sentire prepotenti. Dalla \u201cquestione deleghe\u201d, trattenute dal sindaco proprio perch\u00e9 non si troverebbe una sintesi che \u201caccontenti tutti\u201d, alle criticit\u00e0 urbanistiche, con sanatorie concesse pur sapendo che \u201cla Procura \u00e8 a lavoro\u201d.<\/p>\n<p style=\"text-align: justify;\">La conseguenza di un\u2019Amministrazione \u201cnata male\u201d, e cresciuta in bilico tra due forze solo apparentemente riappacificatesi, \u00e8 la paralisi della programmazione. \u201cA parte l\u2019ordinaria amministrazione \u2013 sentenzia Tundo \u2013 in questi cento giorni non si \u00e8 visto nulla\u201d.<\/p>\n<p style=\"text-align: justify;\">&nbsp;<\/p>\n<p style=\"text-align: justify;\"><strong>Cento giorni di Amministrazione Resta. La sua valutazione politica.<\/strong><\/p>\n<p style=\"text-align: justify;\">\u00abIn base alla mia esperienza politica, emerge chiaramente che questa Amministrazione \u00e8 nata male: anche se sa mascherare bene le proprie divisioni interne, vive una crisi politica che si riversa anche nella gestione del paese.<\/p>\n<p style=\"text-align: justify;\">Tutti sappiamo che il consigliere Teresita De Florio ha rimesso la delega alla Polizia Municipale, ritenendola incompatibile con quella alla Sicurezza affidata all\u2019assessore Gigantelli. Tuttavia, questo atto rappresenta solo la punta dell\u2019iceberg: il vero problema \u00e8 che il sindaco Tina Resta ha dovuto trattenere nelle sue mani quattro deleghe perch\u00e9 non \u00e8 ancora riuscita a trovare un punto di equilibrio tra le richieste del gruppo Onofrio Resta e quelle del gruppo Michele Boccardi.<\/p>\n<p style=\"text-align: justify;\">In una buona Amministrazione tutte le deleghe sarebbero gi\u00e0 state assegnate; se poi, strada facendo, il sindaco si fosse reso conto che qualche assessore o consigliere delegato zoppicava, avrebbe sempre potuto intervenire per affiancarlo.<\/p>\n<p style=\"text-align: justify;\">L\u2019attesa o \u00e8 riconducibile alle fibrillazioni politiche di cui parlavo prima, oppure devo concludere che \u00e8 motivata dall\u2019incapacit\u00e0 della squadra di governo. Ipotesi ancora pi\u00f9 grave perch\u00e9 vorrebbe dire che tutta quella competenza e professionalit\u00e0 vantata in campagna elettorale era solo un abbaglio per gli elettori\u00bb.<\/p>\n<p style=\"text-align: justify;\">&nbsp;<\/p>\n<p style=\"text-align: justify;\"><strong>Sotto il profilo gestionale, che bilancio \u00e8 possibile fare?<\/strong><\/p>\n<p style=\"text-align: justify;\">\u00abA parte l\u2019ordinaria amministrazione, in questi cento giorni non si \u00e8 visto nulla. Il che mi fa pensare che nei prossimi mesi continuer\u00e0 a esserci il buio.<\/p>\n<p style=\"text-align: justify;\">In questa fase avrebbero dovuto attivarsi per intercettare i finanziamenti utili a realizzare le opere necessarie a far crescere il paese. E invece nulla. Non si parla di rilancio dell\u2019attivit\u00e0 sportiva e men che mai di iniziative per le attivit\u00e0 produttive e per il comparto culturale e turistico; non vedo alcun assessore discutere con l\u2019aria tecnica per mettere a punto un programma di rifacimento della viabilit\u00e0 urbana ed extraurbana; il verde pubblico \u00e8 stato potato grazie al Commissario che, prima di andar via, aveva predisposto tutti gli atti utili.<\/p>\n<p style=\"text-align: justify;\">Ho conosciuto Tina Resta durante l\u2019Amministrazione De Grisantis, che si \u00e8 rivelata disastrosa soprattutto nel campo urbanistico, considerando che in quel periodo storico sono state rilasciate l\u201980% delle concessioni edilizie. Spero questa volta agisca con maggiore responsabilit\u00e0 e trasparenza, visto che ci sono varie questioni critiche, che sono attualmente anche al vaglio della Commissione di controllo. Una su tutte \u00e8 la sanatoria concessa per una nota struttura ricettiva, rilasciata nelle ultime settimane nonostante ci sia un procedimento penale in corso. Attendo fiducioso il risultato della Commissione presieduta da Angelo Palmisano, augurandomi che nessuno tenti di \u201cmascherare\u201d situazioni che sono al di fuori delle regole urbanistiche\u00bb.<\/p>\n<p style=\"text-align: justify;\">&nbsp;<\/p>\n<p style=\"text-align: justify;\"><strong>Ha citato la Commissione di controllo. Al momento si sta analizzando anche il caso dell\u2019assunzione dell\u2019ing. Del Rosso.<\/strong><\/p>\n<p style=\"text-align: justify;\">\u00abPer l\u2019ing. Del Rosso sono a conoscenza che fin dall\u2019inizio non ha nascosto i carichi pendenti che aveva. Dunque, se una Commissione e un Segretario comunale hanno ritenuto legittima la candidatura e la successiva assunzione del professionista in questione, evidentemente sono stati compiuti tutti gli accertamenti del caso. Viceversa, qualora dovesse emergere che nell\u2019istruttoria sia stata commessa qualche leggerezza, gli Uffici dovranno assumersi le proprie responsabilit\u00e0\u00bb.<\/p>\n<p style=\"text-align: justify;\">&nbsp;<\/p>\n<p style=\"text-align: justify;\"><strong>Cosa ne pensa invece della regolarit\u00e0 della nomina del dott. Frugis?<\/strong><\/p>\n<p style=\"text-align: justify;\">\u00abIl dott. Frugis l\u2019ho conosciuto come responsabile del Settore Economia e Finanza durante l\u2019Amministrazione Gigantelli e ha svolto il suo lavoro in maniera impeccabile. \u00c8 un professionista molto preparato, conosce le normative e potrebbe fornire un importante aiuto al Comune di Turi. Personalmente ritengo che la nomina del dott. Frugis a membro unico dell\u2019Organismo Interno di Valutazione sia avvenuta nel rispetto delle leggi. Ad ogni modo, spetter\u00e0 alla Commissione chiarire al Consiglio comunale e alla cittadinanza se ci sono state irregolarit\u00e0\u00bb.<\/p>\n<p style=\"text-align: right;\"><strong>FD<\/strong><\/p>\n","protected":false},"excerpt":{"rendered":"<p><img loading=\"lazy\" decoding=\"async\" src=\"https:\/\/live.staticflickr.com\/65535\/48690667766_c5d8dfe790_n.jpg\" alt=\"Paolo Tundo\" width=\"276\" height=\"320\" \/><\/p>\n","protected":false},"author":1,"featured_media":0,"comment_status":"open","ping_status":"closed","sticky":false,"template":"","format":"standard","meta":{"colormag_page_container_layout":"default_layout","colormag_page_sidebar_layout":"default_layout","footnotes":""},"categories":[4],"tags":[],"class_list":["post-16876","post","type-post","status-publish","format-standard","hentry","category-politica"],"_links":{"self":[{"href":"https:\/\/archivioturi.lavocedelpaese.info\/index.php\/wp-json\/wp\/v2\/posts\/16876","targetHints":{"allow":["GET"]}}],"collection":[{"href":"https:\/\/archivioturi.lavocedelpaese.info\/index.php\/wp-json\/wp\/v2\/posts"}],"about":[{"href":"https:\/\/archivioturi.lavocedelpaese.info\/index.php\/wp-json\/wp\/v2\/types\/post"}],"author":[{"embeddable":true,"href":"https:\/\/archivioturi.lavocedelpaese.info\/index.php\/wp-json\/wp\/v2\/users\/1"}],"replies":[{"embeddable":true,"href":"https:\/\/archivioturi.lavocedelpaese.info\/index.php\/wp-json\/wp\/v2\/comments?post=16876"}],"version-history":[{"count":0,"href":"https:\/\/archivioturi.lavocedelpaese.info\/index.php\/wp-json\/wp\/v2\/posts\/16876\/revisions"}],"wp:attachment":[{"href":"https:\/\/archivioturi.lavocedelpaese.info\/index.php\/wp-json\/wp\/v2\/media?parent=16876"}],"wp:term":[{"taxonomy":"category","embeddable":true,"href":"https:\/\/archivioturi.lavocedelpaese.info\/index.php\/wp-json\/wp\/v2\/categories?post=16876"},{"taxonomy":"post_tag","embeddable":true,"href":"https:\/\/archivioturi.lavocedelpaese.info\/index.php\/wp-json\/wp\/v2\/tags?post=16876"}],"curies":[{"name":"wp","href":"https:\/\/api.w.org\/{rel}","templated":true}]}}