{"id":16850,"date":"2019-09-01T06:38:33","date_gmt":"2019-09-01T06:38:33","guid":{"rendered":"https:\/\/archivioturi.lavocedelpaese.info\/index.php\/2019\/09\/01\/i-pet-e-paccije-da-turi-a-san-vito-e-oltre\/"},"modified":"2019-09-01T06:38:33","modified_gmt":"2019-09-01T06:38:33","slug":"i-pet-e-paccije-da-turi-a-san-vito-e-oltre","status":"publish","type":"post","link":"https:\/\/archivioturi.lavocedelpaese.info\/index.php\/2019\/09\/01\/i-pet-e-paccije-da-turi-a-san-vito-e-oltre\/","title":{"rendered":"\u201cI Pet e Paccije\u201d da Turi a San Vito\u2026 e oltre"},"content":{"rendered":"<p><img loading=\"lazy\" decoding=\"async\" src=\"https:\/\/live.staticflickr.com\/65535\/48650184312_3b2426c66f_n.jpg\" alt=\"extra run (2)\" width=\"320\" height=\"240\" \/><\/p>\n<p style=\"text-align: center;\"><strong>Completano un percorso di 25 km e spostano l\u2019asticella a 30 km per la prossima tappa<\/strong><\/p>\n<p style=\"text-align: justify;\">\u201cI Pet e Paccije \u2013 Extra Run\u201d, gruppo podistico turese nato all\u2019interno di Extra Run, \u00e8 in attivit\u00e0 da ormai alcuni anni. Come si intuisce dal suo nome, vi \u00e8 della follia in questo gruppo di intrepidi atleti, appassionati di \u201ccorsa su gambe\u201d da attuarsi alle prime ore del mattino su percorsi particolari e, possibilmente, sempre aumentando i chilometri da macinare, sempre spostando pi\u00f9 in l\u00e0 la meta da raggiungere.<\/p>\n<p style=\"text-align: justify;\">Lo scorso 22 agosto, dopo il raduno in Largo Pozzi alle 05.00 del mattino, \u201cI Pet e Paccije\u201d hanno iniziato a muoversi alla volta di San Vito lungo un percorso di ben 25 km: partiti da Turi, hanno raggiunto Conversano e Polignano, per poi, alle ore 07.20, essere finalmente a destinazione presso l\u2019Abbazia di San Vito. Qui il gruppo sportivo \u00e8 stato accolto dalla benedizione e dal caff\u00e8 gentilmente offerto da Don Gaetano Luca, arciprete della Chiesa Matrice di Polignano: al termine di una sudata di questa portata, \u00e8 stato inoltre inevitabile un piacevole e rinfrescante bagno nelle acque cristalline polignanesi.<\/p>\n<p style=\"text-align: justify;\">Per riuscire in questa impresa non da poco per un gruppo amatoriale, i podisti si sono allenati nel corso delle settimane precedenti e si sono avvalsi delle consulenze tecniche del biologo nutrizionista Giuseppe Catania. Per capire cosa sottende la scelta di questo difficile e lungo percorso, abbiamo chiesto a Vincenzo Perfido, ovvero l\u2019organizzatore della tappa in questione, di entrare nel merito: \u201cCirca 10 anni fa, quattro membri dell\u2019attuale gruppo, ovvero io stesso, Domenico Fortunato, Vito e Franco Ventrella, hanno affrontato e completato la stessa fatica. Abbiamo deciso di ripeterci assieme a tutti gli altri \u201cpet e paccije\u201d, dopo una preparazione che ci ha visti impegnati per circa 15 giorni. Adesso \u2013 racconta entusiasta \u2013 stiamo pensando ad una nuova tappa, raggiungibile dopo non meno di 30 chilometri. Chiunque pu\u00f2 partecipare, a patto che abbia a cuore la corsa: per unirsi al nostro gruppo \u00e8 possibile rivolgersi al Presidente Giangiacomo Valentini\u201d.<\/p>\n<p style=\"text-align: justify;\">Per adesso il gruppo dei podisti si compone di: Martino Palmisano, Franco Ventrella, Vito Ventrella, Giuseppe Catania, Giangiacomo Valentini, Vincenzo Perfido, Lello Genchi, Luigi Saddi, Antonio Busco, Domenico Fortunato. Insomma, come appena visto, si tratta di un gruppo di temerari, tutti turesi, fedeli ad una filosofia che ben riassume il senso di qualsiasi sport: provare i propri limiti e pian piano superarli, come in una corsa, pi\u00f9 che con gli altri, con se stessi.<\/p>\n<p style=\"text-align: right;\"><strong>LEONARDO FLORIO<\/strong><\/p>\n<p style=\"text-align: center;\"><img loading=\"lazy\" decoding=\"async\" src=\"https:\/\/live.staticflickr.com\/65535\/48650042831_7e05923b08_z.jpg\" alt=\"extra run (1)\" width=\"640\" height=\"480\" \/><\/p>\n","protected":false},"excerpt":{"rendered":"<p><img loading=\"lazy\" decoding=\"async\" src=\"https:\/\/live.staticflickr.com\/65535\/48650184312_3b2426c66f_n.jpg\" alt=\"extra run (2)\" width=\"320\" height=\"240\" \/><\/p>\n","protected":false},"author":1,"featured_media":0,"comment_status":"open","ping_status":"closed","sticky":false,"template":"","format":"standard","meta":{"colormag_page_container_layout":"default_layout","colormag_page_sidebar_layout":"default_layout","footnotes":""},"categories":[5],"tags":[],"class_list":["post-16850","post","type-post","status-publish","format-standard","hentry","category-sport"],"_links":{"self":[{"href":"https:\/\/archivioturi.lavocedelpaese.info\/index.php\/wp-json\/wp\/v2\/posts\/16850","targetHints":{"allow":["GET"]}}],"collection":[{"href":"https:\/\/archivioturi.lavocedelpaese.info\/index.php\/wp-json\/wp\/v2\/posts"}],"about":[{"href":"https:\/\/archivioturi.lavocedelpaese.info\/index.php\/wp-json\/wp\/v2\/types\/post"}],"author":[{"embeddable":true,"href":"https:\/\/archivioturi.lavocedelpaese.info\/index.php\/wp-json\/wp\/v2\/users\/1"}],"replies":[{"embeddable":true,"href":"https:\/\/archivioturi.lavocedelpaese.info\/index.php\/wp-json\/wp\/v2\/comments?post=16850"}],"version-history":[{"count":0,"href":"https:\/\/archivioturi.lavocedelpaese.info\/index.php\/wp-json\/wp\/v2\/posts\/16850\/revisions"}],"wp:attachment":[{"href":"https:\/\/archivioturi.lavocedelpaese.info\/index.php\/wp-json\/wp\/v2\/media?parent=16850"}],"wp:term":[{"taxonomy":"category","embeddable":true,"href":"https:\/\/archivioturi.lavocedelpaese.info\/index.php\/wp-json\/wp\/v2\/categories?post=16850"},{"taxonomy":"post_tag","embeddable":true,"href":"https:\/\/archivioturi.lavocedelpaese.info\/index.php\/wp-json\/wp\/v2\/tags?post=16850"}],"curies":[{"name":"wp","href":"https:\/\/api.w.org\/{rel}","templated":true}]}}