{"id":16823,"date":"2019-08-09T06:15:42","date_gmt":"2019-08-09T06:15:42","guid":{"rendered":"https:\/\/archivioturi.lavocedelpaese.info\/index.php\/2019\/08\/09\/maggioranza-e-opposizione-a-confronto\/"},"modified":"2019-08-09T06:15:42","modified_gmt":"2019-08-09T06:15:42","slug":"maggioranza-e-opposizione-a-confronto","status":"publish","type":"post","link":"https:\/\/archivioturi.lavocedelpaese.info\/index.php\/2019\/08\/09\/maggioranza-e-opposizione-a-confronto\/","title":{"rendered":"Maggioranza e opposizione a confronto"},"content":{"rendered":"<p><img loading=\"lazy\" decoding=\"async\" src=\"https:\/\/live.staticflickr.com\/65535\/48441791792_72563c93bb_n.jpg\" alt=\"consiglio comunale 30.07.19\" width=\"320\" height=\"240\" \/><\/p>\n<p style=\"text-align: center;\"><strong>Le domande del consigliere Lilli Susca portano ad affrontare i problemi di stretta attualit\u00e0<\/strong><\/p>\n<p style=\"text-align: justify;\">Gli ultimi punti all\u2019ordine del giorno vedono la nomina dei due consiglieri comunali che, insieme al sindaco, faranno parte della Commissione che curer\u00e0 l\u2019aggiornamento degli Albi dei giudici popolari nelle Corti di Assise e nelle Corti di Assise di Appello. Su suggerimento del sindaco Resta, il Consiglio decide all\u2019unanimit\u00e0 che siano i due capigruppo a designare un componente a testa, evitando lo scrutinio. Per la maggioranza viene scelto Lanfranco Netti, per l\u2019opposizione Giannalisa Zaccheo.<\/p>\n<p style=\"text-align: justify;\">Votata all\u2019unanimit\u00e0 la rettifica della deliberazione commissariale con cui \u00e8 stato approvato il \u201cProgramma triennale dei Lavori Pubblici e dell\u2019elenco annuale dei lavori per l\u2019anno 2019\u201d e di quella che ha licenziato il \u201cProgramma biennale di beni e servizi 2019\/2020\u201d. Provvedimento resosi necessario per un refuso nell\u2019incartamento da parte degli uffici.<\/p>\n<p style=\"text-align: justify;\">Si dovrebbe passare all\u2019esame dell\u2019interrogazione di Sergio Spinelli ma il Consiglio devia dal canovaccio e si inoltra in un dibattito che finisce per abbracciare vari punti: dagli allagamenti in occasione delle piogge dello scorso 13 luglio alle remissioni delle deleghe del consigliere Teresita De Florio; dalla criticit\u00e0 dell\u2019assenza di personale alla \u201cmedaglia al valore\u201d che Palmisano consegna a Tina Resta per aver scelto di trattenere quattro deleghe tra le pi\u00f9 impegnative.<\/p>\n<p style=\"text-align: justify;\">A dare il via a questa irrituale fase dell\u2019assise \u00e8 il consigliere Lilli Susca che chiede la possibilit\u00e0 di porre alcune domande. \u00abLa prima riguarda il progetto Centro Antico Smart, sovvenzionato con 700mila euro. Leggo che, nonostante la scadenza si il 31 agosto, il livello di progettazione \u00e8 \u201czero\u201d\u00bb.<\/p>\n<p style=\"text-align: justify;\">\u00abCon determina 131 \u2013 risponde l\u2019assessore Dell\u2019Aera \u2013 si \u00e8 proceduto all\u2019affidamento della progettazione e alla gestione dei lavori all\u2019ing. Desiderato. Da parte nostra c\u2019\u00e8 la massima attenzione a seguire il progetto e gi\u00e0 nei primi giorni di agosto ci verr\u00e0 presentato lo studio di fattibilit\u00e0\u00bb.<\/p>\n<p style=\"text-align: justify;\">\u00abMi fa specie \u2013 contesta il consigliere Zaccheo \u2013 che per un finanziamento intercettato nel 2016 si arrivi ad affidare la progettazione solo nel 2019, so che non \u00e8 una responsabilit\u00e0 di questa Amministrazione ma chiedo di prestare attenzione all\u2019Ufficio Tecnico\u00bb. \u00abNoi siamo riusciti a individuare il professionista in due mesi \u2013 annota il sindaco Resta \u2013 bisognerebbe chiedere perch\u00e9 non lo si \u00e8 fatto nei tre anni precedenti\u00bb.<\/p>\n<p style=\"text-align: justify;\">Sempre su sollecitazione del consigliere Susca, si affronta il tema delle \u201cfototrappole\u201d per prevenire il fenomeno dell\u2019abbandono dei rifiuti, che sempre pi\u00f9 spesso vengono incendiati per \u201crisolvere il problema\u201d. Dell\u2019Aera conviene sulla necessit\u00e0 di utilizzare questo strumento \u00abnon solo nel territorio extraurbano ma anche in quello urbano. Ci sono tante criticit\u00e0: la nostra intenzione \u00e8 di intervenire con una verifica puntuale al fianco della Polizia Municipale su questi comportamenti illeciti e contro il decoro urbano, che portano a degli aggravi sulle tariffe di conferimento\u00bb.<\/p>\n","protected":false},"excerpt":{"rendered":"<p><img loading=\"lazy\" decoding=\"async\" src=\"https:\/\/live.staticflickr.com\/65535\/48441791792_72563c93bb_n.jpg\" alt=\"consiglio comunale 30.07.19\" width=\"320\" height=\"240\" \/><\/p>\n","protected":false},"author":1,"featured_media":0,"comment_status":"open","ping_status":"closed","sticky":false,"template":"","format":"standard","meta":{"colormag_page_container_layout":"default_layout","colormag_page_sidebar_layout":"default_layout","footnotes":""},"categories":[4],"tags":[],"class_list":["post-16823","post","type-post","status-publish","format-standard","hentry","category-politica"],"_links":{"self":[{"href":"https:\/\/archivioturi.lavocedelpaese.info\/index.php\/wp-json\/wp\/v2\/posts\/16823","targetHints":{"allow":["GET"]}}],"collection":[{"href":"https:\/\/archivioturi.lavocedelpaese.info\/index.php\/wp-json\/wp\/v2\/posts"}],"about":[{"href":"https:\/\/archivioturi.lavocedelpaese.info\/index.php\/wp-json\/wp\/v2\/types\/post"}],"author":[{"embeddable":true,"href":"https:\/\/archivioturi.lavocedelpaese.info\/index.php\/wp-json\/wp\/v2\/users\/1"}],"replies":[{"embeddable":true,"href":"https:\/\/archivioturi.lavocedelpaese.info\/index.php\/wp-json\/wp\/v2\/comments?post=16823"}],"version-history":[{"count":0,"href":"https:\/\/archivioturi.lavocedelpaese.info\/index.php\/wp-json\/wp\/v2\/posts\/16823\/revisions"}],"wp:attachment":[{"href":"https:\/\/archivioturi.lavocedelpaese.info\/index.php\/wp-json\/wp\/v2\/media?parent=16823"}],"wp:term":[{"taxonomy":"category","embeddable":true,"href":"https:\/\/archivioturi.lavocedelpaese.info\/index.php\/wp-json\/wp\/v2\/categories?post=16823"},{"taxonomy":"post_tag","embeddable":true,"href":"https:\/\/archivioturi.lavocedelpaese.info\/index.php\/wp-json\/wp\/v2\/tags?post=16823"}],"curies":[{"name":"wp","href":"https:\/\/api.w.org\/{rel}","templated":true}]}}