{"id":16774,"date":"2019-07-24T06:33:53","date_gmt":"2019-07-24T06:33:53","guid":{"rendered":"https:\/\/archivioturi.lavocedelpaese.info\/index.php\/2019\/07\/24\/nessuna-crisi-di-maggioranza-2\/"},"modified":"2019-07-24T06:33:53","modified_gmt":"2019-07-24T06:33:53","slug":"nessuna-crisi-di-maggioranza-2","status":"publish","type":"post","link":"https:\/\/archivioturi.lavocedelpaese.info\/index.php\/2019\/07\/24\/nessuna-crisi-di-maggioranza-2\/","title":{"rendered":"\u201cNessuna crisi di maggioranza\u201d"},"content":{"rendered":"<p><img loading=\"lazy\" decoding=\"async\" src=\"https:\/\/live.staticflickr.com\/65535\/48318898657_fc344d5dbc_n.jpg\" alt=\"Giovanni Settanni\" width=\"320\" height=\"320\" \/><\/p>\n<p style=\"text-align: center;\"><strong>Giovanni Settanni: \u201cL&#8217;amministrazione si sta muovendo con molta solerzia, il problema \u00e8 che veniamo da anni di pieno \u201csonno\u201d<\/strong><\/p>\n<p style=\"text-align: justify;\">Questa settimana, oltre alla programmazione estiva, la cronaca politica continua a essere occupata dalla remissione delle deleghe da parte del consigliere Teresita De Florio. Una situazione su cui permane un alone di scarsa chiarezza, complice la decisione della stessa De Florio di non esplicitare le ragioni della sua scelta.<\/p>\n<p style=\"text-align: justify;\">Un aiuto a dipanare la matassa arriva dall\u2019intervista che ci ha rilasciato Giovanni Settanni, militante di Fratelli d\u2019Italia. Apprendiamo che il passo indietro della dottoressa De Florio deriverebbe dalla \u201csovrapposizione\u201d delle sue deleghe con quella alla sicurezza, affidata all\u2019assessore Graziano Gigantelli. Una scelta che Settanni reputa giusta nell\u2019ottica della razionalizzazione delle risorse e del buon amministrare. Quanto al \u201ccongelamento\u201d richiesto dal prof. Resta, capogruppo di maggioranza e referente degli indipendenti, pare sia stato propedeutico a un chiarimento, che sarebbe riuscito a evitare una frattura interna all\u2019amministrazione.<\/p>\n<p style=\"text-align: justify;\">Tra i vari temi affrontati nella chiacchierata con Settanni, c\u2019\u00e8 anche quello del rendimento del governo Resta, costretto a essere spesso impegnato nell\u2019ordinaria amministrazione visto che \u201cper cinque anni non si \u00e8 fatta neanche quella\u201d.<\/p>\n<p style=\"text-align: justify;\">&nbsp;<\/p>\n<p style=\"text-align: justify;\"><strong>Come spiega la scelta del consigliere Teresita De Florio di rimettere le deleghe senza dialogare con i colleghi di maggioranza? \u00c8 finita la \u201cluna di miele\u201d del governo Resta?<\/strong><\/p>\n<p style=\"text-align: justify;\">\u00abLa scelta del consigliere De Florio di lasciare le deleghe la ritengo giusta per una questione puramente tecnica: \u00e8 inutile e deleterio per il buon amministrare avere sovrapposizioni di ruoli e compiti. Sono convinto che la dottoressa De Florio sapr\u00e0 lo stesso dare una mano, perch\u00e9 \u00e8 una delle persone pi\u00f9 esperte nell&#8217;ambito amministrativo dell&#8217;intero Consiglio comunale. Non servono solo le deleghe per aiutare &#8220;la barca&#8221; a veleggiare\u00bb.<\/p>\n<p style=\"text-align: justify;\">&nbsp;<\/p>\n<p style=\"text-align: justify;\"><strong>Onofrio Resta ha inviato una mail in cui, come referente degli indipendenti, chiede di congelare la vicenda in attesa di chiarimenti. Si riuscir\u00e0 a ricomporre la frattura o dobbiamo aspettarci che la De Florio lasci la maggioranza?<\/strong><\/p>\n<p style=\"text-align: justify;\">\u00abPosso assicurare per certo che non c&#8217;\u00e8 nessuna frattura, la dottoressa De Florio partecipa convintamente a tutte le riunioni di maggioranza in questi giorni senza nessun problema. Capisco che l&#8217;opposizione debba &#8220;sognare&#8221; una crisi ma, se si vuole essere obiettivi, in questo mesetto sono nati tra loro problemi e diverbi vari, perfino sui voti &#8220;di coppia&#8221;\u00bb.<\/p>\n<p style=\"text-align: justify;\">&nbsp;<\/p>\n<p style=\"text-align: justify;\"><strong>L\u2019opposizione ha evidenziato che attualmente viene corrisposto un indennizzo all\u2019assessore Sandro Laera, nonostante sia impossibilitato a operare per motivi di salute. Il sindaco avrebbe dovuto congelare quelle deleghe in attesa del rientro del dott. Laera?<\/strong><\/p>\n<p style=\"text-align: justify;\">\u00abL&#8217;assessore Laera, per fortuna, non si \u00e8 operato al cervello ma alla gamba e alla spalla, per cui riesce ancora a leggere e scrivere bene e a lavorare grazie ad un \u201cmacchinario\u201d chiamato computer. Credo lo abbiano inventato da tempo! Giusto criticare l&#8217;operato di un assessore politicamente ma non con queste modalit\u00e0, anche perch\u00e9 potrei scrivere di tanti assessori che in passato erano sempre presenti fisicamente ma hanno fatto solo danni a Turi\u00bb.<\/p>\n<p style=\"text-align: justify;\">&nbsp;<\/p>\n<p style=\"text-align: justify;\"><strong>L\u2019Amministrazione viene accusata di muoversi troppo lentamente. A suo parere \u00e8 una questione di carenza di organico o c\u2019\u00e8 una difficolt\u00e0 a rapportarsi con gli Uffici?<\/strong><\/p>\n<p style=\"text-align: justify;\">\u00abL&#8217;Amministrazione si sta muovendo con molta solerzia, il problema \u00e8 che veniamo da anni di pieno \u201csonno\u201d. Finora molte volte l&#8217;amministrazione si \u00e8 impegnata in &#8220;ordinaria amministrazione&#8221;, ma non \u00e8 colpa loro se per cinque anni non si \u00e8 fatta neanche quella! Gli uffici? Sono ben spronati a lavorare e a produrre\u00bb.<\/p>\n<p style=\"text-align: justify;\">&nbsp;<\/p>\n<p style=\"text-align: justify;\"><strong>Ci sono critiche anche a riguardo della programmazione estiva, ritenuta di breve respiro e inadeguata a promuovere il territorio.<\/strong><\/p>\n<p style=\"text-align: justify;\">\u00abIn poco tempo e con i soldi previsti in Bilancio certamente non si poteva fare di pi\u00f9 e meglio. Poi a chi critica mi vien da chiedere: \u201cMa voi a Turi cosa mai avete organizzato?\u201d. Meno parole su Facebook e pi\u00f9 impegno per far risvegliare Turi. Meglio stendere un &#8220;velo pietoso&#8221; per chi organizza le serate con i nostri prodotti fuori Turi! Bisogna voler bene a Turi sempre, non in base ai risultati elettorali. Le polemiche politiche non devono sminuire la volont\u00e0 di far qualcosa di bello per il nostro Paese\u00bb.<\/p>\n<p style=\"text-align: justify;\">&nbsp;<\/p>\n<p style=\"text-align: justify;\"><strong>Sempre sull\u2019Estate Turese, Rifondazione Comunista ha evidenziato il costo eccessivo del cineforum.<\/strong><\/p>\n<p style=\"text-align: justify;\">\u00abRifondazione Comunista? Esiste ancora? Fa piacere, almeno mi diverto ancora a punzecchiarli. Perch\u00e9 il costo di gestione del Cinema all&#8217;aperto \u00e8 aumentato? Per un semplice motivo: quest&#8217;anno c&#8217;\u00e8 una voce di spesa in pi\u00f9 per chi organizza: le sedie. Fate conto che dal 1999 (assessore Volza) al 2012 (assessore Tina Resta, assessore Tateo&#8230;), si sono sempre utilizzate quelle di propriet\u00e0 comunale, ora bisogna affittarle. Io per anni, insieme al grande e compianto Gianrocco Borracci, ho tenuto in piedi (gratis ) il Cinema all&#8217;aperto, mettendo per due volte alla settimana 400 sedie alla volta\u00bb.<\/p>\n<p style=\"text-align: justify;\">&nbsp;<\/p>\n<p style=\"text-align: justify;\"><strong>Venendo alla Festa di Sant\u2019Oronzo, abbiamo appreso di un debito pregresso che si aggirerebbe intorno ai 30mila euro. In che modo si ripianano i conti?<\/strong><\/p>\n<p style=\"text-align: justify;\">\u00abIo vorrei chiedere a voi e ad Angelo Palmisano, che parla persino di 35 mila euro, da dove viene questa cifra. Per ovvi motivi, se c&#8217;\u00e8 un debito, sar\u00e0 chi ha firmato i contratti a preoccuparsi di pagare. Questo non \u00e8 un problema n\u00e9 dell&#8217;Amministrazione n\u00e9 del Nuovo Comitato\u00bb.<\/p>\n<p style=\"text-align: justify;\">&nbsp;<\/p>\n<p style=\"text-align: justify;\"><strong>Livio Lerede \u00e8 la scelta giusta per rinnovare la Festa Patronale?<\/strong><\/p>\n<p style=\"text-align: justify;\">\u00abLa scelta di Livio Lerede \u00e8 stata ottima! Livio \u00e8 \u201cl&#8217;uomo giusto al posto giusto\u201d. Ottimo organizzatore di eventi insieme al suo bellissimo gruppo, ha una grande fede per Sant&#8217;Oronzo e per questioni lavorative \u00e8 un grande esperto di Feste Patronali. Siamo fortunati ad avere sia il Presidente che il Presidente Onorario vogliosi di fare una grande Festa Patronale. Giusto ribadire con forza che non sar\u00e0 \u201cuna festa di tono minore\u201d ma una grandissima Festa piena di passione, fede e tradizione per il nostro Santo Patrono Oronzo. La nostra Festa \u00e8 di tutti e tutti i turesi possono e devono dare una mano per renderla sempre pi\u00f9 bella! Per me sar\u00e0 la 20esima volta nel Comitato Festa Patronale. Un grande onore e un impegno per il mio Paese. Viva Sant&#8217;Oronzo e forza turesi!\u00bb.<\/p>\n<p style=\"text-align: justify;\">&nbsp;<\/p>\n<p style=\"text-align: justify;\"><strong>Cosa ne pensa dell\u2019idea di creare una Fondazione per Sant\u2019Oronzo?<\/strong><\/p>\n<p style=\"text-align: justify;\">\u00abL&#8217;idea della Fondazione esce annualmente in questo periodo sui giornali locali perch\u00e9 qualcuno sente il bisogno spasmodico di comparire sugli stessi. Comunque sia, ogni \u201csogno di gloria\u201d si scontra come giusto che sia con la realt\u00e0. La Festa Patronale non \u00e8 una \u201cfesta normale\u201d ma ha dei protocolli rigidi; il Presidente della Festa non \u00e8 una scelta &#8220;politica&#8221; ma viene scelto dalla Curia che demanda l&#8217;onere all\u2019Arciprete. Non penso proprio che la Curia abbia intenzione di lasciare &#8220;potere&#8221;, anche perch\u00e9 la Festa \u00e8 religiosa e civile. Altra cosa \u00e8 creare una Fondazione per gli studi oronziani e per far conoscere ai pi\u00f9 il culto di Sant&#8217;Oronzo. Vedo la Fondazione come un organo scientifico, non per organizzare la Festa. Qualche anno fa si incominci\u00f2 con un ricco programma di scambi culturali e artistici con tutti i Comuni pugliesi (soprattutto brindisini e leccesi) che condividevano con Turi il culto per il primo Vescovo di Lecce. Bisogna fare rete e programmare, questo si\u00bb.<\/p>\n<p style=\"text-align: right;\"><strong>FD<\/strong><\/p>\n","protected":false},"excerpt":{"rendered":"<p><img loading=\"lazy\" decoding=\"async\" src=\"https:\/\/live.staticflickr.com\/65535\/48318898657_fc344d5dbc_n.jpg\" alt=\"Giovanni Settanni\" width=\"320\" height=\"320\" \/><\/p>\n","protected":false},"author":1,"featured_media":0,"comment_status":"open","ping_status":"closed","sticky":false,"template":"","format":"standard","meta":{"colormag_page_container_layout":"default_layout","colormag_page_sidebar_layout":"default_layout","footnotes":""},"categories":[4],"tags":[],"class_list":["post-16774","post","type-post","status-publish","format-standard","hentry","category-politica"],"_links":{"self":[{"href":"https:\/\/archivioturi.lavocedelpaese.info\/index.php\/wp-json\/wp\/v2\/posts\/16774","targetHints":{"allow":["GET"]}}],"collection":[{"href":"https:\/\/archivioturi.lavocedelpaese.info\/index.php\/wp-json\/wp\/v2\/posts"}],"about":[{"href":"https:\/\/archivioturi.lavocedelpaese.info\/index.php\/wp-json\/wp\/v2\/types\/post"}],"author":[{"embeddable":true,"href":"https:\/\/archivioturi.lavocedelpaese.info\/index.php\/wp-json\/wp\/v2\/users\/1"}],"replies":[{"embeddable":true,"href":"https:\/\/archivioturi.lavocedelpaese.info\/index.php\/wp-json\/wp\/v2\/comments?post=16774"}],"version-history":[{"count":0,"href":"https:\/\/archivioturi.lavocedelpaese.info\/index.php\/wp-json\/wp\/v2\/posts\/16774\/revisions"}],"wp:attachment":[{"href":"https:\/\/archivioturi.lavocedelpaese.info\/index.php\/wp-json\/wp\/v2\/media?parent=16774"}],"wp:term":[{"taxonomy":"category","embeddable":true,"href":"https:\/\/archivioturi.lavocedelpaese.info\/index.php\/wp-json\/wp\/v2\/categories?post=16774"},{"taxonomy":"post_tag","embeddable":true,"href":"https:\/\/archivioturi.lavocedelpaese.info\/index.php\/wp-json\/wp\/v2\/tags?post=16774"}],"curies":[{"name":"wp","href":"https:\/\/api.w.org\/{rel}","templated":true}]}}