{"id":1677,"date":"2010-12-16T17:21:54","date_gmt":"2010-12-16T17:21:54","guid":{"rendered":"https:\/\/archivioturi.lavocedelpaese.info\/index.php\/2010\/12\/16\/manifesti-elettorali-a-piu-non-posso\/"},"modified":"2010-12-16T17:21:54","modified_gmt":"2010-12-16T17:21:54","slug":"manifesti-elettorali-a-piu-non-posso","status":"publish","type":"post","link":"https:\/\/archivioturi.lavocedelpaese.info\/index.php\/2010\/12\/16\/manifesti-elettorali-a-piu-non-posso\/","title":{"rendered":"MANIFESTI ELETTORALI A PIU&#8217; NON POSSO"},"content":{"rendered":"<p style=\"text-align: justify;\"><span style=\"font-size: 10pt;\"><span style=\"font-family: verdana,geneva;\"><img loading=\"lazy\" decoding=\"async\" class=\" size-full wp-image-1675\" alt=\"manifesto03\" src=\"https:\/\/archivioturi.lavocedelpaese.info\/wp-content\/uploads\/2010\/12\/manifesto03.jpg\" height=\"149\" width=\"319\" srcset=\"https:\/\/archivioturi.lavocedelpaese.info\/wp-content\/uploads\/2010\/12\/manifesto03.jpg 641w, https:\/\/archivioturi.lavocedelpaese.info\/wp-content\/uploads\/2010\/12\/manifesto03-300x140.jpg 300w\" sizes=\"auto, (max-width: 319px) 100vw, 319px\" \/><\/span><\/span><\/p>\n<p style=\"text-align: justify;\">&nbsp;<\/p>\n<p style=\"text-align: justify;\"><span style=\"font-size: 10pt;\"><span style=\"font-family: verdana,geneva;\">Continua a verificarsi nel nostro paese l&#8217;increscioso fenomeno delle affissioni selvagge di manifesti elettorali nelle ore notturne. Sfilze di faccioni tutti uguali che, con la presunzione di conquistare un voto solamente grazie al sorriso imposto alla povera gente che passeggiar il paese, imbrattano tutto il paese. Nei giorni scorsi avevamo gi\u00e0 lamentato questi episodi, spiegando che non era ancora stata definita la divisione degli spazi elettorali e quindi non era possibile affiggere alcun manifesto elettorale. Ma ora che \u00e8 stata regolamentata la campagna elettorale qualcuno si ostina a mandare i propri seguaci ad affiggere miriadi di manifesti in tutto il paese. I punti pi\u00f9 colpiti questa volta sono stati Largo Pozzi, Piazza Venusio, Largo Marchesale e via Putignano.<\/span><\/span><\/p>\n<div style=\"text-align: justify;\"><\/div>\n<p style=\"text-align: justify;\"><span style=\"font-size: 10pt;\"><span style=\"font-family: verdana,geneva;\">Quasi tutti questi manifesti affissi illecitamente sono stati coperti da altrettanti manifesti monocromatici o da quelli bianchi con la scritta nera &#8220;manifesto affisso fuori spazio&#8221;.<\/span><\/span><\/p>\n<p style=\"text-align: center;\"><span style=\"font-size: 10pt;\"><span style=\"font-family: verdana,geneva;\"><img loading=\"lazy\" decoding=\"async\" class=\" size-full wp-image-1676\" alt=\"MANIFESTO_FUORI_SPAZIO\" src=\"https:\/\/archivioturi.lavocedelpaese.info\/wp-content\/uploads\/2010\/12\/MANIFESTO_FUORI_SPAZIO.jpg\" height=\"300\" width=\"640\" srcset=\"https:\/\/archivioturi.lavocedelpaese.info\/wp-content\/uploads\/2010\/12\/MANIFESTO_FUORI_SPAZIO.jpg 640w, https:\/\/archivioturi.lavocedelpaese.info\/wp-content\/uploads\/2010\/12\/MANIFESTO_FUORI_SPAZIO-300x141.jpg 300w\" sizes=\"auto, (max-width: 640px) 100vw, 640px\" \/><br \/><\/span><\/span><\/p>\n<div style=\"text-align: justify;\"><\/div>\n<p style=\"text-align: justify;\"><span style=\"font-size: 10pt;\"><span style=\"font-family: verdana,geneva;\">Come accennavamo qualche giorno fa, <strong>non c&#8217;\u00e8 un regolamento comunale che determina i tempi e gli spazi elettorali in queste periodi, bens\u00ec c&#8217;\u00e8 una legge nazionale<\/strong> che organizza in questa maniera la campagna elettorale: nei trenta giorni precedenti alle votazioni, gli unici spazi per fare propaganda &#8211; non luminosa, non sonora (esclusi gli annunci ai comizi) &#8211; sono quelli stabiliti e concessi dal Comune, che a loro volta vengono divisi tra i partiti in apposite riunioni.<\/span><\/span><\/p>\n<div style=\"text-align: justify;\"><\/div>\n<p style=\"text-align: justify;\"><span style=\"font-size: 10pt;\"><span style=\"font-family: verdana,geneva;\">Proprio in rispetto di tale regolamento nazionale ieri mattina \u00e8 stato coperto anche un manifesto elettorale che \u00e8 stato affisso su un portone di casa sito in via XX settembre, di fronte al Comune. L&#8217;immagine ha colpito molto la nostra attenzione perch\u00e9, proprio nei giorni scorsi, noi della redazione ci stavamo chiedendo se fosse lecita o meno una propaganda elettorale cos\u00ec spudorata, &#8220;free&#8221;. E puntuale ci \u00e8 arrivata la risposta, come dimostra la foto in home page. Speriamo per lui che anche gli altri candidati non decidano di fare razzia di manifesti sul quel portone, altrimenti sarebbero guai per tutti.<br \/><\/span><\/span><\/p>\n<div style=\"text-align: justify;\"><\/div>\n","protected":false},"excerpt":{"rendered":"<p style=\"text-align: justify;\"><span style=\"font-size: 10pt;\"><span style=\"font-family: verdana,geneva;\"><img loading=\"lazy\" decoding=\"async\" class=\" size-full wp-image-1675\" alt=\"manifesto03\" src=\"https:\/\/archivioturi.lavocedelpaese.info\/wp-content\/uploads\/2010\/12\/manifesto03.jpg\" height=\"149\" width=\"319\" srcset=\"https:\/\/archivioturi.lavocedelpaese.info\/wp-content\/uploads\/2010\/12\/manifesto03.jpg 641w, https:\/\/archivioturi.lavocedelpaese.info\/wp-content\/uploads\/2010\/12\/manifesto03-300x140.jpg 300w\" sizes=\"auto, (max-width: 319px) 100vw, 319px\" \/><\/span><\/span><\/p>\n<p style=\"text-align: justify;\">&nbsp;<\/p>\n","protected":false},"author":1,"featured_media":1675,"comment_status":"open","ping_status":"closed","sticky":false,"template":"","format":"standard","meta":{"colormag_page_container_layout":"default_layout","colormag_page_sidebar_layout":"default_layout","footnotes":""},"categories":[4],"tags":[],"class_list":["post-1677","post","type-post","status-publish","format-standard","has-post-thumbnail","hentry","category-politica"],"_links":{"self":[{"href":"https:\/\/archivioturi.lavocedelpaese.info\/index.php\/wp-json\/wp\/v2\/posts\/1677","targetHints":{"allow":["GET"]}}],"collection":[{"href":"https:\/\/archivioturi.lavocedelpaese.info\/index.php\/wp-json\/wp\/v2\/posts"}],"about":[{"href":"https:\/\/archivioturi.lavocedelpaese.info\/index.php\/wp-json\/wp\/v2\/types\/post"}],"author":[{"embeddable":true,"href":"https:\/\/archivioturi.lavocedelpaese.info\/index.php\/wp-json\/wp\/v2\/users\/1"}],"replies":[{"embeddable":true,"href":"https:\/\/archivioturi.lavocedelpaese.info\/index.php\/wp-json\/wp\/v2\/comments?post=1677"}],"version-history":[{"count":0,"href":"https:\/\/archivioturi.lavocedelpaese.info\/index.php\/wp-json\/wp\/v2\/posts\/1677\/revisions"}],"wp:featuredmedia":[{"embeddable":true,"href":"https:\/\/archivioturi.lavocedelpaese.info\/index.php\/wp-json\/wp\/v2\/media\/1675"}],"wp:attachment":[{"href":"https:\/\/archivioturi.lavocedelpaese.info\/index.php\/wp-json\/wp\/v2\/media?parent=1677"}],"wp:term":[{"taxonomy":"category","embeddable":true,"href":"https:\/\/archivioturi.lavocedelpaese.info\/index.php\/wp-json\/wp\/v2\/categories?post=1677"},{"taxonomy":"post_tag","embeddable":true,"href":"https:\/\/archivioturi.lavocedelpaese.info\/index.php\/wp-json\/wp\/v2\/tags?post=1677"}],"curies":[{"name":"wp","href":"https:\/\/api.w.org\/{rel}","templated":true}]}}