{"id":16768,"date":"2019-07-22T08:55:15","date_gmt":"2019-07-22T08:55:15","guid":{"rendered":"https:\/\/archivioturi.lavocedelpaese.info\/index.php\/2019\/07\/22\/carenza-di-personale-in-comune-quali-soluzioni\/"},"modified":"2019-07-22T08:55:15","modified_gmt":"2019-07-22T08:55:15","slug":"carenza-di-personale-in-comune-quali-soluzioni","status":"publish","type":"post","link":"https:\/\/archivioturi.lavocedelpaese.info\/index.php\/2019\/07\/22\/carenza-di-personale-in-comune-quali-soluzioni\/","title":{"rendered":"Carenza di personale in Comune. Quali soluzioni?"},"content":{"rendered":"<p><img loading=\"lazy\" decoding=\"async\" src=\"https:\/\/live.staticflickr.com\/65535\/48318383351_c65f2a03d0_o.jpg\" alt=\"ministro trenta\" width=\"225\" height=\"225\" \/><\/p>\n<p style=\"text-align: center;\"><strong>Proposta una nuova possibilit\u00e0 per reperire risorse umane a costo zero<\/strong><\/p>\n<p style=\"text-align: justify;\">Quante volte in campagna elettorale abbiamo sentito parlare del problema carenza di personale in Comune? Moltissime starete pensando. Questo problema gi\u00e0 abbastanza grave ad oggi, assumer\u00e0 maggior gravit\u00e0 a causa dei numerosi pensionamenti che avremo entro la fine dell\u2019anno con la riforma \u201cquota cento\u201d.<\/p>\n<p style=\"text-align: justify;\">Un\u2019amministrazione comunale, anche quella composta da \u201cfenomeni\u201d, non potr\u00e0 di certo far molto senza alla base una squadra di tecnici e impiegati nei vari uffici comunali. Non dimentichiamoci che il personale \u00e8 un elemento cardine, deve essere impiegato nel giusto contesto e messo in condizione di poter ben operare.<\/p>\n<p style=\"text-align: justify;\">Senza dilungarci ulteriormente, la questione ormai \u00e8 nota ed \u00e8 una sorta di mantra quello del: \u201cChi pone un problema senza una soluzione \u00e8 parte del problema\u201d. Le soluzioni bisogna ricercarle minuziosamente, tralasciando strade rivelatesi inconcludenti come quella della mobilit\u00e0 volontaria.<\/p>\n<p style=\"text-align: justify;\">Nel sottotitolo abbiamo scritto, risorse umane a costo zero, avete letto bene, nessun errore: c\u2019\u00e8 la possibilit\u00e0, (quindi ricordiamolo a scanso d\u2019equivoci, non \u00e8 detto che sia una strada percorribile) di poter impiegare il personale militare in ausiliaria residente nel nostro Comune.<\/p>\n<p style=\"text-align: justify;\">Per chi non \u00e8 avvezzo ai termini burocratici, iniziamo spiegando cosa significa personale militare in ausiliaria: \u00e8 tutto quel personale delle Forze Armate che non si trova pi\u00f9 in servizio attivo ma non \u00e8 nemmeno definitivamente in pensione, il periodo che intercorre tra queste due posizioni di stato viene definito ausiliaria.<\/p>\n<p style=\"text-align: justify;\">Nella fattispecie, grazie ad una iniziativa promossa dal Ministro della Difesa, le pubbliche amministrazioni potranno chiedere al dicastero se ci sono tra le Forze Armate professionisti in ausiliaria, come ad esempio medici, ingegneri, biologi, e chiamarli in supporto dell\u2019amministrazione per i 5 anni previsti prima del definitivo collocamento in pensione, senza alcun costo aggiuntivo.<\/p>\n<p style=\"text-align: justify;\">Per concludere, sappiamo che il Sindaco si \u00e8 messo subito all\u2019opera senza indugio dopo avergli prospettato questa possibilit\u00e0 a molti sconosciuta, da poco introdotta e a nostro avviso poco pubblicizzata. Siamo certi che una volta ricevuta risposta non esiter\u00e0 ad informare la cittadinanza intera. D\u2019altronde, sfidiamo qualunque imprenditore o amministratore pubblico a rifiutare del personale qualificato al proprio servizio stipendiato da altri.<\/p>\n<p style=\"text-align: justify;\">Senza presunzione alcuna, giova ricordare che si pu\u00f2 essere parte attiva della propria citt\u00e0 anche da semplice cittadino, senza uno scranno da consigliere e senza tessere di partito; il mondo, in questo caso il tuo paese, cambia con il tuo esempio non con la tua opinione.<\/p>\n<p style=\"text-align: right;\"><strong>Gianluca Marini<\/strong><\/p>\n","protected":false},"excerpt":{"rendered":"<p><img loading=\"lazy\" decoding=\"async\" src=\"https:\/\/live.staticflickr.com\/65535\/48318383351_c65f2a03d0_o.jpg\" alt=\"ministro trenta\" width=\"225\" height=\"225\" \/><\/p>\n","protected":false},"author":1,"featured_media":0,"comment_status":"open","ping_status":"closed","sticky":false,"template":"","format":"standard","meta":{"colormag_page_container_layout":"default_layout","colormag_page_sidebar_layout":"default_layout","footnotes":""},"categories":[7],"tags":[],"class_list":["post-16768","post","type-post","status-publish","format-standard","hentry","category-attualita"],"_links":{"self":[{"href":"https:\/\/archivioturi.lavocedelpaese.info\/index.php\/wp-json\/wp\/v2\/posts\/16768","targetHints":{"allow":["GET"]}}],"collection":[{"href":"https:\/\/archivioturi.lavocedelpaese.info\/index.php\/wp-json\/wp\/v2\/posts"}],"about":[{"href":"https:\/\/archivioturi.lavocedelpaese.info\/index.php\/wp-json\/wp\/v2\/types\/post"}],"author":[{"embeddable":true,"href":"https:\/\/archivioturi.lavocedelpaese.info\/index.php\/wp-json\/wp\/v2\/users\/1"}],"replies":[{"embeddable":true,"href":"https:\/\/archivioturi.lavocedelpaese.info\/index.php\/wp-json\/wp\/v2\/comments?post=16768"}],"version-history":[{"count":0,"href":"https:\/\/archivioturi.lavocedelpaese.info\/index.php\/wp-json\/wp\/v2\/posts\/16768\/revisions"}],"wp:attachment":[{"href":"https:\/\/archivioturi.lavocedelpaese.info\/index.php\/wp-json\/wp\/v2\/media?parent=16768"}],"wp:term":[{"taxonomy":"category","embeddable":true,"href":"https:\/\/archivioturi.lavocedelpaese.info\/index.php\/wp-json\/wp\/v2\/categories?post=16768"},{"taxonomy":"post_tag","embeddable":true,"href":"https:\/\/archivioturi.lavocedelpaese.info\/index.php\/wp-json\/wp\/v2\/tags?post=16768"}],"curies":[{"name":"wp","href":"https:\/\/api.w.org\/{rel}","templated":true}]}}