{"id":16766,"date":"2019-07-21T14:01:06","date_gmt":"2019-07-21T14:01:06","guid":{"rendered":"https:\/\/archivioturi.lavocedelpaese.info\/index.php\/2019\/07\/21\/arre-formaggi-turi-iscritta-alla-prossima-serie-b\/"},"modified":"2019-07-21T14:01:06","modified_gmt":"2019-07-21T14:01:06","slug":"arre-formaggi-turi-iscritta-alla-prossima-serie-b","status":"publish","type":"post","link":"https:\/\/archivioturi.lavocedelpaese.info\/index.php\/2019\/07\/21\/arre-formaggi-turi-iscritta-alla-prossima-serie-b\/","title":{"rendered":"Arr\u00e8 Formaggi Turi iscritta alla prossima serie B!"},"content":{"rendered":"<p><img loading=\"lazy\" decoding=\"async\" src=\"https:\/\/live.staticflickr.com\/65535\/48318498657_6fd649492b_n.jpg\" alt=\"arre formaggi (2)\" width=\"320\" height=\"213\" \/><\/p>\n<p style=\"text-align: justify;\">Dopo la meritata promozione sul campo del maggio scorso, conquistata in quel di Molfetta, \u00e8 arrivata anche l\u2019ufficialit\u00e0 amministrativa della serie B maschile per l\u2019Arr\u00e8 Formaggi Turi di volley!<\/p>\n<p style=\"text-align: justify;\">L\u2019Asd Revolution Turi del presidente Domenico D\u2019Aprile, infatti, ha completato tutte le procedure di iscrizione presso la Federazione Italiana Pallavolo per la prossima stagione sportiva 2019-20, che vedr\u00e0 dunque la compagine turese ai nastri di partenza del campionato nazionale di serie B.<\/p>\n<p style=\"text-align: justify;\">Fondamentale \u00e8 stata la conferma del main sponsor Arr\u00e8 Formaggi, con Mara e Mimmo Arr\u00e8 che ancora una volta hanno voluto rinnovare l\u2019impegno che ormai li lega da anni con la pallavolo turese, nella speranza di riuscire strada facendo a coinvolgere ulteriori partners commerciali in modo da consolidare la realt\u00e0 pallavolistica turese anche su palcoscenici nazionali come la serie B.<\/p>\n<p style=\"text-align: justify;\">Con la serie B infatti il nome di Turi, dopo sette anni, torner\u00e0 a volare oltre i confini regionali e proprio in questo weekend scopriremo in quale girone e contro quali compagini la squadra turese sar\u00e0 impegnata a partire dal 19 ottobre prossimo, data prevista per la prima di campionato.<\/p>\n<p><img loading=\"lazy\" decoding=\"async\" src=\"https:\/\/live.staticflickr.com\/65535\/48318498947_04a2eed14e_z.jpg\" alt=\"arre formaggi (1)\" style=\"display: block; margin-left: auto; margin-right: auto;\" width=\"640\" height=\"427\" \/><\/p>\n","protected":false},"excerpt":{"rendered":"<p><img loading=\"lazy\" decoding=\"async\" src=\"https:\/\/live.staticflickr.com\/65535\/48318498657_6fd649492b_n.jpg\" alt=\"arre formaggi (2)\" width=\"320\" height=\"213\" \/><\/p>\n","protected":false},"author":1,"featured_media":0,"comment_status":"open","ping_status":"closed","sticky":false,"template":"","format":"standard","meta":{"colormag_page_container_layout":"default_layout","colormag_page_sidebar_layout":"default_layout","footnotes":""},"categories":[5],"tags":[],"class_list":["post-16766","post","type-post","status-publish","format-standard","hentry","category-sport"],"_links":{"self":[{"href":"https:\/\/archivioturi.lavocedelpaese.info\/index.php\/wp-json\/wp\/v2\/posts\/16766","targetHints":{"allow":["GET"]}}],"collection":[{"href":"https:\/\/archivioturi.lavocedelpaese.info\/index.php\/wp-json\/wp\/v2\/posts"}],"about":[{"href":"https:\/\/archivioturi.lavocedelpaese.info\/index.php\/wp-json\/wp\/v2\/types\/post"}],"author":[{"embeddable":true,"href":"https:\/\/archivioturi.lavocedelpaese.info\/index.php\/wp-json\/wp\/v2\/users\/1"}],"replies":[{"embeddable":true,"href":"https:\/\/archivioturi.lavocedelpaese.info\/index.php\/wp-json\/wp\/v2\/comments?post=16766"}],"version-history":[{"count":0,"href":"https:\/\/archivioturi.lavocedelpaese.info\/index.php\/wp-json\/wp\/v2\/posts\/16766\/revisions"}],"wp:attachment":[{"href":"https:\/\/archivioturi.lavocedelpaese.info\/index.php\/wp-json\/wp\/v2\/media?parent=16766"}],"wp:term":[{"taxonomy":"category","embeddable":true,"href":"https:\/\/archivioturi.lavocedelpaese.info\/index.php\/wp-json\/wp\/v2\/categories?post=16766"},{"taxonomy":"post_tag","embeddable":true,"href":"https:\/\/archivioturi.lavocedelpaese.info\/index.php\/wp-json\/wp\/v2\/tags?post=16766"}],"curies":[{"name":"wp","href":"https:\/\/api.w.org\/{rel}","templated":true}]}}