{"id":16753,"date":"2019-07-16T06:41:09","date_gmt":"2019-07-16T06:41:09","guid":{"rendered":"https:\/\/archivioturi.lavocedelpaese.info\/index.php\/2019\/07\/16\/primi-scossoni-in-maggioranza\/"},"modified":"2019-07-16T06:41:09","modified_gmt":"2019-07-16T06:41:09","slug":"primi-scossoni-in-maggioranza","status":"publish","type":"post","link":"https:\/\/archivioturi.lavocedelpaese.info\/index.php\/2019\/07\/16\/primi-scossoni-in-maggioranza\/","title":{"rendered":"Primi scossoni in maggioranza\u2026"},"content":{"rendered":"<p><img loading=\"lazy\" decoding=\"async\" src=\"https:\/\/live.staticflickr.com\/65535\/48268154926_70f52dc4c5_n.jpg\" alt=\"angelo palmisano\" width=\"263\" height=\"320\" \/><\/p>\n<p style=\"text-align: center;\"><strong>Palmisano: \u201cPer Tina Resta non sar\u00e0 facile gestire il fronte degli indipendenti\u201d<\/strong><\/p>\n<p style=\"text-align: justify;\">Insieme ad Angelo Palmisano affrontiamo i temi pi\u00f9 dibattuti della settimana politica. Iniziamo con l\u2019indiscrezione del primo \u201cscossone\u201d in maggioranza: il consigliere Teresita De Florio ha rinunciato alle deleghe ricevute. Le motivazioni non sono trapelate e, come abbiamo scritto nelle pagine precedenti, si dovr\u00e0 attendere il prossimo Consiglio comunale per chiarire i dettagli della vicenda.<\/p>\n<p style=\"text-align: justify;\">A seguire facciamo luce sulla denuncia del dott. Giuseppe De Novellis, raccolta da Mistral Tv, a riguardo del mancato smaltimento delle macerie dell\u2019ex ospedale. Dalla ricostruzione fornita dal capogruppo dell\u2019opposizione, quanto dichiarato appare un abbaglio, giacch\u00e9 si dimenticano le prescrizioni dell\u2019Autorit\u00e0 di Bacino che impose di creare quelle \u201ccollinette\u201d con il materiale da risulta per \u201cricreare\u201d la morfologia originaria della lama.<\/p>\n<p style=\"text-align: justify;\">Per concludere un parere sulla Presidenza del Consiglio e sulle prospettive della Festa di Sant\u2019Oronzo.<\/p>\n<p style=\"text-align: justify;\">&nbsp;<\/p>\n<p style=\"text-align: justify;\"><strong>I malumori che avete evidenziato pare siano arrivati a creare una \u201crottura\u201d in maggioranza.<\/strong><\/p>\n<p style=\"text-align: justify;\">\u00abDa quanto so, c\u2019\u00e8 qualcuno che sta cominciando a metabolizzare le conseguenze della vittoria di \u201cTuRinasce\u201d. Se si analizzano i voti, quattro candidati indipendenti (Topputi, De Carolis, Resta e De Florio) hanno raccolto 2500 voti permettendo la vittoria della lista. Di questi quattro, solo due hanno avuto un posto in Giunta; viceversa, gli altri partiti, pur avendo eletto un numero inferiore di consiglieri, sono stati premiati con un assessorato. A questo si aggiunge il \u201ccaso politico\u201d di Fratelli d\u2019Italia che ha optato per un assessorato esterno, ripescando chi non era stato eletto.<\/p>\n<p style=\"text-align: justify;\">In sintesi, chi ha ottenuto un numero determinante di voti resta in panchina, chi non ha avuto la fiducia dei cittadini gioca da titolare. Sfido chiunque a digerire questo paradosso. Ecco perch\u00e9 appare sempre pi\u00f9 evidente che per Tina Resta non sar\u00e0 facile gestire il \u201cfronte degli indipendenti\u201d\u00bb.<\/p>\n<p style=\"text-align: justify;\">&nbsp;<\/p>\n<p style=\"text-align: justify;\"><strong>La sua opinione sull\u2019ipotesi di introdurre la Presidenza del Consiglio comunale?<\/strong><\/p>\n<p style=\"text-align: justify;\">\u00abTuri non ha bisogno di questo ruolo, le cui mansioni possono essere gestite dal sindaco come \u00e8 accaduto finora. \u00c8 una figura che \u00e8 diventata essenziale per la \u201cvita politica\u201d di questo governo, non per quella amministrativa: qualcuno, scontento della ripartizione degli incarichi, ha tirato fuori questa proposta obbrobriosa, che munge una vacca che si chiama Comune, danneggiando i cittadini. Infatti, non bisogna pensare che tutto si esaurisca con l\u2019indennit\u00e0, vanno considerati tutti i rimborsi spesa legati alla Presidenza che potremmo trovarci a pagare.<\/p>\n<p style=\"text-align: justify;\">\u201cPatto per Turi\u201d era pronto a tagliare le indennit\u00e0 a fini sociali, \u201cTuRinasce\u201d sta dimostrando di avere come missione quella di aumentare il costo della macchina amministrativa. E a proposito di spese, faccio notare che abbiamo un assessore, Sandro Laera, che sta percependo uno stipendio senza aver mai messo piede in Comune. Sarebbe stata cosa giusta che Tina Resta trattenesse le deleghe di Laera, e non altre, in attesa del suo rientro. Questo vuol dire operare nell\u2019interesse comune\u00bb.<\/p>\n<p style=\"text-align: justify;\">&nbsp;<\/p>\n<p style=\"text-align: justify;\"><strong>Il sindaco ha invitato a leggere l\u2019istituzione della Presidenza come la volont\u00e0 di non accentrare tutto nelle proprie mani.<\/strong><\/p>\n<p style=\"text-align: justify;\">\u00abSe questo \u00e8 l\u2019obiettivo, non si spiega perch\u00e9 abbia deciso di prendere sulle sue spalle il peso delle tre deleghe pi\u00f9 importanti nella vita amministrativa dell\u2019ente. Ad ogni modo, visto che Tina Resta vuole essere il \u201csindaco di tutti\u201d, faccio una proposta: perch\u00e9 non promuovere un sondaggio sulla sua pagina Facebook per chiedere ai turesi se vogliono o meno la figura del Presidente del Consiglio?\u00bb.<\/p>\n<p style=\"text-align: justify;\">&nbsp;<\/p>\n<p style=\"text-align: justify;\"><strong>Mistral Tv ha sollevato la questione dello smaltimento delle macerie dell\u2019ex ospedale. Visto che all\u2019epoca dei fatti era assessore, pu\u00f2 dirci se la denuncia di De Novellis \u00e8 fondata?<\/strong><\/p>\n<p style=\"text-align: justify;\">\u00abLa demolizione dell\u2019ex ospedale inizi\u00f2 nel 2012 nell\u2019ambito del programma di riqualificazione delle periferie (PIRP). Come assessore ricordo bene che come previsto dal capitolato d\u2019appalto i rifiuti classificati come speciali \u2013 a titolo d\u2019esempio ferro, guaine e ceramiche \u2013 furono smaltiti in discarica. Quelli riutilizzabili, come ad esempio il calcestruzzo, in virt\u00f9 della legge sull\u2019abbattimento dei flussi e dei costi del conferimento in discarica, vennero impiegati per colmare l\u2019avvallamento dell\u2019area dove sorgevano i pilastri della struttura, che era sottoposta rispetto al livello stradale. Per inciso, fu data anche l\u2019indicazione di recuperare i mattoni forati per realizzare i viali.<\/p>\n<p style=\"text-align: justify;\">Le collinette che sono state create nel parco di via Conversano rispondono a precise prescrizioni dell\u2019Autorit\u00e0 di Bacino, che portarono all\u2019approvazione di una variante al progetto iniziale al fine di rimodulare la cartografia dell\u2019area, ripristinandone la morfologia originaria in modo che, in caso di alluvione, si sarebbe consentito all\u2019acqua di defluire nel modo pi\u00f9 naturale verso il letto della lama attigua.<\/p>\n<p style=\"text-align: justify;\">Temo che la denuncia di De Novellis non sia fondata. Tuttavia, poich\u00e9 la memoria pu\u00f2 tradire, faremo una verifica dell\u2019incartamento e del capitolato d\u2019appalto\u00bb.<\/p>\n<p style=\"text-align: justify;\">&nbsp;<\/p>\n<p style=\"text-align: justify;\"><strong>Altro tema della settimana \u00e8 la Festa di Sant\u2019Oronzo. Cosa ne pensa della scelta di individuare Livio Lerede come presidente del Comitato?<\/strong><\/p>\n<p style=\"text-align: justify;\">\u00abInnanzitutto, devo fare il mio in bocca a lupo a Livio, cui riconosco il coraggio di aver preso in mano l\u2019organizzazione della Festa di Sant\u2019Oronzo, che \u00e8 tutt\u2019altra cosa rispetto alla Sagra della Ciliegia. Nella Sagra si possono quantificare in partenza le entrate che grossomodo arriveranno, e quindi \u00e8 possibile calibrare gli investimenti da fare. La Festa patronale, al contrario, impone di assumere impegni di spesa basandosi solo sui 20mila euro che il Comune stanzia, tutto il resto dipende dalla questua, dall\u2019opera volontaria dei turesi che non \u00e8 possibile determinare in partenza.<\/p>\n<p style=\"text-align: justify;\">A questa \u2018ordinaria\u2019 difficolt\u00e0 della Festa Patronale, quest\u2019anno si aggiunge un debito pregresso su cui \u201cPatto per Turi\u201d chieder\u00e0 conto: da quello che abbiamo potuto capire siamo intorno ai 35mila euro, ma vogliamo sapere a quanto ammonta con precisione e a quale gestione vada imputato\u00bb.<\/p>\n<p style=\"text-align: justify;\">&nbsp;<\/p>\n<p style=\"text-align: justify;\"><strong>Come si ripiana questo debito?<\/strong><\/p>\n<p style=\"text-align: justify;\">\u00abSe si vuole essere seri nei confronti della cittadinanza, serve onest\u00e0. Bisogner\u00e0 spiegare ai cittadini che si organizzer\u00e0 una festa in tono minore al fine di onorare pi\u00f9 della met\u00e0 dei debiti contratti; da qui si deve ripartire per programmare gli eventi successivi. Altra ipotesi di lavoro \u00e8 svecchiare il format della festa, magari rinunciando al cantante live, che \u00e8 poi la voce che pesa maggiormente nel bilancio dei festeggiamenti\u00bb.<\/p>\n<p style=\"text-align: justify;\">&nbsp;<\/p>\n<p style=\"text-align: justify;\"><strong>La \u201cFondazione Sant\u2019Oronzo\u201d, proposta da De Grisantis, potrebbe essere una soluzione valida?<\/strong><\/p>\n<p style=\"text-align: justify;\">\u00abAll\u2019inizio non mi convinceva ma, alla luce di quanto accaduto negli ultimi anni, la trovo interessante. La Fondazione permetterebbe di avere una struttura consolidata che lavori tutto l\u2019anno a una serie di iniziative per valorizzare non solo la Festa ma anche il nostro territorio, la nostra cultura, la storia e i luoghi legati a Sant\u2019Oronzo.<\/p>\n<p style=\"text-align: justify;\">In questa prospettiva, si potrebbe creare un salvadanaio permanente, recependo anche i fondi dell\u20198 per mille, che consentirebbe di sostenere i costi della Festa con serenit\u00e0, rinunciando anche al finanziamento comunale che potrebbe essere utilizzato per altre esigenze della collettivit\u00e0.<\/p>\n<p style=\"text-align: justify;\">L\u2019unica prudenza che andrebbe usata \u00e8 quella di evitare che la Fondazione si lasci influenzare dalla politica o diventi essa stessa uno strumento per perseguire scopi meno nobili\u00bb.<\/p>\n<p style=\"text-align: right;\"><strong>FD<\/strong><\/p>\n","protected":false},"excerpt":{"rendered":"<p><img loading=\"lazy\" decoding=\"async\" src=\"https:\/\/live.staticflickr.com\/65535\/48268154926_70f52dc4c5_n.jpg\" alt=\"angelo palmisano\" width=\"263\" height=\"320\" \/><\/p>\n","protected":false},"author":1,"featured_media":0,"comment_status":"open","ping_status":"closed","sticky":false,"template":"","format":"standard","meta":{"colormag_page_container_layout":"default_layout","colormag_page_sidebar_layout":"default_layout","footnotes":""},"categories":[4],"tags":[],"class_list":["post-16753","post","type-post","status-publish","format-standard","hentry","category-politica"],"_links":{"self":[{"href":"https:\/\/archivioturi.lavocedelpaese.info\/index.php\/wp-json\/wp\/v2\/posts\/16753","targetHints":{"allow":["GET"]}}],"collection":[{"href":"https:\/\/archivioturi.lavocedelpaese.info\/index.php\/wp-json\/wp\/v2\/posts"}],"about":[{"href":"https:\/\/archivioturi.lavocedelpaese.info\/index.php\/wp-json\/wp\/v2\/types\/post"}],"author":[{"embeddable":true,"href":"https:\/\/archivioturi.lavocedelpaese.info\/index.php\/wp-json\/wp\/v2\/users\/1"}],"replies":[{"embeddable":true,"href":"https:\/\/archivioturi.lavocedelpaese.info\/index.php\/wp-json\/wp\/v2\/comments?post=16753"}],"version-history":[{"count":0,"href":"https:\/\/archivioturi.lavocedelpaese.info\/index.php\/wp-json\/wp\/v2\/posts\/16753\/revisions"}],"wp:attachment":[{"href":"https:\/\/archivioturi.lavocedelpaese.info\/index.php\/wp-json\/wp\/v2\/media?parent=16753"}],"wp:term":[{"taxonomy":"category","embeddable":true,"href":"https:\/\/archivioturi.lavocedelpaese.info\/index.php\/wp-json\/wp\/v2\/categories?post=16753"},{"taxonomy":"post_tag","embeddable":true,"href":"https:\/\/archivioturi.lavocedelpaese.info\/index.php\/wp-json\/wp\/v2\/tags?post=16753"}],"curies":[{"name":"wp","href":"https:\/\/api.w.org\/{rel}","templated":true}]}}