{"id":16751,"date":"2019-07-15T08:52:11","date_gmt":"2019-07-15T08:52:11","guid":{"rendered":"https:\/\/archivioturi.lavocedelpaese.info\/index.php\/2019\/07\/15\/festa-di-santoronzo-marinuccio-nominato-presidente-onorario\/"},"modified":"2019-07-15T08:52:11","modified_gmt":"2019-07-15T08:52:11","slug":"festa-di-santoronzo-marinuccio-nominato-presidente-onorario","status":"publish","type":"post","link":"https:\/\/archivioturi.lavocedelpaese.info\/index.php\/2019\/07\/15\/festa-di-santoronzo-marinuccio-nominato-presidente-onorario\/","title":{"rendered":"Festa di Sant\u2019Oronzo, Marinuccio nominato presidente onorario"},"content":{"rendered":"<p><img loading=\"lazy\" decoding=\"async\" src=\"https:\/\/live.staticflickr.com\/65535\/48268162982_2f00cc817a_n.jpg\" alt=\"livio lerede e marinuccio\" width=\"320\" height=\"180\" \/><\/p>\n<p style=\"text-align: center;\"><strong>Definito il Direttivo, Livio Lerede si prepara all\u2019incontro con i cittadini <br \/>per raccogliere adesioni e proposte<\/strong><\/p>\n<p style=\"text-align: justify;\">Prosegue spedita la macchina organizzativa delle celebrazioni in onore di Sant\u2019Oronzo, che quest\u2019anno saranno guidate da Livio Lerede.<\/p>\n<p style=\"text-align: justify;\">Come anticipato, questa settimana \u00e8 stato definito l\u2019organico del nuovo Comitato Festa Patronale. Il Direttivo \u00e8 composto dallo stesso Livio Lerede (presidente), affiancato da Domenico Tria (vicepresidente), Nuccio Gargano (segretario), Carmelo Lerede (tesoriere) e dai tre consiglieri Andrea Saffi, Beppe Coppi e Antonio Maggiolini.<\/p>\n<p style=\"text-align: justify;\">\u00abAll&#8217;unanimit\u00e0 \u2013 ci rivela Livio Lerede \u2013 la prima delibera del Comitato \u00e8 stata quella di nominare Gianmaria Di Venere presidente onorario. Un gesto che vuole testimoniare la nostra stima per Marinuccio, che siamo certi ci affiancher\u00e0 anche in questa sfida. Un tributo alla sua impagabile dedizione, che lo ha motivato a spendersi per onorare al meglio Sant\u2019Oronzo\u00bb.<\/p>\n<p style=\"text-align: justify;\">Dalle prime indicazioni raccolte nella chiacchierata con Livio Lerede, ci pare di scorgere gi\u00e0 un importante elemento di discontinuit\u00e0: la scelta di condividere in assoluta trasparenza ogni fase della Festa, ad iniziare dalla programmazione. Quella che si prefigura \u00e8 dunque una \u201cfesta collettiva\u201d, con il Comitato che apre le proprie porte, pronto a coinvolgere tutti i cittadini che siano disposti a mettersi in gioco.<\/p>\n<p style=\"text-align: justify;\">&nbsp;<\/p>\n<p style=\"text-align: justify;\"><strong>Qualche anticipazione sul programma della Festa?<\/strong><\/p>\n<p style=\"text-align: justify;\">\u00abUna bozza di programma \u00e8 stata approntata. Abbiamo delle scadenze legate a bandi regionali e quindi dovevano necessariamente avviare il tutto. La prossima settimana, dopo aver raccolto proposte e adesioni dei cittadini, saremo pronti a condividere i primi punti del palinsesto dei festeggiamenti religiosi e civili. Posso anticipare che, pur muovendoci nel solco della tradizione, non mancheremo di apportare alcune novit\u00e0 che siamo certi sorprenderanno positivamente i turesi\u00bb.<\/p>\n<p style=\"text-align: justify;\">&nbsp;<\/p>\n<p style=\"text-align: justify;\"><strong>Quando incontrer\u00e0 i cittadini?<\/strong><\/p>\n<p style=\"text-align: justify;\">\u00abL&#8217;appuntamento \u00e8 per mercoled\u00ec 17, alle ore 20.00 presso Casa delle Idee. Incontrer\u00f2 chiunque voglia dare una mano o sia interessato a far parte del Comitato. Sar\u00e0 una riunione organizzativa, in cui raccoglieremo adesioni e proposte e definiremo il lavoro, scandendo le tappe del percorso che ci porter\u00e0 al 15 agosto, giorno di apertura della Festa Patronale\u00bb.<\/p>\n<p style=\"text-align: justify;\">&nbsp;<\/p>\n<p style=\"text-align: justify;\"><strong>Sono iniziate le attivit\u00e0 di raccolta fondi?<\/strong><\/p>\n<p style=\"text-align: justify;\">\u00abLa questua inizier\u00e0 sicuramente la settimana dopo la Madonna del Carmine. Il mio invito ai turesi \u00e8 quello di esserci vicini, di darci fiducia e credere nel cammino che stiamo iniziando insieme. La Festa \u00e8 l&#8217;identit\u00e0 del paese e noi vogliamo tutelarla e valorizzarla, affinch\u00e9 diventi un patrimonio di cui ogni cittadino possa essere fiero\u00bb.<\/p>\n<p style=\"text-align: right;\"><strong>FD<\/strong><\/p>\n","protected":false},"excerpt":{"rendered":"<p><img loading=\"lazy\" decoding=\"async\" src=\"https:\/\/live.staticflickr.com\/65535\/48268162982_2f00cc817a_n.jpg\" alt=\"livio lerede e marinuccio\" width=\"320\" height=\"180\" \/><\/p>\n","protected":false},"author":1,"featured_media":0,"comment_status":"open","ping_status":"closed","sticky":false,"template":"","format":"standard","meta":{"colormag_page_container_layout":"default_layout","colormag_page_sidebar_layout":"default_layout","footnotes":""},"categories":[7],"tags":[],"class_list":["post-16751","post","type-post","status-publish","format-standard","hentry","category-attualita"],"_links":{"self":[{"href":"https:\/\/archivioturi.lavocedelpaese.info\/index.php\/wp-json\/wp\/v2\/posts\/16751","targetHints":{"allow":["GET"]}}],"collection":[{"href":"https:\/\/archivioturi.lavocedelpaese.info\/index.php\/wp-json\/wp\/v2\/posts"}],"about":[{"href":"https:\/\/archivioturi.lavocedelpaese.info\/index.php\/wp-json\/wp\/v2\/types\/post"}],"author":[{"embeddable":true,"href":"https:\/\/archivioturi.lavocedelpaese.info\/index.php\/wp-json\/wp\/v2\/users\/1"}],"replies":[{"embeddable":true,"href":"https:\/\/archivioturi.lavocedelpaese.info\/index.php\/wp-json\/wp\/v2\/comments?post=16751"}],"version-history":[{"count":0,"href":"https:\/\/archivioturi.lavocedelpaese.info\/index.php\/wp-json\/wp\/v2\/posts\/16751\/revisions"}],"wp:attachment":[{"href":"https:\/\/archivioturi.lavocedelpaese.info\/index.php\/wp-json\/wp\/v2\/media?parent=16751"}],"wp:term":[{"taxonomy":"category","embeddable":true,"href":"https:\/\/archivioturi.lavocedelpaese.info\/index.php\/wp-json\/wp\/v2\/categories?post=16751"},{"taxonomy":"post_tag","embeddable":true,"href":"https:\/\/archivioturi.lavocedelpaese.info\/index.php\/wp-json\/wp\/v2\/tags?post=16751"}],"curies":[{"name":"wp","href":"https:\/\/api.w.org\/{rel}","templated":true}]}}